{"id":98562,"date":"2013-12-11T15:13:29","date_gmt":"2013-12-11T15:13:29","guid":{"rendered":"http:\/\/diariodominicano.ddns.net\/?p=98562"},"modified":"2013-12-11T15:13:29","modified_gmt":"2013-12-11T15:13:29","slug":"presidente-danilo-medina-inaugura-circunvalacion-la-romana-obra-que-forma-parte-del-corredor-vial-turistico-del-este","status":"publish","type":"post","link":"https:\/\/diariodominicano.com\/?p=98562","title":{"rendered":"Presidente Danilo Medina inaugura Circunvalaci\u00f3n La Romana; obra que forma parte del Corredor Vial Tur\u00edstico del Este.&#13;"},"content":{"rendered":"<p><body><\/p>\n<p><img decoding=\"async\" src=\"img3\/corta 11.jpg\" \/>  <\/p>\n<p>La Romana RD 11 diciembre.- Con la presencia del presidente Danilo Medina, el ministerio de Obras P\u00fablicas y Comunicaciones (MOPC) inaugur\u00f3 este mi\u00e9rcoles la Circunvalaci\u00f3n La Romana, obra que forma parte del Corredor Vial Tur\u00edstico del Este.<\/p>\n<\/p>\n<p>La actividad se realiz\u00f3 en el puente sobre el R\u00edo Dulce, a las 10:00 de la ma\u00f1ana.<\/p>\n<\/p>\n<p>Al pronunciar el discurso central del acto, el ministro del MOPC, Gonzalo Castillo, inform\u00f3 que la v\u00eda que inicia en la entrada de la ciudad de La Romana, tiene una longitud de 12.7 kil\u00f3metros, y conecta a trav\u00e9s de la Autopista del Coral con el Aeropuerto de La Romana, para cerrar el circuito vial Corredor Tur\u00edstico del Este.<\/p>\n<\/p>\n<p> \u00abEste circuito Vial est\u00e1 llamado a provocar que los turistas que visitan nuestro principal polo tur\u00edstico en el Este, se vinculen m\u00e1s a nuestra cultura y a nuestra gente, como consecuencia de una mejor vialidad que les permite integrarse en menor tiempo y con mayor seguridad a nuestro entorno y riquezas naturales\u00bb asegur\u00f3 Castillo.<\/p>\n<\/p>\n<p>Indic\u00f3 que la clasificaci\u00f3n de esta carretera es de tipo Autopista Troncal Principal, el volumen de dise\u00f1o es de m\u00e1s de 2 mil veh\u00edculos por d\u00eda, cada carril tiene una longitud de 3.50 metros y con 4 carriles de circulaci\u00f3n para un velocidad de 100 kil\u00f3metros por hora.<\/p>\n<\/p>\n<p> Asimismo, precis\u00f3 que la Circunvalaci\u00f3n Romana tiene, adem\u00e1s, tres distribuidores de tr\u00e1fico del tipo trompeta. Uno es el Distribuidor Autov\u00eda del Este, que da acceso a La Romana. Est\u00e1 compuesto de dos puentes construidos en estructura met\u00e1lica y hormig\u00f3n hidr\u00e1ulico con 30 metros de longitud.<\/p>\n<\/p>\n<p>El Distribuidor de acceso a Villa Hermosa que conecta esa localidad con La Romana. Es del tipo caj\u00f3n con una extensi\u00f3n de 7.20 metros y el Distribuidor El Seibo de tipo tr\u00e9bol parcial de dos lazos, incluyen un puente construido en estructura met\u00e1lica y hormig\u00f3n hidr\u00e1ulico con una longitud de 30 metros que  conecta la v\u00eda a El Seibo y La Romana.<\/p>\n<\/p>\n<p> Adem\u00e1s, de dos Puentes sobre la L\u00ednea F\u00e9rrea Uveral- Guaymate.<\/p>\n<\/p>\n<p>\u00abCon esta inauguraci\u00f3n en el d\u00eda de hoy de esta v\u00eda, se completa la Fase I del Circuito Vial del Este, quedando sentadas las bases para que todo el turismo de la regi\u00f3n, se vincule a esta provincia de La Romana,  brindando as\u00ed una oportunidad  para que la misma pueda desarrollar servicios diversos para ofrecer a los millones de turistas que visitan las zonas de Punta Cana, B\u00e1varo, Cabeza de Toro, Macao, y Uvero alto entre otros\u00bb sostuvo.<\/p>\n<\/p>\n<p>El titular de Obras P\u00fablicas explic\u00f3 que la v\u00eda tiene una divisi\u00f3n central con muros de tipo New Jersey con drenaje transversal, tuber\u00edas para alcantarillas, as\u00ed como cunetas, bordillos y contenes para aliviar las aguas longitudinalmente.<\/p>\n<\/p>\n<p>A la Circunvalaci\u00f3n La Romana  se le colocaron 4 pulgadas de espesor de material asf\u00e1ltico, y posterior fue se\u00f1alizado vertical y horizontalmente para un periodo de duraci\u00f3n de 10 a\u00f1os con mantenimiento preventivo.<\/p>\n<\/p>\n<p>Precis\u00f3 que con la terminaci\u00f3n de la Circunvalaci\u00f3n La Romana, se cumple con el deseo del presidente Danilo Medina de promover el desarrollo de las zonas tur\u00edsticas y las provincias que componen la regi\u00f3n Este.<\/p>\n<\/p>\n<p>La v\u00eda beneficia de manera directa a los usuarios con la reducci\u00f3n del tiempo de recorrido hacia las zonas hoteleras, y el consumo de combustible, al tiempo que impacta positivamente  el comercio en general.  <\/p>\n<\/p>\n<p>Acompa\u00f1aron al presidente Danilo Medina, en la mesa principal, los empresarios hoteleros Frank Rainieri y Ernesto Veloz, el presidente de la Asociaci\u00f3n de Hoteles y Turismo de la Rep\u00fablica Dominicana (ASONAHORES), Luis Emilio Rodr\u00edguez Amiama y el s\u00edndico del municipio Santo Domingo Este, Juan de los Santos. Tambi\u00e9n el gobernador provincial Juan Jos\u00e9 Santana y la alcaldesa, Maritza Suero. Adem\u00e1s de los representantes de las empresas contratistas Odebrecht y Moya; Marco Cruz y Diego Hugo de Moya respectivamente. La bendici\u00f3n estuvo a cargo del obispo de la provincia La Altagracia, Nicanor Pe\u00f1a.<\/p>\n<\/p>\n<h6> 2013-12-11 15:13:29 <\/h6>\n<p><!--\n<link rel=\"stylesheet\" href=\"css\/bootstrap.min.css\">\n\n\n<ul class=\"pagination\">\n\t    \n\t\n\n<li >\n\t<a href='?page_no=14106'>Previous<\/a>\n\t<\/li>\n\n\n       \n    \n\n<li><a href='?page_no=1'>1<\/a><\/li>\n\n\n\n<li><a href='?page_no=2'>2<\/a><\/li>\n\n\n\n<li><a>...<\/a><\/li>\n\n\n\n<li><a href='?page_no=14105'>14105<\/a><\/li>\n\n\n\n<li><a href='?page_no=14106'>14106<\/a><\/li>\n\n\n\n<li class='active'><a>14107<\/a><\/li>\n\n\n\n<li><a href='?page_no=14108'>14108<\/a><\/li>\n\n\n\n<li><a href='?page_no=14109'>14109<\/a><\/li>\n\n\n\n<li><a>...<\/a><\/li>\n\n\n\n<li><a href='?page_no=30472'>30472<\/a><\/li>\n\n\n\n<li><a href='?page_no=30473'>30473<\/a><\/li>\n\n    \n\t\n\n<li >\n\t<a href='?page_no=14108'>Next<\/a>\n\t<\/li>\n\n\n    \n\n<li><a href='?page_no=30473'>Last &rsaquo;&rsaquo;<\/a><\/li>\n\n<\/ul>\n\n\n--><br \/>\n<\/body><\/p>\n","protected":false},"excerpt":{"rendered":"<p>La Romana RD 11 diciembre.- Con la presencia del presidente Danilo Medina, el ministerio de Obras P\u00fablicas y Comunicaciones (MOPC) inaugur\u00f3 este mi\u00e9rcoles la Circunvalaci\u00f3n La Romana, obra que forma parte del Corredor Vial Tur\u00edstico del Este. La actividad se realiz\u00f3 en el puente sobre el R\u00edo Dulce, a las 10:00 de la ma\u00f1ana. Al [&hellip;]<\/p>\n","protected":false},"author":3,"featured_media":0,"comment_status":"open","ping_status":"open","sticky":false,"template":"","format":"standard","meta":{"footnotes":""},"categories":[18],"tags":[],"class_list":["post-98562","post","type-post","status-publish","format-standard","hentry","category-economia"],"_links":{"self":[{"href":"https:\/\/diariodominicano.com\/index.php?rest_route=\/wp\/v2\/posts\/98562","targetHints":{"allow":["GET"]}}],"collection":[{"href":"https:\/\/diariodominicano.com\/index.php?rest_route=\/wp\/v2\/posts"}],"about":[{"href":"https:\/\/diariodominicano.com\/index.php?rest_route=\/wp\/v2\/types\/post"}],"author":[{"embeddable":true,"href":"https:\/\/diariodominicano.com\/index.php?rest_route=\/wp\/v2\/users\/3"}],"replies":[{"embeddable":true,"href":"https:\/\/diariodominicano.com\/index.php?rest_route=%2Fwp%2Fv2%2Fcomments&post=98562"}],"version-history":[{"count":0,"href":"https:\/\/diariodominicano.com\/index.php?rest_route=\/wp\/v2\/posts\/98562\/revisions"}],"wp:attachment":[{"href":"https:\/\/diariodominicano.com\/index.php?rest_route=%2Fwp%2Fv2%2Fmedia&parent=98562"}],"wp:term":[{"taxonomy":"category","embeddable":true,"href":"https:\/\/diariodominicano.com\/index.php?rest_route=%2Fwp%2Fv2%2Fcategories&post=98562"},{"taxonomy":"post_tag","embeddable":true,"href":"https:\/\/diariodominicano.com\/index.php?rest_route=%2Fwp%2Fv2%2Ftags&post=98562"}],"curies":[{"name":"wp","href":"https:\/\/api.w.org\/{rel}","templated":true}]}}