{"id":98561,"date":"2013-12-11T15:30:32","date_gmt":"2013-12-11T15:30:32","guid":{"rendered":"http:\/\/diariodominicano.ddns.net\/?p=98561"},"modified":"2013-12-11T15:30:32","modified_gmt":"2013-12-11T15:30:32","slug":"cepal-pronostica-rd-crecera-un-5-en-2014","status":"publish","type":"post","link":"https:\/\/diariodominicano.com\/?p=98561","title":{"rendered":"CEPAL pronostica RD crecer\u00e1 un 5% en 2014"},"content":{"rendered":"<p><body><\/p>\n<p><img decoding=\"async\" src=\"img3\/cepal 11.jpg\" \/>  <\/p>\n<p>Santo Domingo RD 11 diciembre.- Rep\u00fablica Dominicana crecer\u00e1 5% para 2014, en tanto que los pa\u00edses de Am\u00e9rica Latina crecer\u00e1n 3,2% en 2014, marcando un avance respecto del 2,6% registrado este a\u00f1o, aunque menor a lo previsto por un reducci\u00f3n del consumo, report\u00f3 este mi\u00e9rcoles la Cepal.<\/p>\n<\/p>\n<p>En su Balance Preliminar de las Econom\u00edas de Am\u00e9rica Latina y el Caribe el organismo prev\u00e9 un entorno externo m\u00e1s favorable, pero con persistencia de volatilidad financiera y nuevos desaf\u00edos de pol\u00edtica macroecon\u00f3mica.<\/p>\n<\/p>\n<p>En su reporte anual Balance Preliminar de las Econom\u00edas de Am\u00e9rica Latina y el Caribe 2013, la CEPAL se\u00f1ala que un menor dinamismo de la demanda externa, una mayor volatilidad financiera internacional y una ca\u00edda en el consumo fueron los factores que incidieron en un desempe\u00f1o econ\u00f3mico m\u00e1s modesto de los pa\u00edses en 2013, lo que hizo caer la estimaci\u00f3n de 3,0% prevista por el organismo en julio pasado.<\/p>\n<\/p>\n<p>Para el pr\u00f3ximo a\u00f1o se espera que un entorno externo moderadamente m\u00e1s favorable contribuya a aumentar la demanda externa y, por lo tanto, las exportaciones de la regi\u00f3n. Asimismo, el consumo privado continuar\u00e1 expandi\u00e9ndose, aunque a tasas inferiores que en per\u00edodos anteriores, mientras que se mantiene el desaf\u00edo de aumentar la inversi\u00f3n en la regi\u00f3n.   <\/p>\n<\/p>\n<p>\u00abEl escenario de la econom\u00eda mundial en 2014 le plantea a Am\u00e9rica Latina y el Caribe oportunidades y amenazas\u00bb, se\u00f1al\u00f3 Alicia B\u00e1rcena, Secretaria Ejecutiva de la CEPAL, al presentar el informe.  <\/p>\n<\/p>\n<p>\u00abEntre las oportunidades vemos un aumento en el comercio internacional y la posibilidad de aprovechar las depreciaciones cambiarias que se est\u00e1n dando para asegurar cambios sostenidos de los precios relativos. Esto, junto con la implementaci\u00f3n de pol\u00edticas industriales que apoyen el crecimiento, impulsen la integraci\u00f3n regional y atiendan a la peque\u00f1a y mediana empresa, podr\u00eda contribuir a tener mayores inversiones en la diversificaci\u00f3n de la producci\u00f3n del sector transable y a reducir  la heterogeneidad estructural existente en la regi\u00f3n\u00bb, recalc\u00f3 B\u00e1rcena.   <\/p>\n<\/p>\n<p>Entre las amenazas que la regi\u00f3n deber\u00e1 enfrentar se encuentran una persistente volatilidad en la econom\u00eda global y un mayor costo del financiamiento externo, as\u00ed como un menor aporte del consumo al crecimiento del producto interno bruto (PIB) y un deterioro de la cuenta corriente regional.<\/p>\n<\/p>\n<p>Seg\u00fan el Balance Preliminar de la Comisi\u00f3n Econ\u00f3mica para Am\u00e9rica Latina y el Caribe (CEPAL), en 2014 el crecimiento regional estar\u00e1 encabezado por Panam\u00e1, con 7%, seguido por Bolivia (5,5%), Per\u00fa (5,5%), Nicaragua (5%), Rep\u00fablica Dominicana (5%), Colombia, Hait\u00ed, Ecuador y Paraguay (los cuatro con 4,5%). Se proyecta que Argentina y Brasil crezcan 2,6%,  Chile y Costa Rica 4%, Guatemala, M\u00e9xico y Uruguay 3,5% y Venezuela 1%.<\/p>\n<\/p>\n<p>El Caribe, en tanto, mostrar\u00e1 una recuperaci\u00f3n el pr\u00f3ximo a\u00f1o con 2,1%, luego de anotar un crecimiento de solo 1,3% en 2013.<\/p>\n<\/p>\n<p>De acuerdo con el informe, el desaf\u00edo principal para los gobiernos de Am\u00e9rica Latina y el Caribe es fomentar pactos sociales para la inversi\u00f3n que estimulen la productividad e impulsen un crecimiento con igualdad. Estos pactos sociales deben tener un marco institucional que entregue certeza y reglas claras, pol\u00edticas de corto plazo que otorguen estabilidad nominal y real, y pol\u00edticas de largo plazo que incentiven una inversi\u00f3n m\u00e1s diversificada en los sectores transables.<\/p>\n<\/p>\n<p>Balance de 2013<\/p>\n<\/p>\n<p>Seg\u00fan la CEPAL, en 2013 el consumo redujo su contribuci\u00f3n al crecimiento regional debido a una desaceleraci\u00f3n de la masa salarial y del cr\u00e9dito. El aporte levemente mayor de la inversi\u00f3n y el menor impacto negativo de las exportaciones netas no pudieron compensar el menor dinamismo del consumo.<\/p>\n<\/p>\n<p>Este a\u00f1o la expansi\u00f3n regional estuvo liderada por Paraguay (13%), seguido por Panam\u00e1 (7,5%), Bolivia (6,4%), Per\u00fa (5,2%), Nicaragua (4,6%), Uruguay (4,5%), Argentina (4,5%) y Chile (4,2%).  <\/p>\n<\/p>\n<p>En materia laboral, la tasa de desempleo se mantuvo pr\u00e1cticamente estable al pasar de 6,4% en 2012 a 6,3% en 2013, ca\u00edda causada por una reducci\u00f3n en la tasa global de participaci\u00f3n. La inflaci\u00f3n, en tanto, se mantuvo en niveles menores a 5% en la mayor parte de pa\u00edses de la regi\u00f3n.<\/p>\n<\/p>\n<p>Un deterioro generalizado de los t\u00e9rminos de intercambio ?propiciado por la continuaci\u00f3n de la ca\u00edda en el precio de los productos b\u00e1sicos- incidi\u00f3 en que el d\u00e9ficit de la cuenta corriente de la balanza de pagos pasara de 1,8% en 2012 a 2,5% del PIB en 2013, principalmente como resultado de un aumento mayor de las importaciones frente a las exportaciones de bienes.<\/p>\n<\/p>\n<p>Ante un panorama de menor inflaci\u00f3n, de desaceleraci\u00f3n del crecimiento econ\u00f3mico y de inestabilidad financiera, numerosos pa\u00edses aplicaron pol\u00edticas moderadamente contrac\u00edclicas dirigidas a sostener la demanda interna y a enfrentar la volatilidad financiera internacional.  Algunos redujeron sus tasas de inter\u00e9s de referencia (excepto Brasil) y otros favorecieron un crecimiento estable de los agregados monetarios, es decir, del dinero total en circulaci\u00f3n dentro de la econom\u00eda.<\/p>\n<\/p>\n<p>Adem\u00e1s la inestabilidad financiera favoreci\u00f3 una menor acumulaci\u00f3n de reservas internacionales y algunos pa\u00edses implementaron medidas macroprudenciales para evitar mayores fluctuaciones cambiarias.<\/p>\n<h6> 2013-12-11 15:30:32 <\/h6>\n<p><!--\n<link rel=\"stylesheet\" href=\"css\/bootstrap.min.css\">\n\n\n<ul class=\"pagination\">\n\t    \n\t\n\n<li >\n\t<a href='?page_no=14105'>Previous<\/a>\n\t<\/li>\n\n\n       \n    \n\n<li><a href='?page_no=1'>1<\/a><\/li>\n\n\n\n<li><a href='?page_no=2'>2<\/a><\/li>\n\n\n\n<li><a>...<\/a><\/li>\n\n\n\n<li><a href='?page_no=14104'>14104<\/a><\/li>\n\n\n\n<li><a href='?page_no=14105'>14105<\/a><\/li>\n\n\n\n<li class='active'><a>14106<\/a><\/li>\n\n\n\n<li><a href='?page_no=14107'>14107<\/a><\/li>\n\n\n\n<li><a href='?page_no=14108'>14108<\/a><\/li>\n\n\n\n<li><a>...<\/a><\/li>\n\n\n\n<li><a href='?page_no=30472'>30472<\/a><\/li>\n\n\n\n<li><a href='?page_no=30473'>30473<\/a><\/li>\n\n    \n\t\n\n<li >\n\t<a href='?page_no=14107'>Next<\/a>\n\t<\/li>\n\n\n    \n\n<li><a href='?page_no=30473'>Last &rsaquo;&rsaquo;<\/a><\/li>\n\n<\/ul>\n\n\n--><br \/>\n<\/body><\/p>\n","protected":false},"excerpt":{"rendered":"<p>Santo Domingo RD 11 diciembre.- Rep\u00fablica Dominicana crecer\u00e1 5% para 2014, en tanto que los pa\u00edses de Am\u00e9rica Latina crecer\u00e1n 3,2% en 2014, marcando un avance respecto del 2,6% registrado este a\u00f1o, aunque menor a lo previsto por un reducci\u00f3n del consumo, report\u00f3 este mi\u00e9rcoles la Cepal. En su Balance Preliminar de las Econom\u00edas de [&hellip;]<\/p>\n","protected":false},"author":3,"featured_media":0,"comment_status":"open","ping_status":"open","sticky":false,"template":"","format":"standard","meta":{"footnotes":""},"categories":[18],"tags":[],"class_list":["post-98561","post","type-post","status-publish","format-standard","hentry","category-economia"],"_links":{"self":[{"href":"https:\/\/diariodominicano.com\/index.php?rest_route=\/wp\/v2\/posts\/98561","targetHints":{"allow":["GET"]}}],"collection":[{"href":"https:\/\/diariodominicano.com\/index.php?rest_route=\/wp\/v2\/posts"}],"about":[{"href":"https:\/\/diariodominicano.com\/index.php?rest_route=\/wp\/v2\/types\/post"}],"author":[{"embeddable":true,"href":"https:\/\/diariodominicano.com\/index.php?rest_route=\/wp\/v2\/users\/3"}],"replies":[{"embeddable":true,"href":"https:\/\/diariodominicano.com\/index.php?rest_route=%2Fwp%2Fv2%2Fcomments&post=98561"}],"version-history":[{"count":0,"href":"https:\/\/diariodominicano.com\/index.php?rest_route=\/wp\/v2\/posts\/98561\/revisions"}],"wp:attachment":[{"href":"https:\/\/diariodominicano.com\/index.php?rest_route=%2Fwp%2Fv2%2Fmedia&parent=98561"}],"wp:term":[{"taxonomy":"category","embeddable":true,"href":"https:\/\/diariodominicano.com\/index.php?rest_route=%2Fwp%2Fv2%2Fcategories&post=98561"},{"taxonomy":"post_tag","embeddable":true,"href":"https:\/\/diariodominicano.com\/index.php?rest_route=%2Fwp%2Fv2%2Ftags&post=98561"}],"curies":[{"name":"wp","href":"https:\/\/api.w.org\/{rel}","templated":true}]}}