{"id":98558,"date":"2013-12-11T18:15:21","date_gmt":"2013-12-11T18:15:21","guid":{"rendered":"http:\/\/diariodominicano.ddns.net\/?p=98558"},"modified":"2013-12-11T18:15:21","modified_gmt":"2013-12-11T18:15:21","slug":"jose-ramon-peralta-lo-mejor-del-gobierno-de-danilo-medina-aun-esta-por-llegar","status":"publish","type":"post","link":"https:\/\/diariodominicano.com\/?p=98558","title":{"rendered":"&#13;Jos\u00e9 Ram\u00f3n Peralta: \u00abLo mejor del gobierno de Danilo Medina a\u00fan est\u00e1 por llegar\u00bb"},"content":{"rendered":"<p><body><\/p>\n<\/p>\n<p>Santo Domingo, RD, 11 de diciembre.- El ministro Administrativo de la Presidencia, Jos\u00e9 Ram\u00f3n Peralta, hizo balance a la gesti\u00f3n del gobierno en 2013, al participar como orador invitado en el almuerzo de cierre del a\u00f1o de la C\u00e1mara Americana de Comercio de la Rep\u00fablica Dominicana. <\/p>\n<\/p>\n<p>Los empresarios asistentes tuvieron as\u00ed ocasi\u00f3n de conocer de primera mano la positiva situaci\u00f3n econ\u00f3mica del pa\u00eds, as\u00ed como sus perspectivas de fortalecimiento y expansi\u00f3n en el pr\u00f3ximo a\u00f1o 2014. <\/p>\n<\/p>\n<p>En su exposici\u00f3n, Peralta destac\u00f3 el equilibrio conseguido entre responsabilidad y estabilidad macroecon\u00f3mica, por un lado, y el combate decidido contra la pobreza y la exclusi\u00f3n, por otro.<\/p>\n<\/p>\n<p>Como resultados de ese manejo responsable, explic\u00f3,  se obtuvo una reducci\u00f3n del d\u00e9ficit fiscal del 6.6% al 1,7%, la estabilidad del peso, el control de la inflaci\u00f3n y la consecuente llegada de capitales extranjeros a la Rep\u00fablica Dominicana. <\/p>\n<\/p>\n<p>\u00abPor supuesto, siempre tuvimos la opci\u00f3n de gastar m\u00e1s, ser menos estrictos con el d\u00e9ficit y exhibir una cifra de crecimiento m\u00e1s llamativa. Sin embargo, no est\u00e1bamos buscando un beneficio coyuntural y pasajero, sino corregir el rumbo del pa\u00eds y lanzar a la comunidad internacional  y a los agentes econ\u00f3micos locales, una se\u00f1al inequ\u00edvoca de nuestra intenci\u00f3n de cambiar;  para mejor y para siempre\u00bb, declar\u00f3 el ministro durante su intervenci\u00f3n. <\/p>\n<\/p>\n<p>Peralta resalt\u00f3 tambi\u00e9n los buenos resultados del sector turismo, cuyos ingresos han aumentado en 6.6% en los primeros nueve meses del a\u00f1o, as\u00ed como los avances realizados en el acceso al cr\u00e9dito, que ha reducido sus tasas, en algunos casos del 24 al 12 por ciento.<\/p>\n<\/p>\n<p>En cuanto a la dimensi\u00f3n social de las pol\u00edticas de gobierno, el ministro destac\u00f3 que el gobierno de Danilo Medina es un gobierno que invierte en su gente y \u00abgasta en lo que tiene que gastar\u00bb. Como ejemplo destacado puso el sector de la educaci\u00f3n, que a partir de la asignaci\u00f3n del 4% est\u00e1 atravesando una expansi\u00f3n sin precedentes, incluyendo la construcci\u00f3n de 10.000 aulas por parte de 900 ingenieros distintos. <\/p>\n<\/p>\n<p>De la misma forma, record\u00f3 que el gobierno est\u00e1 haciendo \u00abm\u00e1s con menos\u00bb y eso ha sido especialmente visible en las obras p\u00fablicas, que ha llevado a la conclusi\u00f3n de numerosas v\u00edas que llevaban a\u00f1os en proceso. \u00abEsto nos permitir\u00e1 el transporte r\u00e1pido de mercanc\u00edas y pasajeros uniendo todo el pa\u00eds, de norte a sur y de este a oeste\u00bb. <\/p>\n<\/p>\n<p>Adem\u00e1s, resalt\u00f3 los proyectos emblem\u00e1ticos de Boca de Cach\u00f3n y La Barquita, que est\u00e1n llamados a convertirse en modelos de desarrollo integral.<\/p>\n<\/p>\n<p>Tambi\u00e9n mencion\u00f3 las visitas del Presidente, que han supuesto una inversi\u00f3n de RD$ 8,600 millones y la creaci\u00f3n, en este a\u00f1o, de unos 33,500 puestos de trabajo. <\/p>\n<\/p>\n<p>Otro sector prioritario ha sido el de los peque\u00f1os y medianos empresarios, pues 59,438 de ellos han recibido cr\u00e9ditos por 3,115 millones de pesos. <\/p>\n<\/p>\n<p>Por otra parte, Peralta explic\u00f3 que el gobierno est\u00e1 trabajando para reducir la informalidad en el sector empresarial. De esta forma, afirm\u00f3: \u00abestamos reforzando un tejido empresarial m\u00e1s justo, sano y din\u00e1mico, abriendo las puertas a una econom\u00eda m\u00e1s diversificada, con nuevos actores y en la que todos pueden competir en igualdad de oportunidades\u00bb.<\/p>\n<\/p>\n<p>Por \u00faltimo, el ministro inst\u00f3 a los miembros de la C\u00e1mara Americana de Comercio a continuar invirtiendo en la Rep\u00fablica Dominicana, mostrando informaciones que hacen prever la continuaci\u00f3n y consolidaci\u00f3n del actual  modelo de desarrollo econ\u00f3mico y declarando que \u00abComenzaremos el 2014 con el dinero suficiente para inyectar m\u00e1s recursos, desde el primer d\u00eda, y consolidar nuestro modelo de crecimiento con justicia social. Apostando, cada vez m\u00e1s, por nuestra gente y por nuestra fuerza productiva\u00bb.<\/p>\n<\/p>\n<p>Jos\u00e9 Ram\u00f3n Peralta cerr\u00f3 su mensaje asegurando que \u00ablo mejor del gobierno de Danilo Medina a\u00fan est\u00e1 por llegar\u00bb y augur\u00f3 a la Rep\u00fablica Dominicana un 2014 de crecimiento y prosperidad. <\/p>\n<\/p>\n<h6> 2013-12-11 18:15:21 <\/h6>\n<p><!--\n<link rel=\"stylesheet\" href=\"css\/bootstrap.min.css\">\n\n\n<ul class=\"pagination\">\n\t    \n\t\n\n<li >\n\t<a href='?page_no=14102'>Previous<\/a>\n\t<\/li>\n\n\n       \n    \n\n<li><a href='?page_no=1'>1<\/a><\/li>\n\n\n\n<li><a href='?page_no=2'>2<\/a><\/li>\n\n\n\n<li><a>...<\/a><\/li>\n\n\n\n<li><a href='?page_no=14101'>14101<\/a><\/li>\n\n\n\n<li><a href='?page_no=14102'>14102<\/a><\/li>\n\n\n\n<li class='active'><a>14103<\/a><\/li>\n\n\n\n<li><a href='?page_no=14104'>14104<\/a><\/li>\n\n\n\n<li><a href='?page_no=14105'>14105<\/a><\/li>\n\n\n\n<li><a>...<\/a><\/li>\n\n\n\n<li><a href='?page_no=30472'>30472<\/a><\/li>\n\n\n\n<li><a href='?page_no=30473'>30473<\/a><\/li>\n\n    \n\t\n\n<li >\n\t<a href='?page_no=14104'>Next<\/a>\n\t<\/li>\n\n\n    \n\n<li><a href='?page_no=30473'>Last &rsaquo;&rsaquo;<\/a><\/li>\n\n<\/ul>\n\n\n--><br \/>\n<\/body><\/p>\n","protected":false},"excerpt":{"rendered":"<p>Santo Domingo, RD, 11 de diciembre.- El ministro Administrativo de la Presidencia, Jos\u00e9 Ram\u00f3n Peralta, hizo balance a la gesti\u00f3n del gobierno en 2013, al participar como orador invitado en el almuerzo de cierre del a\u00f1o de la C\u00e1mara Americana de Comercio de la Rep\u00fablica Dominicana. Los empresarios asistentes tuvieron as\u00ed ocasi\u00f3n de conocer de [&hellip;]<\/p>\n","protected":false},"author":3,"featured_media":0,"comment_status":"open","ping_status":"open","sticky":false,"template":"","format":"standard","meta":{"footnotes":""},"categories":[18],"tags":[],"class_list":["post-98558","post","type-post","status-publish","format-standard","hentry","category-economia"],"_links":{"self":[{"href":"https:\/\/diariodominicano.com\/index.php?rest_route=\/wp\/v2\/posts\/98558","targetHints":{"allow":["GET"]}}],"collection":[{"href":"https:\/\/diariodominicano.com\/index.php?rest_route=\/wp\/v2\/posts"}],"about":[{"href":"https:\/\/diariodominicano.com\/index.php?rest_route=\/wp\/v2\/types\/post"}],"author":[{"embeddable":true,"href":"https:\/\/diariodominicano.com\/index.php?rest_route=\/wp\/v2\/users\/3"}],"replies":[{"embeddable":true,"href":"https:\/\/diariodominicano.com\/index.php?rest_route=%2Fwp%2Fv2%2Fcomments&post=98558"}],"version-history":[{"count":0,"href":"https:\/\/diariodominicano.com\/index.php?rest_route=\/wp\/v2\/posts\/98558\/revisions"}],"wp:attachment":[{"href":"https:\/\/diariodominicano.com\/index.php?rest_route=%2Fwp%2Fv2%2Fmedia&parent=98558"}],"wp:term":[{"taxonomy":"category","embeddable":true,"href":"https:\/\/diariodominicano.com\/index.php?rest_route=%2Fwp%2Fv2%2Fcategories&post=98558"},{"taxonomy":"post_tag","embeddable":true,"href":"https:\/\/diariodominicano.com\/index.php?rest_route=%2Fwp%2Fv2%2Ftags&post=98558"}],"curies":[{"name":"wp","href":"https:\/\/api.w.org\/{rel}","templated":true}]}}