{"id":98557,"date":"2013-12-11T19:28:08","date_gmt":"2013-12-11T19:28:08","guid":{"rendered":"http:\/\/diariodominicano.ddns.net\/?p=98557"},"modified":"2013-12-11T19:28:08","modified_gmt":"2013-12-11T19:28:08","slug":"el-indice-de-clima-empresarial-disminuye-aunque-expectativas-de-produccion-son-positivas","status":"publish","type":"post","link":"https:\/\/diariodominicano.com\/?p=98557","title":{"rendered":"El \u00edndice de Clima Empresarial disminuye aunque expectativas de producci\u00f3n son positivas"},"content":{"rendered":"<p><body><\/p>\n<p><img decoding=\"async\" src=\"img3\/Ligia.jpg\" \/>  <\/p>\n<p><span class=\"text1noticias\">Santo Domingo, RD, 11 de Diciembre.-La Asociaci\u00f3n de Industriales de la Rep\u00fablica Dominicana asegur\u00f3 que el \u00edndice de clima empresarial  disminuye en el pa\u00eds.<\/span><\/p>\n<\/p>\n<p><span class=\"text1noticias\">Seg\u00fan la encuesta presentaron por el gremio empresarial en  el tercer trimestre del 2013el ICE descendi\u00f3 2.1, se coloca por debajo de la  barrera de los 50, con un  valor de 48.2, lo que refleja una disminuci\u00f3n en la percepci\u00f3n de los industriales en cuanto a las clima de inversi\u00f3n, situaci\u00f3n econ\u00f3mica nacional e internacional, situaci\u00f3n de la rama y de la empresa.<\/span><\/p>\n<\/p>\n<p><span class=\"text1noticias\">El sondeo present\u00f3 las restricciones que afectan la producci\u00f3n, la \u00faltima encuesta de coyuntura evidencia la relevancia que est\u00e1 teniendo el incremento de la competencia desleal ocasionada por la informalidad,  evasi\u00f3n y contrabando,  pasando desde el noveno lugar al quinto lugar. Otro aspecto que debemos resaltar es el peso que est\u00e1 teniendo la mano de obra en los costos de producci\u00f3n, al pasar del onceavo lugar al noveno en relaci\u00f3n a la encuesta realizada en el trimestre abril-junio.<\/span><\/p>\n<\/p>\n<p><span class=\"text1noticias\">Sin embargo los factores m\u00e1s se\u00f1alados contin\u00faan siendo los costos y suministro de energ\u00eda el\u00e9ctrica, el  ajo nivel de actividad econ\u00f3mica, el precio de los combustibles y la carga tributaria.<\/span><\/p>\n<\/p>\n<p><span class=\"text1noticias\">El estudio manifest\u00f3 dice que el saldo de Producci\u00f3n se mantiene id\u00e9ntico al mismo per\u00edodo del a\u00f1o pasado. El saldo de las ventas para el trimestre julio-septiembre se ubica en 4.90, un valor por debajo de las expectativas que se ten\u00edan en la encuesta de coyuntura del trimestre anterior.<\/span><\/p>\n<\/p>\n<p><span class=\"text1noticias\">La presidenta de AIRD, Ligia Bonetti de Valiente manifest\u00f3 que un aspecto que debe llamarnos la atenci\u00f3n es el hecho de que cuando se le pregunt\u00f3 a la empresa si hab\u00eda realizado en el trimestre reci\u00e9n finalizado alguna inversi\u00f3n para aumentar la capacidad instalada de producci\u00f3n, el 51% respondi\u00f3 que hab\u00eda realizado alguna inversi\u00f3n productiva, lo que representa una disminuci\u00f3n significativa con respecto al 61% que dijeron haber realizado inversiones en el trimestre anterior.<\/span><\/p>\n<\/p>\n<p><span class=\"text1noticias\">Valiente indic\u00f3 que las expectativas de inversi\u00f3n para el cuarto trimestre tambi\u00e9n han ca\u00eddo en su nivel m\u00e1s bajo desde que se inici\u00f3 esta medici\u00f3n (seg\u00fan muestra el gr\u00e1fico), descendiendo por primera vez bajo el 50%. En el segundo trimestre de este a\u00f1o la expectativa fue de 61.5%, en el segundo trimestre de 50.98% y ahora se qued\u00f3 en un 47%.<\/span><\/p>\n<\/p>\n<p><span class=\"text1noticias\">La dirigente empresarial expres\u00f3 que el tipo de cambio, el 92% de las empresas consideran que aumentar\u00eda poco o se mantendr\u00eda estable en el pr\u00f3ximo trimestre (octubre-diciembre 2013). S\u00f3lo un 8% considera que aumentar\u00eda mucho.(HG)<\/span>.<\/p>\n<\/p>\n<\/p>\n<h6> 2013-12-11 19:28:08 <\/h6>\n<p><!--\n<link rel=\"stylesheet\" href=\"css\/bootstrap.min.css\">\n\n\n<ul class=\"pagination\">\n\t    \n\t\n\n<li >\n\t<a href='?page_no=14101'>Previous<\/a>\n\t<\/li>\n\n\n       \n    \n\n<li><a href='?page_no=1'>1<\/a><\/li>\n\n\n\n<li><a href='?page_no=2'>2<\/a><\/li>\n\n\n\n<li><a>...<\/a><\/li>\n\n\n\n<li><a href='?page_no=14100'>14100<\/a><\/li>\n\n\n\n<li><a href='?page_no=14101'>14101<\/a><\/li>\n\n\n\n<li class='active'><a>14102<\/a><\/li>\n\n\n\n<li><a href='?page_no=14103'>14103<\/a><\/li>\n\n\n\n<li><a href='?page_no=14104'>14104<\/a><\/li>\n\n\n\n<li><a>...<\/a><\/li>\n\n\n\n<li><a href='?page_no=30472'>30472<\/a><\/li>\n\n\n\n<li><a href='?page_no=30473'>30473<\/a><\/li>\n\n    \n\t\n\n<li >\n\t<a href='?page_no=14103'>Next<\/a>\n\t<\/li>\n\n\n    \n\n<li><a href='?page_no=30473'>Last &rsaquo;&rsaquo;<\/a><\/li>\n\n<\/ul>\n\n\n--><br \/>\n<\/body><\/p>\n","protected":false},"excerpt":{"rendered":"<p>Santo Domingo, RD, 11 de Diciembre.-La Asociaci\u00f3n de Industriales de la Rep\u00fablica Dominicana asegur\u00f3 que el \u00edndice de clima empresarial disminuye en el pa\u00eds. Seg\u00fan la encuesta presentaron por el gremio empresarial en el tercer trimestre del 2013el ICE descendi\u00f3 2.1, se coloca por debajo de la barrera de los 50, con un valor de [&hellip;]<\/p>\n","protected":false},"author":3,"featured_media":0,"comment_status":"open","ping_status":"open","sticky":false,"template":"","format":"standard","meta":{"footnotes":""},"categories":[18],"tags":[],"class_list":["post-98557","post","type-post","status-publish","format-standard","hentry","category-economia"],"_links":{"self":[{"href":"https:\/\/diariodominicano.com\/index.php?rest_route=\/wp\/v2\/posts\/98557","targetHints":{"allow":["GET"]}}],"collection":[{"href":"https:\/\/diariodominicano.com\/index.php?rest_route=\/wp\/v2\/posts"}],"about":[{"href":"https:\/\/diariodominicano.com\/index.php?rest_route=\/wp\/v2\/types\/post"}],"author":[{"embeddable":true,"href":"https:\/\/diariodominicano.com\/index.php?rest_route=\/wp\/v2\/users\/3"}],"replies":[{"embeddable":true,"href":"https:\/\/diariodominicano.com\/index.php?rest_route=%2Fwp%2Fv2%2Fcomments&post=98557"}],"version-history":[{"count":0,"href":"https:\/\/diariodominicano.com\/index.php?rest_route=\/wp\/v2\/posts\/98557\/revisions"}],"wp:attachment":[{"href":"https:\/\/diariodominicano.com\/index.php?rest_route=%2Fwp%2Fv2%2Fmedia&parent=98557"}],"wp:term":[{"taxonomy":"category","embeddable":true,"href":"https:\/\/diariodominicano.com\/index.php?rest_route=%2Fwp%2Fv2%2Fcategories&post=98557"},{"taxonomy":"post_tag","embeddable":true,"href":"https:\/\/diariodominicano.com\/index.php?rest_route=%2Fwp%2Fv2%2Ftags&post=98557"}],"curies":[{"name":"wp","href":"https:\/\/api.w.org\/{rel}","templated":true}]}}