{"id":98556,"date":"2013-12-11T19:39:27","date_gmt":"2013-12-11T19:39:27","guid":{"rendered":"http:\/\/diariodominicano.ddns.net\/?p=98556"},"modified":"2013-12-11T19:39:27","modified_gmt":"2013-12-11T19:39:27","slug":"destaca-importancia-de-exportacion-de-vegetales-y-zona-franca-via-couriers","status":"publish","type":"post","link":"https:\/\/diariodominicano.com\/?p=98556","title":{"rendered":"Destaca importancia de exportaci\u00f3n de vegetales y zona franca v\u00eda couriers"},"content":{"rendered":"<p><body><\/p>\n<p><img decoding=\"async\" src=\"img3\/colecturia.jpg\" \/>  <\/p>\n<p><span class=\"text1noticias\">Santo Domingo, RD, 11 de diciembre.-El ministro de Industria y Comercio, Jos\u00e9 del Castillo Savi\u00f1\u00f3n destac\u00f3 la importancia que representa para el sector agr\u00edcola y de zonas franca las exportaciones que se realizan a trav\u00e9s del transporte expreso. <\/span><\/p>\n<\/p>\n<p><span class=\"text1noticias\">En un encuentro sostenido con representantes del sector courier, el funcionario recorri\u00f3 los controles de Aduanas en el Aeropuerto Internacional Las Am\u00e9ricas (AILA) para apreciar el flujo de de productos de exportaci\u00f3n que se registra en esa terminal gracias a la garant\u00eda de transporte a\u00e9reo diario que generadas por las compras por internet.<\/span><\/p>\n<p><span class=\"text1noticias\"> <\/span><\/p>\n<p><span class=\"text1noticias\">\u00abEs importante mantener el volumen de carga y las operaciones del sector couriers, ya que no solo constituyen una herramienta importante para entrada al pa\u00eds de mercader\u00eda de forma r\u00e1pida, sino tambi\u00e9n para las exportaciones de productos agr\u00edcolas y de zonas franca, como hemos podido apreciar en el d\u00eda de hoy\u00bb, expres\u00f3 Castillo Savi\u00f1\u00f3n.<\/span><\/p>\n<p><span class=\"text1noticias\"> <\/span><\/p>\n<p><span class=\"text1noticias\">Seg\u00fan estad\u00edsticas de Aerodom, solo por el Aeropuerto Internacional de las Am\u00e9ricas (AILA), se exportaron 27 millones de libras de vegetales en el 2012. Un 64% de los vegetales que se producen en las zonas de Constanza, San Juan de la Maguana, La Romana, Jarabacoa y La Vega, llegan a los Estados Unidos por esta v\u00eda, a un tercio del precio real, lo que representa un beneficio importante para este sector y una mayor competitividad en el mercado de destino.<\/span><\/p>\n<\/p>\n<p><span class=\"text1noticias\"> <\/span><\/p>\n<\/p>\n<p><span class=\"text1noticias\">El Presidente de la entidad, Jos\u00e9 Burdi\u00e9, explic\u00f3 que las compras por internet no solo representan una apertura al mercado mundial para los consumidores, sino que tambi\u00e9n contribuyen de forma importante a la exportaci\u00f3n de productos agr\u00edcolas perecederos que son transportados en los 68 vuelos de aviones de cuerpo ancho utilizados para traer la mercanc\u00eda adquirida por los compradores a trav\u00e9s de la web v\u00eda courier.<\/span><\/p>\n<\/p>\n<p><span class=\"text1noticias\"> <\/span><\/p>\n<\/p>\n<p><span class=\"text1noticias\">\u00abActualmente los agricultores dominicanos est\u00e1n siendo muy beneficiados por las compras por internet, ya que les subsidian en m\u00e1s de un 60% del valor del flete a la hora de exportar los vegetales y frutas\u00bb, explic\u00f3 Burdi\u00e9. Asegur\u00f3 adem\u00e1s que \u00absin esa subvenci\u00f3n generada por las importaciones ser\u00eda imposible exportar los vegetales, pues los productores no podr\u00edan cubrir los costos regulares del transporte a\u00e9reo y mantener precios de venta competitivos\u00bb.<\/span><\/p>\n<p><span class=\"text1noticias\"> <\/span><\/p>\n<\/p>\n<p><span class=\"text1noticias\">Por su lado, las Zonas Francas se est\u00e1n beneficiando al contar con suficientes aviones y frecuencias de vuelo que pueden r\u00e1pidamente traer sus mercanc\u00edas o exportarlas con urgencia seg\u00fan lo necesiten, haciendo al sector m\u00e1s competitivo y colocando a Rep\u00fablica Dominicana dentro de los 40 pa\u00edses del mundo que puede poner carga a\u00e9rea paletizada al d\u00eda siguiente y puerta a puerta en los principales mercados.<\/span><\/p>\n<p><span class=\"text1noticias\"> <\/span><\/p>\n<p><span class=\"text1noticias\">\u00abEl servicio de env\u00edo expreso les ofrece a las zonas francas la habilidad de reducir sus costos de inventarios y acceder velozmente al mercado mundial, y nos diferencia de otros pa\u00edses del \u00e1rea ya que esta facilidad solo existe en pa\u00edses exportadores muy desarrollados como Corea, Jap\u00f3n, Alemania, Estados Unidos, China y otros\u00bb, explic\u00f3 el Presidente de ASODEC.<\/span><\/p>\n<p><span class=\"text1noticias\"> <\/span><\/p>\n<p><span class=\"text1noticias\">Burdi\u00e9 asegur\u00f3 tambi\u00e9n que las importaciones generadas por el consumidor, a trav\u00e9s de las compras por internet, son un incentivo para  las exportaciones, pues garantiza un medio de transporte eficaz para que los productores nacionales acceder a otros mercados a precios competitivos y en el tiempo requerido, por ende impulsa la generaci\u00f3n de empleos tanto en el sector agr\u00edcola como de zonas francas.<\/span><\/p>\n<\/p>\n<p><span class=\"text1noticias\">ASODEC es una organizaci\u00f3n sin fines de lucro que re\u00fane a las principales empresas de Courier del pa\u00eds, las cuales est\u00e1n comprometidas con el desarrollo del sector de transporte expreso internacional de paquetes y cargas, y con la competitividad del comercio nacional e internacional.(HG)<\/span>.<\/p>\n<\/p>\n<h6> 2013-12-11 19:39:27 <\/h6>\n<p><!--\n<link rel=\"stylesheet\" href=\"css\/bootstrap.min.css\">\n\n\n<ul class=\"pagination\">\n\t    \n\t\n\n<li >\n\t<a href='?page_no=14100'>Previous<\/a>\n\t<\/li>\n\n\n       \n    \n\n<li><a href='?page_no=1'>1<\/a><\/li>\n\n\n\n<li><a href='?page_no=2'>2<\/a><\/li>\n\n\n\n<li><a>...<\/a><\/li>\n\n\n\n<li><a href='?page_no=14099'>14099<\/a><\/li>\n\n\n\n<li><a href='?page_no=14100'>14100<\/a><\/li>\n\n\n\n<li class='active'><a>14101<\/a><\/li>\n\n\n\n<li><a href='?page_no=14102'>14102<\/a><\/li>\n\n\n\n<li><a href='?page_no=14103'>14103<\/a><\/li>\n\n\n\n<li><a>...<\/a><\/li>\n\n\n\n<li><a href='?page_no=30472'>30472<\/a><\/li>\n\n\n\n<li><a href='?page_no=30473'>30473<\/a><\/li>\n\n    \n\t\n\n<li >\n\t<a href='?page_no=14102'>Next<\/a>\n\t<\/li>\n\n\n    \n\n<li><a href='?page_no=30473'>Last &rsaquo;&rsaquo;<\/a><\/li>\n\n<\/ul>\n\n\n--><br \/>\n<\/body><\/p>\n","protected":false},"excerpt":{"rendered":"<p>Santo Domingo, RD, 11 de diciembre.-El ministro de Industria y Comercio, Jos\u00e9 del Castillo Savi\u00f1\u00f3n destac\u00f3 la importancia que representa para el sector agr\u00edcola y de zonas franca las exportaciones que se realizan a trav\u00e9s del transporte expreso. En un encuentro sostenido con representantes del sector courier, el funcionario recorri\u00f3 los controles de Aduanas en [&hellip;]<\/p>\n","protected":false},"author":3,"featured_media":0,"comment_status":"open","ping_status":"open","sticky":false,"template":"","format":"standard","meta":{"footnotes":""},"categories":[18],"tags":[],"class_list":["post-98556","post","type-post","status-publish","format-standard","hentry","category-economia"],"_links":{"self":[{"href":"https:\/\/diariodominicano.com\/index.php?rest_route=\/wp\/v2\/posts\/98556","targetHints":{"allow":["GET"]}}],"collection":[{"href":"https:\/\/diariodominicano.com\/index.php?rest_route=\/wp\/v2\/posts"}],"about":[{"href":"https:\/\/diariodominicano.com\/index.php?rest_route=\/wp\/v2\/types\/post"}],"author":[{"embeddable":true,"href":"https:\/\/diariodominicano.com\/index.php?rest_route=\/wp\/v2\/users\/3"}],"replies":[{"embeddable":true,"href":"https:\/\/diariodominicano.com\/index.php?rest_route=%2Fwp%2Fv2%2Fcomments&post=98556"}],"version-history":[{"count":0,"href":"https:\/\/diariodominicano.com\/index.php?rest_route=\/wp\/v2\/posts\/98556\/revisions"}],"wp:attachment":[{"href":"https:\/\/diariodominicano.com\/index.php?rest_route=%2Fwp%2Fv2%2Fmedia&parent=98556"}],"wp:term":[{"taxonomy":"category","embeddable":true,"href":"https:\/\/diariodominicano.com\/index.php?rest_route=%2Fwp%2Fv2%2Fcategories&post=98556"},{"taxonomy":"post_tag","embeddable":true,"href":"https:\/\/diariodominicano.com\/index.php?rest_route=%2Fwp%2Fv2%2Ftags&post=98556"}],"curies":[{"name":"wp","href":"https:\/\/api.w.org\/{rel}","templated":true}]}}