{"id":98555,"date":"2013-12-11T19:49:55","date_gmt":"2013-12-11T19:49:55","guid":{"rendered":"http:\/\/diariodominicano.ddns.net\/?p=98555"},"modified":"2013-12-11T19:49:55","modified_gmt":"2013-12-11T19:49:55","slug":"afirma-gobierno-invierte-mas-de-30-mil-millones-de-pesos-en-sector-agropecuario","status":"publish","type":"post","link":"https:\/\/diariodominicano.com\/?p=98555","title":{"rendered":"Afirma Gobierno invierte m\u00e1s de 30 mil millones de pesos en sector agropecuario"},"content":{"rendered":"<p><body><\/p>\n<p><img decoding=\"async\" src=\"img3\/agricultura.jpg\" \/>  <\/p>\n<p><span class=\"text1noticias\">Santo Domingo, RD, 11 de Diciembre.-El  ministro de Agricultura, Luis Ram\u00f3n Rodr\u00edguez afirm\u00f3 que durante los 16  primeros  meses del Gobierno, el presidente  Danilo Medina ha dotado al sector agropecuario  de  m\u00e1s 30 mil millones de pesos en cr\u00e9ditos para mejorar la producci\u00f3n alimentaria nacional.<\/span><\/p>\n<\/p>\n<p><span class=\"text1noticias\">Tras calificar esa inversi\u00f3n como hist\u00f3rica, Rodr\u00edguez  dijo que la misma redundar\u00e1 en beneficio de los productores nacionales y de los consumidores, en sentido general.<\/span><\/p>\n<\/p>\n<p><span class=\"text1noticias\">El funcionario habl\u00f3 durante el acto de encendido del \u00c1rbol Navide\u00f1o de Agricultura, con la participaci\u00f3n de empleados, viceministros y otros  funcionarios de la instituci\u00f3n. Durante la actividad festiva   fueron rifados diversos electrodom\u00e9sticos y se donaron bonos navide\u00f1os.<\/span><\/p>\n<\/p>\n<p><span class=\"text1noticias\">Rodr\u00edguez explic\u00f3 que el Ministerio de Agricultura trabaja en tres frentes fundamentales, como son la producci\u00f3n, exportaciones y la parte sanitaria, tanto sanidad animal, como vegetal, con el objetivo de hacer de la agropecuaria un sector competitivo y mucho m\u00e1s orientada hacia las exportaciones.<\/span><\/p>\n<\/p>\n<p><span class=\"text1noticias\">\u00abTambi\u00e9n se han hecho esfuerzos importantes para la aumentar la producci\u00f3n nacional de los cultivos b\u00e1sicos  que son sensibles\u00bb, manifest\u00f3.<\/span><\/p>\n<\/p>\n<p><span class=\"text1noticias\">Explic\u00f3 que durante el presente Gobierno se ha logrado eliminar el  \u00abalerta de importaci\u00f3n\u00bb que ten\u00eda m\u00e1s de 25 a\u00f1os en vigencia, lo que significa una mayor posibilidad  para exportar productos hacia el mercado de los Estados Unidos.<\/span><\/p>\n<\/p>\n<p><span class=\"text1noticias\">\u00abIgualmente, la DG-Sanco, que es la autoridad europea en materia de sanidad  e inocuidad de los productos para beneficio de los consumidores, tambi\u00e9n ha eliminado muchas de las restricciones  que imped\u00edan la entrada de productos agr\u00edcolas dominicanos a mercados europeos\u00bb, expres\u00f3 el ministro Rodr\u00edguez<\/span><\/p>\n<\/p>\n<p><span class=\"text1noticias\">El funcionario dijo que la pol\u00edtica agraria del  presidente Medina est\u00e1 orientada  a mejorar, no solamente la producci\u00f3n e incrementar las exportaciones, sino  tambi\u00e9n a mejorar la calidad de vida de los hombres y mujeres del campo.<\/span><\/p>\n<\/p>\n<p><span class=\"text1noticias\">Dijo que en los primeros 16 meses de Gobierno se ha establecido un nuevo esquema hacia la producci\u00f3n  agropecuaria, pensando en el bienestar de los productores y de los consumidores con alimentos de calidad y en abundancia.(HG)<\/span>.<\/p>\n<\/p>\n<h6> 2013-12-11 19:49:55 <\/h6>\n<p><!--\n<link rel=\"stylesheet\" href=\"css\/bootstrap.min.css\">\n\n\n<ul class=\"pagination\">\n\t    \n\t\n\n<li >\n\t<a href='?page_no=14099'>Previous<\/a>\n\t<\/li>\n\n\n       \n    \n\n<li><a href='?page_no=1'>1<\/a><\/li>\n\n\n\n<li><a href='?page_no=2'>2<\/a><\/li>\n\n\n\n<li><a>...<\/a><\/li>\n\n\n\n<li><a href='?page_no=14098'>14098<\/a><\/li>\n\n\n\n<li><a href='?page_no=14099'>14099<\/a><\/li>\n\n\n\n<li class='active'><a>14100<\/a><\/li>\n\n\n\n<li><a href='?page_no=14101'>14101<\/a><\/li>\n\n\n\n<li><a href='?page_no=14102'>14102<\/a><\/li>\n\n\n\n<li><a>...<\/a><\/li>\n\n\n\n<li><a href='?page_no=30472'>30472<\/a><\/li>\n\n\n\n<li><a href='?page_no=30473'>30473<\/a><\/li>\n\n    \n\t\n\n<li >\n\t<a href='?page_no=14101'>Next<\/a>\n\t<\/li>\n\n\n    \n\n<li><a href='?page_no=30473'>Last &rsaquo;&rsaquo;<\/a><\/li>\n\n<\/ul>\n\n\n--><br \/>\n<\/body><\/p>\n","protected":false},"excerpt":{"rendered":"<p>Santo Domingo, RD, 11 de Diciembre.-El ministro de Agricultura, Luis Ram\u00f3n Rodr\u00edguez afirm\u00f3 que durante los 16 primeros meses del Gobierno, el presidente Danilo Medina ha dotado al sector agropecuario de m\u00e1s 30 mil millones de pesos en cr\u00e9ditos para mejorar la producci\u00f3n alimentaria nacional. Tras calificar esa inversi\u00f3n como hist\u00f3rica, Rodr\u00edguez dijo que la [&hellip;]<\/p>\n","protected":false},"author":3,"featured_media":0,"comment_status":"open","ping_status":"open","sticky":false,"template":"","format":"standard","meta":{"footnotes":""},"categories":[18],"tags":[],"class_list":["post-98555","post","type-post","status-publish","format-standard","hentry","category-economia"],"_links":{"self":[{"href":"https:\/\/diariodominicano.com\/index.php?rest_route=\/wp\/v2\/posts\/98555","targetHints":{"allow":["GET"]}}],"collection":[{"href":"https:\/\/diariodominicano.com\/index.php?rest_route=\/wp\/v2\/posts"}],"about":[{"href":"https:\/\/diariodominicano.com\/index.php?rest_route=\/wp\/v2\/types\/post"}],"author":[{"embeddable":true,"href":"https:\/\/diariodominicano.com\/index.php?rest_route=\/wp\/v2\/users\/3"}],"replies":[{"embeddable":true,"href":"https:\/\/diariodominicano.com\/index.php?rest_route=%2Fwp%2Fv2%2Fcomments&post=98555"}],"version-history":[{"count":0,"href":"https:\/\/diariodominicano.com\/index.php?rest_route=\/wp\/v2\/posts\/98555\/revisions"}],"wp:attachment":[{"href":"https:\/\/diariodominicano.com\/index.php?rest_route=%2Fwp%2Fv2%2Fmedia&parent=98555"}],"wp:term":[{"taxonomy":"category","embeddable":true,"href":"https:\/\/diariodominicano.com\/index.php?rest_route=%2Fwp%2Fv2%2Fcategories&post=98555"},{"taxonomy":"post_tag","embeddable":true,"href":"https:\/\/diariodominicano.com\/index.php?rest_route=%2Fwp%2Fv2%2Ftags&post=98555"}],"curies":[{"name":"wp","href":"https:\/\/api.w.org\/{rel}","templated":true}]}}