{"id":98551,"date":"2013-12-11T20:00:10","date_gmt":"2013-12-11T20:00:10","guid":{"rendered":"http:\/\/diariodominicano.ddns.net\/?p=98551"},"modified":"2013-12-11T20:00:10","modified_gmt":"2013-12-11T20:00:10","slug":"colombia-cooperara-con-rd-en-busqueda-marca-pais","status":"publish","type":"post","link":"https:\/\/diariodominicano.com\/?p=98551","title":{"rendered":"Colombia cooperar\u00e1 con RD en b\u00fasqueda marca-pa\u00eds"},"content":{"rendered":"<p><body><\/p>\n<p><img decoding=\"async\" src=\"img3\/cooperacion.jpg\" \/>  <\/p>\n<p><span class=\"text1noticias\">Santo Domingo, RD, 11 de Diciembre.-El Ministerio de Econom\u00eda inform\u00f3 la suscripci\u00f3n con Colombia del programa de cooperaci\u00f3n bianual 2014-2016, dirigido est\u00e1 vez a fortalecer lo institucional y comercial desde la experiencia colombiana, acto en que estuvieron el embajador colombiano, Roberto Garc\u00eda M\u00e1rquez, y el dominicano en Colombia, Briunny Garabito.<\/span><\/p>\n<\/p>\n<p><span class=\"text1noticias\">El primer proyecto tiene por objetivo compartir las herramientas y experticias colombianas en la consolidaci\u00f3n de una imagen pa\u00eds integral, a fin de potenciar la evoluci\u00f3n de la misma en la Rep\u00fablica Dominicanas, teniendo como entidad ejecutora al Centro de Exportaciones e Inversiones (CEI-RD).<\/span><\/p>\n<\/p>\n<p><span class=\"text1noticias\">Con ello, la Rep\u00fablica Dominicana busca crear el mensaje sombrilla de la estrategia de marca pa\u00eds, consolidar su identidad de pa\u00eds, fortalecer la vinculaci\u00f3n de los sectores p\u00fablico y privado alrededor de esa estrategia y mejorar la percepci\u00f3n internacional de la realidad del pa\u00eds, inform\u00f3 la Unidad de Comunicaciones del Ministerio.<\/span><\/p>\n<\/p>\n<p><span class=\"text1noticias\">Otro proyecto busca fortalecer las capacidades de la Direcci\u00f3n de Estudios Econ\u00f3micos, Industriales y Comerciales del Ministerio de Industria y Comercio, con el objetivo de fortalecer sus capacidades t\u00e9cnicas en metodolog\u00eda de an\u00e1lisis y procesamiento de la informaci\u00f3n.<\/span><\/p>\n<\/p>\n<p><span class=\"text1noticias\">De esta manera se busca la elaboraci\u00f3n de productos de an\u00e1lisis econ\u00f3mico y comercial, adem\u00e1s de fortalecer su capacidad t\u00e9cnica en la elaboraci\u00f3n de perfiles provinciales.<\/span><\/p>\n<\/p>\n<p><span class=\"text1noticias\">En cuanto a las micro, peque\u00f1as y medianas empresas, el objetivo es aportar al fortalecimiento de la gesti\u00f3n, la competitividad y el desarrollo empresarial de las mismas, a fin de fortalecer la capacidad en el manejo de procesos de desarrollo empresarial con mipymes a partir de la experiencia colombiana.<\/span><\/p>\n<\/p>\n<p><span class=\"text1noticias\">Asimismo, el convenio incluye la iniciativa \u00abpol\u00edticas p\u00fablicas en atenci\u00f3n integral a la primera infancia\u00bb, que ser\u00e1 atendida a trav\u00e9s del Programa Regional de Cooperaci\u00f3n con Mesoam\u00e9rica, inform\u00f3 la Unidad de Comunicaciones del Ministerio.<\/span><\/p>\n<\/p>\n<p><span class=\"text1noticias\">Este acuerdo se tom\u00f3 en esta Tercera Reuni\u00f3n de la Comisi\u00f3n Mixta de Cooperaci\u00f3n T\u00e9cnica y Cient\u00edfica en el marco del convenio suscrito por ambas naciones en Bogot\u00e1 en agosto de 2004.<\/span><\/p>\n<\/p>\n<p><span class=\"text1noticias\">\tEl programa (2014-2016) fue suscrito por el viceministro de Cooperaci\u00f3n Internacional dominicano, Inocencio Garc\u00eda Javier, y por la directora de Cooperaci\u00f3n Internacional de la canciller\u00eda colombiana, Mar\u00eda Alb\u00e1n, a trav\u00e9s de video-conferencia en el MEPyD.<\/span><\/p>\n<\/p>\n<p><span class=\"text1noticias\">La funcionaria colombiana resalt\u00f3 que la cooperaci\u00f3n sur-sur en las relaciones pol\u00edtico-diplom\u00e1ticas entre los dos pa\u00edses y para la regi\u00f3n permiten superar los desaf\u00edos regionales a trav\u00e9s de la experiencia, as\u00ed como impulsar proyectos y acciones en sectores de alto impacto de desarrollo.<\/span><\/p>\n<\/p>\n<p><span class=\"text1noticias\"> <\/span><\/p>\n<p><span class=\"text1noticias\">Por su parte Garc\u00eda Javier manifest\u00f3 que es necesario redoblar esfuerzos para alcanzar un mayor grado de ejecuci\u00f3n de los proyectos, una mayor efectividad en su elaboraci\u00f3n e igualmente un mayor fortalecimiento institucional y en la formaci\u00f3n de recursos humanos para ambos pa\u00edses.<\/span><\/p>\n<\/p>\n<p><span class=\"text1noticias\">La evaluaci\u00f3n del programa anterior 2010-2013 y la cooperaci\u00f3n durante ese mismo periodo estuvo a cargo de Juanita Olarte, directora de Oferta de Cooperaci\u00f3n Internacional de la Presidencia de Colombia, y de Nelson Valdez, director de Cooperaci\u00f3n Bilateral del pa\u00eds.<\/span><\/p>\n<\/p>\n<p><span class=\"text1noticias\">El Balance se hizo sobre cinco proyectos demandados por el pa\u00eds en desarrollo productivo, educaci\u00f3n, salud, agropecuaria y arte y cultura, con una ejecuci\u00f3n de 62,5% del total del programa negociado.<\/span><\/p>\n<\/p>\n<p><span class=\"text1noticias\">Se recuerda que durante la evaluaci\u00f3n del programa anterior en Punta Cana en noviembre, Colombia manifest\u00f3 al ministro de la Presidencia Gustavo Montalvo su inter\u00e9s en fortalecer las relaciones con el pa\u00eds en materia de desastres naturales.<\/span><\/p>\n<\/p>\n<p><span class=\"text1noticias\">Espec\u00edficamente en manejo de emergencias, normativa e institucionalidad de la gesti\u00f3n del riesgo, dise\u00f1o, implementaci\u00f3n y monitoreo de sistemas de alerta temprana por huracanes, protocolos estandarizados para preparaci\u00f3n del manejo de desastres y medidas de adaptaci\u00f3n a la variabilidad y al cambil clim\u00e1tico.<\/span><\/p>\n<\/p>\n<p><span class=\"text1noticias\">Con relaci\u00f3n a garantizar la ejecuci\u00f3n de los proyectos aprobados, las partes acordaron compartir la financiaci\u00f3n de las acciones y que las entidades ejecutoras y beneficiarias de la cooperaci\u00f3n presenten un informe cuantitativo y cualitativo de acciones en un determinado. <\/span><\/p>\n<\/p>\n<p><span class=\"text1noticias\">Otros comisionados colombianos presentes fueron Ros\u00e1ngela Correa, Diana Valero y Fernando Nivia, Jorge V\u00e9lez y Ana Celis Salazar, Jos\u00e9 Pablo Arango y Edgar Adri\u00e1n Zambrano, M\u00f3nica Gasca y Claudia Guti\u00e9rrez, Efr\u00e9n Cifuentes, Bibiana Rodr\u00edguez y M\u00f3nica Baracaldo. Por la parte dominicana de Gesti\u00f3n Bilateral Marcel Mej\u00eda, Ronaldo Torres y Leticia S\u00e1nchez.<\/span><\/p>\n<\/p>\n<p><span class=\"text1noticias\">Por la canciller\u00eda dominicana Karina Ma\u00f1\u00f3n, Robert Takata, Nairoby Gonz\u00e1lez y por la embajada dominicana en Colombia el consejero Silvio Herasme. Por Industria y Comercio Ana Carolina Franco y Armando Manzueta, y por el CEI-RD Carlos Pared y Claribel Hern\u00e1ndez.(HG)<\/span>. <\/p>\n<h6> 2013-12-11 20:00:10 <\/h6>\n<p><!--\n<link rel=\"stylesheet\" href=\"css\/bootstrap.min.css\">\n\n\n<ul class=\"pagination\">\n\t    \n\t\n\n<li >\n\t<a href='?page_no=14097'>Previous<\/a>\n\t<\/li>\n\n\n       \n    \n\n<li><a href='?page_no=1'>1<\/a><\/li>\n\n\n\n<li><a href='?page_no=2'>2<\/a><\/li>\n\n\n\n<li><a>...<\/a><\/li>\n\n\n\n<li><a href='?page_no=14096'>14096<\/a><\/li>\n\n\n\n<li><a href='?page_no=14097'>14097<\/a><\/li>\n\n\n\n<li class='active'><a>14098<\/a><\/li>\n\n\n\n<li><a href='?page_no=14099'>14099<\/a><\/li>\n\n\n\n<li><a href='?page_no=14100'>14100<\/a><\/li>\n\n\n\n<li><a>...<\/a><\/li>\n\n\n\n<li><a href='?page_no=30472'>30472<\/a><\/li>\n\n\n\n<li><a href='?page_no=30473'>30473<\/a><\/li>\n\n    \n\t\n\n<li >\n\t<a href='?page_no=14099'>Next<\/a>\n\t<\/li>\n\n\n    \n\n<li><a href='?page_no=30473'>Last &rsaquo;&rsaquo;<\/a><\/li>\n\n<\/ul>\n\n\n--><br \/>\n<\/body><\/p>\n","protected":false},"excerpt":{"rendered":"<p>Santo Domingo, RD, 11 de Diciembre.-El Ministerio de Econom\u00eda inform\u00f3 la suscripci\u00f3n con Colombia del programa de cooperaci\u00f3n bianual 2014-2016, dirigido est\u00e1 vez a fortalecer lo institucional y comercial desde la experiencia colombiana, acto en que estuvieron el embajador colombiano, Roberto Garc\u00eda M\u00e1rquez, y el dominicano en Colombia, Briunny Garabito. El primer proyecto tiene por [&hellip;]<\/p>\n","protected":false},"author":3,"featured_media":0,"comment_status":"open","ping_status":"open","sticky":false,"template":"","format":"standard","meta":{"footnotes":""},"categories":[18],"tags":[],"class_list":["post-98551","post","type-post","status-publish","format-standard","hentry","category-economia"],"_links":{"self":[{"href":"https:\/\/diariodominicano.com\/index.php?rest_route=\/wp\/v2\/posts\/98551","targetHints":{"allow":["GET"]}}],"collection":[{"href":"https:\/\/diariodominicano.com\/index.php?rest_route=\/wp\/v2\/posts"}],"about":[{"href":"https:\/\/diariodominicano.com\/index.php?rest_route=\/wp\/v2\/types\/post"}],"author":[{"embeddable":true,"href":"https:\/\/diariodominicano.com\/index.php?rest_route=\/wp\/v2\/users\/3"}],"replies":[{"embeddable":true,"href":"https:\/\/diariodominicano.com\/index.php?rest_route=%2Fwp%2Fv2%2Fcomments&post=98551"}],"version-history":[{"count":0,"href":"https:\/\/diariodominicano.com\/index.php?rest_route=\/wp\/v2\/posts\/98551\/revisions"}],"wp:attachment":[{"href":"https:\/\/diariodominicano.com\/index.php?rest_route=%2Fwp%2Fv2%2Fmedia&parent=98551"}],"wp:term":[{"taxonomy":"category","embeddable":true,"href":"https:\/\/diariodominicano.com\/index.php?rest_route=%2Fwp%2Fv2%2Fcategories&post=98551"},{"taxonomy":"post_tag","embeddable":true,"href":"https:\/\/diariodominicano.com\/index.php?rest_route=%2Fwp%2Fv2%2Ftags&post=98551"}],"curies":[{"name":"wp","href":"https:\/\/api.w.org\/{rel}","templated":true}]}}