{"id":98549,"date":"2013-12-11T20:59:27","date_gmt":"2013-12-11T20:59:27","guid":{"rendered":"http:\/\/diariodominicano.ddns.net\/?p=98549"},"modified":"2013-12-11T20:59:27","modified_gmt":"2013-12-11T20:59:27","slug":"onu-rd-destaca-labor-altruista-durante-el-ano-2013","status":"publish","type":"post","link":"https:\/\/diariodominicano.com\/?p=98549","title":{"rendered":"ONU-RD destaca labor altruista durante el a\u00f1o 2013"},"content":{"rendered":"<p><body><\/p>\n<p><span class=\"text1noticias\">La Vega, RD, 11 de diciembre.-La energ\u00eda el\u00e9ctrica ha llegado a la comunidad de Mata de Caf\u00e9, en Manabao, municipio Jarabacoa, gracias a la puesta en operaci\u00f3n de una micro central hidroel\u00e9ctrica que ofrece servicios de energ\u00eda limpia a 110 familias. La obra cuenta con una potencia de generaci\u00f3n de 20 kw y tuvo un costo superior a los diez millones de pesos.<\/span><\/p>\n<\/p>\n<p><span class=\"text1noticias\">El sistema de generaci\u00f3n hidroel\u00e9ctrico de Mata de Caf\u00e9 se desarroll\u00f3 a partir de una experiencia similar exitosa, en la comunidad vecina de Angostura. Surgi\u00f3 con el prop\u00f3sito de impulsar el desarrollo humano de comunidades rurales marginadas, y constituye una oportunidad para fomentar modelos de vida que sean compatibles con la calidad ambiental de las zonas de monta\u00f1a en la cuenca alta del r\u00edo Yaque del Norte.<\/span><\/p>\n<\/p>\n<p><span class=\"text1noticias\">Los pobladores de esta comunidad trabajaron fuertemente por m\u00e1s de a\u00f1o y medio para hacer este proyecto una realidad y generar su propia electricidad. La obra cont\u00f3 con el apoyo t\u00e9cnico y financiero de las siguientes instituciones:<\/span><\/p>\n<\/p>\n<p><span class=\"text1noticias\">Programa de Peque\u00f1os Subsidios del Fondo para el Medio Ambiente Mundial (PPS-SGP-FMAM-PNUD), Unidad de Electrificaci\u00f3n Rural y Suburbana (UERS-CDEEE), Fundaci\u00f3n InterAmericana, Guak\u00eda Ambiente, Centro Alternativo Rural El Lim\u00f3n (CAREL), Ministerio de Medio Amiente y Recursos Naturales, JUNTAYAQUE, el (CAREL), Asociaci\u00f3n San Francisco, Comunidad de Mata de Caf\u00e9<\/span><\/p>\n<p><span class=\"text1noticias\">Con la micro central hidroel\u00e9ctrica de la comunidad Mata de Caf\u00e9, suman once los sistemas puestos en servicio en 2013, en beneficio de siete mil residentes de demarcaciones muy remotas del pa\u00eds. Producto del apoyo de diferentes instituciones nacionales, internacionales y comunitarias se han instalado 464kw de potencia en energ\u00eda limpia que han favorecido a m\u00e1s de siete mil dominicanas y dominicanos. En este contexto, las autoridades reafirmaron su compromiso con la promoci\u00f3n de energ\u00eda limpia.<\/span><\/p>\n<p><span class=\"text1noticias\">Contribuci\u00f3n al medioambiente y a la econom\u00eda.<\/span><\/p>\n<\/p>\n<p><span class=\"text1noticias\">Como contribuci\u00f3n a la econom\u00eda nacional, con la puesta en marcha de la hidroel\u00e9ctrica, el pa\u00eds ahorrar\u00e1 anualmente m\u00e1s de 270 mil d\u00f3lares, recursos que ser\u00eda necesario invertir si la misma cantidad de energ\u00eda.<\/span><\/p>\n<\/p>\n<p><span class=\"text1noticias\">fuera producida con un generador diesel mediante la quema de m\u00e1s de 45 mil galones de combustibles f\u00f3siles.<\/span><\/p>\n<\/p>\n<p><span class=\"text1noticias\">En cuanto a la contribuci\u00f3n ambiental, con la producci\u00f3n de energ\u00eda limpia mediante la micro central hidroel\u00e9ctrica, se evitar\u00e1 emitir hacia la atm\u00f3sfera por lo menos 140 toneladas de di\u00f3xido de carbono por a\u00f1o. Adem\u00e1s mediante las acciones de conservaci\u00f3n y restauraci\u00f3n forestal, la comunidad est\u00e1 contribuyendo con un total de unas 200 toneladas de di\u00f3xido de carbono.<\/span><\/p>\n<\/p>\n<p><span class=\"text1noticias\">Micros Centrales Hidroel\u00e9ctricas puestas en servicio:<\/span><\/p>\n<\/p>\n<p><span class=\"text1noticias\">Las micros centrales hidroel\u00e9ctricas puestas en servicio son: Vallecito\/El Montazo; El Jamo, El Lim\u00f3n, Los Mangos, Altamira, Mata Caf\u00e9. Adem\u00e1s se inauguraron y pusieron en funcionamiento La Canastica\/La Peon\u00eda, La Cabirma, La Bocaina, Los Ingenitos y Majagual. Estas \u00faltimas mencionadas se lograron con la contribuci\u00f3n principal de la Uni\u00f3n Europea, el PNUD y otras instituciones nacionales, entre ellas el INDHRI y DIGECOOM.(HG)<\/span>.<\/p>\n<h6> 2013-12-11 20:59:27 <\/h6>\n<p><!--\n<link rel=\"stylesheet\" href=\"css\/bootstrap.min.css\">\n\n\n<ul class=\"pagination\">\n\t    \n\t\n\n<li >\n\t<a href='?page_no=14095'>Previous<\/a>\n\t<\/li>\n\n\n       \n    \n\n<li><a href='?page_no=1'>1<\/a><\/li>\n\n\n\n<li><a href='?page_no=2'>2<\/a><\/li>\n\n\n\n<li><a>...<\/a><\/li>\n\n\n\n<li><a href='?page_no=14094'>14094<\/a><\/li>\n\n\n\n<li><a href='?page_no=14095'>14095<\/a><\/li>\n\n\n\n<li class='active'><a>14096<\/a><\/li>\n\n\n\n<li><a href='?page_no=14097'>14097<\/a><\/li>\n\n\n\n<li><a href='?page_no=14098'>14098<\/a><\/li>\n\n\n\n<li><a>...<\/a><\/li>\n\n\n\n<li><a href='?page_no=30472'>30472<\/a><\/li>\n\n\n\n<li><a href='?page_no=30473'>30473<\/a><\/li>\n\n    \n\t\n\n<li >\n\t<a href='?page_no=14097'>Next<\/a>\n\t<\/li>\n\n\n    \n\n<li><a href='?page_no=30473'>Last &rsaquo;&rsaquo;<\/a><\/li>\n\n<\/ul>\n\n\n--><br \/>\n<\/body><\/p>\n","protected":false},"excerpt":{"rendered":"<p>La Vega, RD, 11 de diciembre.-La energ\u00eda el\u00e9ctrica ha llegado a la comunidad de Mata de Caf\u00e9, en Manabao, municipio Jarabacoa, gracias a la puesta en operaci\u00f3n de una micro central hidroel\u00e9ctrica que ofrece servicios de energ\u00eda limpia a 110 familias. La obra cuenta con una potencia de generaci\u00f3n de 20 kw y tuvo un [&hellip;]<\/p>\n","protected":false},"author":3,"featured_media":0,"comment_status":"open","ping_status":"open","sticky":false,"template":"","format":"standard","meta":{"footnotes":""},"categories":[18],"tags":[],"class_list":["post-98549","post","type-post","status-publish","format-standard","hentry","category-economia"],"_links":{"self":[{"href":"https:\/\/diariodominicano.com\/index.php?rest_route=\/wp\/v2\/posts\/98549","targetHints":{"allow":["GET"]}}],"collection":[{"href":"https:\/\/diariodominicano.com\/index.php?rest_route=\/wp\/v2\/posts"}],"about":[{"href":"https:\/\/diariodominicano.com\/index.php?rest_route=\/wp\/v2\/types\/post"}],"author":[{"embeddable":true,"href":"https:\/\/diariodominicano.com\/index.php?rest_route=\/wp\/v2\/users\/3"}],"replies":[{"embeddable":true,"href":"https:\/\/diariodominicano.com\/index.php?rest_route=%2Fwp%2Fv2%2Fcomments&post=98549"}],"version-history":[{"count":0,"href":"https:\/\/diariodominicano.com\/index.php?rest_route=\/wp\/v2\/posts\/98549\/revisions"}],"wp:attachment":[{"href":"https:\/\/diariodominicano.com\/index.php?rest_route=%2Fwp%2Fv2%2Fmedia&parent=98549"}],"wp:term":[{"taxonomy":"category","embeddable":true,"href":"https:\/\/diariodominicano.com\/index.php?rest_route=%2Fwp%2Fv2%2Fcategories&post=98549"},{"taxonomy":"post_tag","embeddable":true,"href":"https:\/\/diariodominicano.com\/index.php?rest_route=%2Fwp%2Fv2%2Ftags&post=98549"}],"curies":[{"name":"wp","href":"https:\/\/api.w.org\/{rel}","templated":true}]}}