{"id":98548,"date":"2013-12-11T21:01:55","date_gmt":"2013-12-11T21:01:55","guid":{"rendered":"http:\/\/diariodominicano.ddns.net\/?p=98548"},"modified":"2013-12-11T21:01:55","modified_gmt":"2013-12-11T21:01:55","slug":"codopyme-considera-paso-de-avance-instalacion-de-plantas-a-carbon","status":"publish","type":"post","link":"https:\/\/diariodominicano.com\/?p=98548","title":{"rendered":"CODOPYME considera paso de avance instalaci\u00f3n de plantas a carb\u00f3n&#13;"},"content":{"rendered":"<p><body><\/p>\n<p><span class=\"text1noticias\">Santo Domingo, RD, 11 de Diciembre.-El presidente de la Confederaci\u00f3n Dominicana de la Peque\u00f1a y Mediana Empresa (CODOPYME), Yuri Chez consider\u00f3  como un paso de avance para la Rep\u00fablica Dominicana que el Gobierno haya iniciado el cambio de la matriz energ\u00e9tica con la instalaci\u00f3n de dos plantas a carb\u00f3n de 300 megavatios cada una.<\/span><\/p>\n<\/p>\n<p><span class=\"text1noticias\">Se\u00f1al\u00f3 que la generaci\u00f3n de energ\u00eda con productos derivados del petr\u00f3leo ha constituido una retranca para los sectores productivos del pa\u00eds debido al alto costo que tienen que asumir los empresarios por el pago de ese servicio.<\/span><\/p>\n<\/p>\n<p><span class=\"text1noticias\">Chez, al participar en el programa Energ\u00eda TV, explic\u00f3 que los costos del pago de la factura energ\u00e9tica de los peque\u00f1os y medianos empresarios oscilan entre un 35 y 40 por ciento, lo ha provocado una reducci\u00f3n significativa de sus ganancias.<\/span><\/p>\n<\/p>\n<p><span class=\"text1noticias\">Defini\u00f3 como altamente prioritaria la decisi\u00f3n del Gobierno del presidente Danilo Medina de instalar dos plantas a carb\u00f3n de 300 megavatios cada una en la comunidad Punta Catalina, en la provincia Peravia.<\/span><\/p>\n<\/p>\n<p><span class=\"text1noticias\">El empresario y economista indic\u00f3 que los recursos que cada a\u00f1o destina el Estado para el pago del subsidio el\u00e9ctrico se deben fundamentalmente a que la Rep\u00fablica Dominica cuenta con un parque energ\u00e9tica de una generaci\u00f3n ineficiente y con insumos caros como el petr\u00f3leo.<\/span><\/p>\n<\/p>\n<p><span class=\"text1noticias\">Manifest\u00f3 que otro hubiese sido el destino de los sectores productivos del pa\u00eds si los m\u00e1s de mil millones de d\u00f3lares que se canalizan hacia el pago del subsidio el\u00e9ctrico se destinaran a incentivar a los sectores productivos, sobre todo a la peque\u00f1a y mediana empresa.<\/span><\/p>\n<\/p>\n<p><span class=\"text1noticias\">Asegur\u00f3 que el pa\u00eds sobrepas\u00f3 el l\u00edmite de tiempo para continuar con la generaci\u00f3n de energ\u00eda a base de fuel oil y otros derivados del petr\u00f3leo que tradicionalmente registran alzas de precios en los mercados internacionales.<\/span><\/p>\n<\/p>\n<p><span class=\"text1noticias\">Chez consider\u00f3 que el futuro del pa\u00eds ser\u00e1 m\u00e1s promisorio con el cambio de la matriz energ\u00e9tica que se inicia con la instalaci\u00f3n de las dos plantas a carb\u00f3n.<\/span><\/p>\n<\/p>\n<p><span class=\"text1noticias\">\u00abLa energ\u00eda el\u00e9ctrica es vital para todos los sectores, y en este caso de las plantas a carb\u00f3n, se podr\u00e1 confiar en una generaci\u00f3n m\u00e1s barata\u00bb, dijo.<\/span><\/p>\n<\/p>\n<p><span class=\"text1noticias\">El presidente de CODOPYME favoreci\u00f3 la idea de que se convoque a un encuentro con los sectores productivos de la provincia Peravia, donde se explique todo lo relativo a la instalaci\u00f3n de las dos plantas a carb\u00f3n en la comunidad de Punta Catalina.<\/span><\/p>\n<\/p>\n<p><span class=\"text1noticias\">La Corporaci\u00f3n Dominicana de Empresas El\u00e9ctricas Estatales (CDEEE) anuncio que la adjudicaci\u00f3n del contrato para la construcci\u00f3n de dos plantas a carb\u00f3n de 384.9MV cada una al consorcio integrado por las empresas Constructora Norberto Odebrecht, Tecnimont, e Ingeniera Estrella, ganador de la licitaci\u00f3n p\u00fablica convocada por la entidad oficial.(HG)<\/span>.<\/p>\n<\/p>\n<\/p>\n<\/p>\n<\/p>\n<h6> 2013-12-11 21:01:55 <\/h6>\n<p><!--\n<link rel=\"stylesheet\" href=\"css\/bootstrap.min.css\">\n\n\n<ul class=\"pagination\">\n\t    \n\t\n\n<li >\n\t<a href='?page_no=14094'>Previous<\/a>\n\t<\/li>\n\n\n       \n    \n\n<li><a href='?page_no=1'>1<\/a><\/li>\n\n\n\n<li><a href='?page_no=2'>2<\/a><\/li>\n\n\n\n<li><a>...<\/a><\/li>\n\n\n\n<li><a href='?page_no=14093'>14093<\/a><\/li>\n\n\n\n<li><a href='?page_no=14094'>14094<\/a><\/li>\n\n\n\n<li class='active'><a>14095<\/a><\/li>\n\n\n\n<li><a href='?page_no=14096'>14096<\/a><\/li>\n\n\n\n<li><a href='?page_no=14097'>14097<\/a><\/li>\n\n\n\n<li><a>...<\/a><\/li>\n\n\n\n<li><a href='?page_no=30472'>30472<\/a><\/li>\n\n\n\n<li><a href='?page_no=30473'>30473<\/a><\/li>\n\n    \n\t\n\n<li >\n\t<a href='?page_no=14096'>Next<\/a>\n\t<\/li>\n\n\n    \n\n<li><a href='?page_no=30473'>Last &rsaquo;&rsaquo;<\/a><\/li>\n\n<\/ul>\n\n\n--><br \/>\n<\/body><\/p>\n","protected":false},"excerpt":{"rendered":"<p>Santo Domingo, RD, 11 de Diciembre.-El presidente de la Confederaci\u00f3n Dominicana de la Peque\u00f1a y Mediana Empresa (CODOPYME), Yuri Chez consider\u00f3 como un paso de avance para la Rep\u00fablica Dominicana que el Gobierno haya iniciado el cambio de la matriz energ\u00e9tica con la instalaci\u00f3n de dos plantas a carb\u00f3n de 300 megavatios cada una. Se\u00f1al\u00f3 [&hellip;]<\/p>\n","protected":false},"author":3,"featured_media":0,"comment_status":"open","ping_status":"open","sticky":false,"template":"","format":"standard","meta":{"footnotes":""},"categories":[18],"tags":[],"class_list":["post-98548","post","type-post","status-publish","format-standard","hentry","category-economia"],"_links":{"self":[{"href":"https:\/\/diariodominicano.com\/index.php?rest_route=\/wp\/v2\/posts\/98548","targetHints":{"allow":["GET"]}}],"collection":[{"href":"https:\/\/diariodominicano.com\/index.php?rest_route=\/wp\/v2\/posts"}],"about":[{"href":"https:\/\/diariodominicano.com\/index.php?rest_route=\/wp\/v2\/types\/post"}],"author":[{"embeddable":true,"href":"https:\/\/diariodominicano.com\/index.php?rest_route=\/wp\/v2\/users\/3"}],"replies":[{"embeddable":true,"href":"https:\/\/diariodominicano.com\/index.php?rest_route=%2Fwp%2Fv2%2Fcomments&post=98548"}],"version-history":[{"count":0,"href":"https:\/\/diariodominicano.com\/index.php?rest_route=\/wp\/v2\/posts\/98548\/revisions"}],"wp:attachment":[{"href":"https:\/\/diariodominicano.com\/index.php?rest_route=%2Fwp%2Fv2%2Fmedia&parent=98548"}],"wp:term":[{"taxonomy":"category","embeddable":true,"href":"https:\/\/diariodominicano.com\/index.php?rest_route=%2Fwp%2Fv2%2Fcategories&post=98548"},{"taxonomy":"post_tag","embeddable":true,"href":"https:\/\/diariodominicano.com\/index.php?rest_route=%2Fwp%2Fv2%2Ftags&post=98548"}],"curies":[{"name":"wp","href":"https:\/\/api.w.org\/{rel}","templated":true}]}}