{"id":98547,"date":"2013-12-11T21:24:04","date_gmt":"2013-12-11T21:24:04","guid":{"rendered":"http:\/\/diariodominicano.ddns.net\/?p=98547"},"modified":"2013-12-11T21:24:04","modified_gmt":"2013-12-11T21:24:04","slug":"estudio-bid-rd-avanza-en-planificacion-destaca-montas","status":"publish","type":"post","link":"https:\/\/diariodominicano.com\/?p=98547","title":{"rendered":"Estudio BID: RD avanza en planificaci\u00f3n, destaca Mont\u00e1s"},"content":{"rendered":"<p><body><\/p>\n<p><img decoding=\"async\" src=\"img3\/firma.jpg\" \/>  <\/p>\n<p><span class=\"text1noticias\">Santo Domingo, RD, 11 de Diciembre.-El ministro de Econom\u00eda resalt\u00f3 este mi\u00e9rcoles al firmar un convenio sobre Administraci\u00f3n P\u00fablica en el Palacio Nacional que la planificaci\u00f3n por resultados fue la que m\u00e1s contribuy\u00f3 a que el pa\u00eds sea situado por un estudio del BID con un avance global de 30% en gesti\u00f3n p\u00fablica por resultados.<\/span><\/p>\n<\/p>\n<p><span class=\"text1noticias\">El ingeniero Tem\u00edstocles Mont\u00e1s, quien suscribi\u00f3 el convenio con el ministro Ram\u00f3n Ventura Camejo, explic\u00f3 que en gran medida, en ese progreso global hay un aporte de 70% correspondiente a planificaci\u00f3n orientada a resultados. <\/span><\/p>\n<\/p>\n<p><span class=\"text1noticias\">El funcionario suscribi\u00f3 un convenio interinstitucional que fortalecer\u00e1 las unidades de planificaci\u00f3n y desarrollo (UIPyD) que asesoran a los ministerios en pol\u00edticas, planes, programas y proyectos internos para garantizar al contribuyente bienes y servicios de mayor calidad. <\/span><\/p>\n<\/p>\n<p><span class=\"text1noticias\">Mont\u00e1s habl\u00f3 luego de que el consultor del BID Marco Varela presentara el informe de avances en gesti\u00f3n orientada a resultados en el sector p\u00fablico dominicano, despu\u00e9s que fuera introducido por el viceministro de Planificaci\u00f3n, Juan Tom\u00e1s Monegro, inform\u00f3 la Unidad de Comunicaciones del Ministerio de Econom\u00eda.<\/span><\/p>\n<\/p>\n<p><span class=\"text1noticias\">Este informe establece que el pa\u00eds avanza en implementaci\u00f3n de la gesti\u00f3n por resultados del desarrollo con una evoluci\u00f3n que pasa de 1.7 en 2007 a 2.3 en 2013. Tambi\u00e9n un avance del \u00edndice en cuatro de cinco de los pilares del indicador de gesti\u00f3n para resultados de desarrollo.<\/span><\/p>\n<\/p>\n<p><span class=\"text1noticias\">\u00abPero un paso muy importante es la estructuraci\u00f3n del presupuesto sobre la base de programas (2.7 a 4.0), as\u00ed como el incremento en los incentivos para la efectividad en la gesti\u00f3n (0.0 a 2.0)\u00bb, subray\u00f3 el consultor Varela.<\/span><\/p>\n<\/p>\n<p><span class=\"text1noticias\">En otra parte, observ\u00f3 desaf\u00edos en cuanto a la inexistencia de una legislaci\u00f3n que establezca los mecanismos para que la sociedad civil participe en el proceso de discusi\u00f3n del Plan Nacional Plurianual del Sector P\u00fablico. <\/span><\/p>\n<\/p>\n<p><span class=\"text1noticias\">En relaci\u00f3n a estos temas, el ministro Mont\u00e1s reconoci\u00f3 que el cr\u00e9dito a la planificaci\u00f3n en la evaluaci\u00f3n es compartido con el presupuesto por resultados que tiene igualmente un \u00edndice de 70%, indicaci\u00f3n de que el pa\u00eds avanza en el proceso de establecer una gesti\u00f3n orientada a resultados.<\/span><\/p>\n<\/p>\n<p><span class=\"text1noticias\">Agreg\u00f3 que el proceso de gesti\u00f3n orientado a resultados es un largo y tortuoso, en el cual se recela de la calidad del gasto pero afortunadamente el pa\u00eds cuenta ya con Estrategia Nacional de Desarrollo y desde 2010 con el Plan Plurianual del Sector P\u00fablico, actualizado en su cuarta edici\u00f3n.<\/span><\/p>\n<\/p>\n<p><span class=\"text1noticias\">\u00abAl menos treinta y nueve instituciones del sector p\u00fablico dan cuenta de m\u00e1s del ochenta por ciento del presupuesto nacional del estado, est\u00e1n dotadas de de planes estrat\u00e9gicos institucionales y tienen bien identificada la cadena de valor p\u00fablico en lo interno de cada planificaci\u00f3n\u00bb, asegur\u00f3 el ministro.<\/span><\/p>\n<\/p>\n<p><span class=\"text1noticias\">Explic\u00f3 que ello quiere decir que cada instituci\u00f3n tiene claros los recursos con que cuenta, los procesos en que los aplica, la producci\u00f3n p\u00fablica que los mismos deber\u00e1n generar cada a\u00f1o, los beneficiarios y los resultados y el aporte en t\u00e9rminos de desarrollo que proveer\u00e1n. <\/span><\/p>\n<\/p>\n<p><span class=\"text1noticias\">El Ministerio de Administraci\u00f3n P\u00fablica es, lo que el Ministerio de Econom\u00eda en materia de planificaci\u00f3n, el \u00f3rgano rector del empleo p\u00fablico y de los distintos sistemas y reg\u00edmenes previstos en la Ley de Funci\u00f3n P\u00fablica.<\/span><\/p>\n<\/p>\n<p><span class=\"text1noticias\">En su turno, su titular Ventura Camejo coment\u00f3 que los ciudadanos tienen cada vez m\u00e1s conciencia de sus derechos, por lo que los presupuestos p\u00fablicos deben ser transformados en valores p\u00fablicos mediante el fortalecimiento de las unidades de planificaci\u00f3n.<\/span><\/p>\n<\/p>\n<p><span class=\"text1noticias\">Para lograrlo consider\u00f3 imprescindible contar con personal p\u00fablico competente, que sea reclutado con criterios correctos, que se determine c\u00f3mo promoverlo y evaluarlo, por considerar que sin un sistema profesionalizado de servicios p\u00fablicos no ser\u00e1 posible la eficiencia y eficacia gubernamental.<\/span><\/p>\n<\/p>\n<p><span class=\"text1noticias\"> \u00abY pienso, ministro Mont\u00e1s, que debemos hacer esfuerzos para fortalecer estas unidades de planificaci\u00f3n, para desarrollar un sistema de calidad de gesti\u00f3n. Para ello es impostergable que el Consejo de Ministro se re\u00fana y d\u00e9 seguimiento a las pol\u00edticas p\u00fablicas, pues no es posible lograr un desarrollo sostenido sin el trabajo colectivo institucional\u00bb, sugiri\u00f3.<\/span><\/p>\n<\/p>\n<p><span class=\"text1noticias\">Ese Ministerio tiene tambi\u00e9n entre sus funciones el fortalecimiento institucional de la Administraci\u00f3n P\u00fablica y de los procesos de evaluaci\u00f3n de la gesti\u00f3n institucional, el garantizar la profesionalizaci\u00f3n del personal estatal e implantar un sistema racional y moderno de gesti\u00f3n de recursos humanos.(HG)<\/span>.<\/p>\n<\/p>\n<h6> 2013-12-11 21:24:04 <\/h6>\n<p><!--\n<link rel=\"stylesheet\" href=\"css\/bootstrap.min.css\">\n\n\n<ul class=\"pagination\">\n\t    \n\t\n\n<li >\n\t<a href='?page_no=14093'>Previous<\/a>\n\t<\/li>\n\n\n       \n    \n\n<li><a href='?page_no=1'>1<\/a><\/li>\n\n\n\n<li><a href='?page_no=2'>2<\/a><\/li>\n\n\n\n<li><a>...<\/a><\/li>\n\n\n\n<li><a href='?page_no=14092'>14092<\/a><\/li>\n\n\n\n<li><a href='?page_no=14093'>14093<\/a><\/li>\n\n\n\n<li class='active'><a>14094<\/a><\/li>\n\n\n\n<li><a href='?page_no=14095'>14095<\/a><\/li>\n\n\n\n<li><a href='?page_no=14096'>14096<\/a><\/li>\n\n\n\n<li><a>...<\/a><\/li>\n\n\n\n<li><a href='?page_no=30472'>30472<\/a><\/li>\n\n\n\n<li><a href='?page_no=30473'>30473<\/a><\/li>\n\n    \n\t\n\n<li >\n\t<a href='?page_no=14095'>Next<\/a>\n\t<\/li>\n\n\n    \n\n<li><a href='?page_no=30473'>Last &rsaquo;&rsaquo;<\/a><\/li>\n\n<\/ul>\n\n\n--><br \/>\n<\/body><\/p>\n","protected":false},"excerpt":{"rendered":"<p>Santo Domingo, RD, 11 de Diciembre.-El ministro de Econom\u00eda resalt\u00f3 este mi\u00e9rcoles al firmar un convenio sobre Administraci\u00f3n P\u00fablica en el Palacio Nacional que la planificaci\u00f3n por resultados fue la que m\u00e1s contribuy\u00f3 a que el pa\u00eds sea situado por un estudio del BID con un avance global de 30% en gesti\u00f3n p\u00fablica por resultados. [&hellip;]<\/p>\n","protected":false},"author":3,"featured_media":0,"comment_status":"open","ping_status":"open","sticky":false,"template":"","format":"standard","meta":{"footnotes":""},"categories":[18],"tags":[],"class_list":["post-98547","post","type-post","status-publish","format-standard","hentry","category-economia"],"_links":{"self":[{"href":"https:\/\/diariodominicano.com\/index.php?rest_route=\/wp\/v2\/posts\/98547","targetHints":{"allow":["GET"]}}],"collection":[{"href":"https:\/\/diariodominicano.com\/index.php?rest_route=\/wp\/v2\/posts"}],"about":[{"href":"https:\/\/diariodominicano.com\/index.php?rest_route=\/wp\/v2\/types\/post"}],"author":[{"embeddable":true,"href":"https:\/\/diariodominicano.com\/index.php?rest_route=\/wp\/v2\/users\/3"}],"replies":[{"embeddable":true,"href":"https:\/\/diariodominicano.com\/index.php?rest_route=%2Fwp%2Fv2%2Fcomments&post=98547"}],"version-history":[{"count":0,"href":"https:\/\/diariodominicano.com\/index.php?rest_route=\/wp\/v2\/posts\/98547\/revisions"}],"wp:attachment":[{"href":"https:\/\/diariodominicano.com\/index.php?rest_route=%2Fwp%2Fv2%2Fmedia&parent=98547"}],"wp:term":[{"taxonomy":"category","embeddable":true,"href":"https:\/\/diariodominicano.com\/index.php?rest_route=%2Fwp%2Fv2%2Fcategories&post=98547"},{"taxonomy":"post_tag","embeddable":true,"href":"https:\/\/diariodominicano.com\/index.php?rest_route=%2Fwp%2Fv2%2Ftags&post=98547"}],"curies":[{"name":"wp","href":"https:\/\/api.w.org\/{rel}","templated":true}]}}