{"id":98544,"date":"2013-12-11T23:02:54","date_gmt":"2013-12-11T23:02:54","guid":{"rendered":"http:\/\/diariodominicano.ddns.net\/?p=98544"},"modified":"2013-12-11T23:02:54","modified_gmt":"2013-12-11T23:02:54","slug":"cepal-la-economia-de-la-republica-dominicana-crecera-5-en-2014","status":"publish","type":"post","link":"https:\/\/diariodominicano.com\/?p=98544","title":{"rendered":"CEPAL: la economia de la  Rep\u00fablica Dominicana crecer\u00e1 5% en 2014"},"content":{"rendered":"<p><body><\/p>\n<p><img decoding=\"async\" src=\"img3\/barcena000.jpg\" \/>  <\/p>\n<p><strong><span class=\"text1noticias\">SANTIAGO, Chile, 11 de diciembre, 2013.-<\/span><\/strong><span class=\"text1noticias\"> Rep\u00fablica Dominicana, est\u00e1 en el grupo de los pa\u00edses de Am\u00e9rica Latina y el Caribe que tendr\u00e1n mayor  crecimiento econ\u00f3mico  en 2014. Crecer\u00e1 5% el pr\u00f3ximo a\u00f1o, en tanto que los pa\u00edses de Am\u00e9rica Latina crecer\u00e1n 3,2% en 2014, marcando un avance respecto del 2,6% registrado este a\u00f1o, aunque menor a lo previsto por una reducci\u00f3n del consumo, report\u00f3 este mi\u00e9rcoles la Comisi\u00f3n Econ\u00f3mica para Am\u00e9rica Latina (CEPAL). Destaca que en  2014, el crecimiento regional estar\u00e1 encabezado por Panam\u00e1, con 7%, seguido por Bolivia (5,5%), Per\u00fa (5,5%), Nicaragua (5%), Rep\u00fablica Dominicana (5%), Colombia, Hait\u00ed, Ecuador y Paraguay (todos con 4,5%). Se proyecta que Argentina y Brasil crezcan 2,6%, Chile y Costa Rica 4%, Guatemala, M\u00e9xico y Uruguay 3,5% y Venezuela 1%.<\/span><\/p>\n<\/p>\n<p><span class=\"text1noticias\">Las econom\u00edas de Am\u00e9rica Latina y el Caribe anotar\u00e1n una expansi\u00f3n de 3,2% en 2014, lo que implica un repunte desde el 2,6% al cierre de 2013, seg\u00fan un nuevo informe de la CEPAL dado a conocer hoy en conferencia de prensa en Santiago, Chile. <\/span><\/p>\n<\/p>\n<p><span class=\"text1noticias\">En su reporte anual Balance Preliminar de las Econom\u00edas de Am\u00e9rica Latina y el Caribe 2013, la CEPAL se\u00f1ala que un menor dinamismo de la demanda externa, una mayor volatilidad financiera internacional y una ca\u00edda en el consumo fueron los factores que incidieron en un desempe\u00f1o econ\u00f3mico m\u00e1s modesto de los pa\u00edses en 2013, lo que hizo caer la estimaci\u00f3n de 3,0% prevista por el organismo en julio pasado.<\/span><\/p>\n<\/p>\n<p><span class=\"text1noticias\">Para el pr\u00f3ximo a\u00f1o se espera que un entorno externo moderadamente m\u00e1s favorable contribuya a aumentar la demanda externa y, por lo tanto, las exportaciones de la regi\u00f3n. Asimismo, el consumo privado continuar\u00e1 expandi\u00e9ndose, aunque a tasas inferiores que en per\u00edodos anteriores, mientras que se mantiene el desaf\u00edo de aumentar la inversi\u00f3n en la regi\u00f3n.  <\/span><\/p>\n<\/p>\n<p><span class=\"text1noticias\">\u00abEl escenario de la econom\u00eda mundial en 2014 le plantea a Am\u00e9rica Latina y el Caribe oportunidades y amenazas\u00bb, se\u00f1al\u00f3 Alicia B\u00e1rcena, Secretaria Ejecutiva de la CEPAL, al presentar el informe. <\/span><\/p>\n<\/p>\n<p><span class=\"text1noticias\">\u00abEntre las oportunidades vemos un aumento en el comercio internacional y la posibilidad de aprovechar las depreciaciones cambiarias que se est\u00e1n dando para asegurar cambios sostenidos de los precios relativos. Esto, junto con la implementaci\u00f3n de pol\u00edticas industriales que apoyen el crecimiento, impulsen la integraci\u00f3n regional y atiendan a la peque\u00f1a y mediana empresa, podr\u00eda contribuir a tener mayores inversiones en la diversificaci\u00f3n de la producci\u00f3n del sector transable y a reducir  la heterogeneidad estructural existente en la regi\u00f3n\u00bb, recalc\u00f3 B\u00e1rcena.  <\/span><\/p>\n<\/p>\n<p><span class=\"text1noticias\">Entre las amenazas que la regi\u00f3n deber\u00e1 enfrentar se encuentran una persistente volatilidad en la econom\u00eda global y un mayor costo del financiamiento externo, as\u00ed como un menor aporte del consumo al crecimiento del producto interno bruto (PIB) y un deterioro de la cuenta corriente regional.<\/span><\/p>\n<\/p>\n<p><span class=\"text1noticias\">Seg\u00fan el Balance Preliminar de la Comisi\u00f3n Econ\u00f3mica para Am\u00e9rica Latina y el Caribe (CEPAL), en 2014 el crecimiento regional estar\u00e1 encabezado por Panam\u00e1, con 7%, seguido por Bolivia (5,5%), Per\u00fa (5,5%), Nicaragua (5%), Rep\u00fablica Dominicana (5%), Colombia, Hait\u00ed, Ecuador y Paraguay (los cuatro con 4,5%). Se proyecta que Argentina y Brasil crezcan 2,6%,  Chile y Costa Rica 4%, Guatemala, M\u00e9xico y Uruguay 3,5% y Venezuela 1%.<\/span><\/p>\n<\/p>\n<p><span class=\"text1noticias\">El Caribe, en tanto, mostrar\u00e1 una recuperaci\u00f3n el pr\u00f3ximo a\u00f1o con 2,1%, luego de anotar un crecimiento de solo 1,3% en 2013.<\/span><\/p>\n<\/p>\n<p><span class=\"text1noticias\">De acuerdo con el informe, el desaf\u00edo principal para los gobiernos de Am\u00e9rica Latina y el Caribe es fomentar pactos sociales para la inversi\u00f3n que estimulen la productividad e impulsen un crecimiento con igualdad. Estos pactos sociales deben tener un marco institucional que entregue certeza y reglas claras, pol\u00edticas de corto plazo que otorguen estabilidad nominal y real, y pol\u00edticas de largo plazo que incentiven una inversi\u00f3n m\u00e1s diversificada en los sectores transables.<\/span><\/p>\n<\/p>\n<p><span class=\"text1noticias\">Balance de 2013<\/span><\/p>\n<p><span class=\"text1noticias\"> <\/span><\/p>\n<\/p>\n<h6> 2013-12-11 23:02:54 <\/h6>\n<p><!--\n<link rel=\"stylesheet\" href=\"css\/bootstrap.min.css\">\n\n\n<ul class=\"pagination\">\n\t    \n\t\n\n<li >\n\t<a href='?page_no=14090'>Previous<\/a>\n\t<\/li>\n\n\n       \n    \n\n<li><a href='?page_no=1'>1<\/a><\/li>\n\n\n\n<li><a href='?page_no=2'>2<\/a><\/li>\n\n\n\n<li><a>...<\/a><\/li>\n\n\n\n<li><a href='?page_no=14089'>14089<\/a><\/li>\n\n\n\n<li><a href='?page_no=14090'>14090<\/a><\/li>\n\n\n\n<li class='active'><a>14091<\/a><\/li>\n\n\n\n<li><a href='?page_no=14092'>14092<\/a><\/li>\n\n\n\n<li><a href='?page_no=14093'>14093<\/a><\/li>\n\n\n\n<li><a>...<\/a><\/li>\n\n\n\n<li><a href='?page_no=30472'>30472<\/a><\/li>\n\n\n\n<li><a href='?page_no=30473'>30473<\/a><\/li>\n\n    \n\t\n\n<li >\n\t<a href='?page_no=14092'>Next<\/a>\n\t<\/li>\n\n\n    \n\n<li><a href='?page_no=30473'>Last &rsaquo;&rsaquo;<\/a><\/li>\n\n<\/ul>\n\n\n--><br \/>\n<\/body><\/p>\n","protected":false},"excerpt":{"rendered":"<p>SANTIAGO, Chile, 11 de diciembre, 2013.- Rep\u00fablica Dominicana, est\u00e1 en el grupo de los pa\u00edses de Am\u00e9rica Latina y el Caribe que tendr\u00e1n mayor crecimiento econ\u00f3mico en 2014. Crecer\u00e1 5% el pr\u00f3ximo a\u00f1o, en tanto que los pa\u00edses de Am\u00e9rica Latina crecer\u00e1n 3,2% en 2014, marcando un avance respecto del 2,6% registrado este a\u00f1o, aunque [&hellip;]<\/p>\n","protected":false},"author":3,"featured_media":0,"comment_status":"open","ping_status":"open","sticky":false,"template":"","format":"standard","meta":{"footnotes":""},"categories":[18],"tags":[],"class_list":["post-98544","post","type-post","status-publish","format-standard","hentry","category-economia"],"_links":{"self":[{"href":"https:\/\/diariodominicano.com\/index.php?rest_route=\/wp\/v2\/posts\/98544","targetHints":{"allow":["GET"]}}],"collection":[{"href":"https:\/\/diariodominicano.com\/index.php?rest_route=\/wp\/v2\/posts"}],"about":[{"href":"https:\/\/diariodominicano.com\/index.php?rest_route=\/wp\/v2\/types\/post"}],"author":[{"embeddable":true,"href":"https:\/\/diariodominicano.com\/index.php?rest_route=\/wp\/v2\/users\/3"}],"replies":[{"embeddable":true,"href":"https:\/\/diariodominicano.com\/index.php?rest_route=%2Fwp%2Fv2%2Fcomments&post=98544"}],"version-history":[{"count":0,"href":"https:\/\/diariodominicano.com\/index.php?rest_route=\/wp\/v2\/posts\/98544\/revisions"}],"wp:attachment":[{"href":"https:\/\/diariodominicano.com\/index.php?rest_route=%2Fwp%2Fv2%2Fmedia&parent=98544"}],"wp:term":[{"taxonomy":"category","embeddable":true,"href":"https:\/\/diariodominicano.com\/index.php?rest_route=%2Fwp%2Fv2%2Fcategories&post=98544"},{"taxonomy":"post_tag","embeddable":true,"href":"https:\/\/diariodominicano.com\/index.php?rest_route=%2Fwp%2Fv2%2Ftags&post=98544"}],"curies":[{"name":"wp","href":"https:\/\/api.w.org\/{rel}","templated":true}]}}