{"id":98543,"date":"2013-12-12T13:05:55","date_gmt":"2013-12-12T13:05:55","guid":{"rendered":"http:\/\/diariodominicano.ddns.net\/?p=98543"},"modified":"2013-12-12T13:05:55","modified_gmt":"2013-12-12T13:05:55","slug":"banco-popular-ofrecera-prestamos-personales-solo-este-viernes-a-8-95","status":"publish","type":"post","link":"https:\/\/diariodominicano.com\/?p=98543","title":{"rendered":"Banco Popular ofrecer\u00e1 pr\u00e9stamos personales solo este viernes a 8.95%"},"content":{"rendered":"<p><body><\/p>\n<p><img decoding=\"async\" src=\"img3\/popular 12.jpg\" \/>  <\/p>\n<p>Santo Domingo RD 12 diciembre.- Con motivo de la celebraci\u00f3n de las fiestas navide\u00f1as, este viernes y durante una \u00fanica jornada, el Banco Popular lanzar\u00e1 la campa\u00f1a \u00abNavidad Popular\u00bb, la cual otorgar\u00e1 pr\u00e9stamos personales, en cinco grandes cadenas de establecimientos comerciales, a una tasa fija de 8.95% por un a\u00f1o, lo que representa menos de la mitad de la actual tasa de inter\u00e9s promedio de 19.82%, de acuerdo a los datos del Banco Central.<\/p>\n<\/p>\n<p>A trav\u00e9s de un comunicado, la instituci\u00f3n inform\u00f3 que los comercios participantes contar\u00e1n con precios especiales en mercanc\u00edas seleccionadas. Adem\u00e1s, algunos de ellos adelantar\u00e1n su horario de apertura a las 6:00 de la ma\u00f1ana para atender la demanda del p\u00fablico.<\/p>\n<\/p>\n<p>Indica  que la promoci\u00f3n culminar\u00e1 con el horario de cierre de los establecimientos comerciales a las 10:00 de la noche.<\/p>\n<\/p>\n<p>La entidad bancaria destac\u00f3 que en todos los centros comerciales, habr\u00e1 unos 175 representantes que canalizar\u00e1n las solicitudes de pr\u00e9stamos personales y agilizar\u00e1n su tramitaci\u00f3n. Se trata de aprobaciones en l\u00ednea, por lo que los consumidores podr\u00e1n llevarse el mismo viernes el art\u00edculo de su inter\u00e9s, una vez concedido el pr\u00e9stamo.<\/p>\n<\/p>\n<p>Precisa que en esta iniciativa comercial participan los principales comercios del pa\u00eds, tales como las tiendas del Grupo Corripio, Supermercados Jumbo, del Grupo CCN; Multicentro La Sirena, del Grupo Ramos; los centros de Plaza Lama y la tienda de decoraci\u00f3n y muebles Ilumel.<\/p>\n<h6> 2013-12-12 13:05:55 <\/h6>\n<p><!--\n<link rel=\"stylesheet\" href=\"css\/bootstrap.min.css\">\n\n\n<ul class=\"pagination\">\n\t    \n\t\n\n<li >\n\t<a href='?page_no=14089'>Previous<\/a>\n\t<\/li>\n\n\n       \n    \n\n<li><a href='?page_no=1'>1<\/a><\/li>\n\n\n\n<li><a href='?page_no=2'>2<\/a><\/li>\n\n\n\n<li><a>...<\/a><\/li>\n\n\n\n<li><a href='?page_no=14088'>14088<\/a><\/li>\n\n\n\n<li><a href='?page_no=14089'>14089<\/a><\/li>\n\n\n\n<li class='active'><a>14090<\/a><\/li>\n\n\n\n<li><a href='?page_no=14091'>14091<\/a><\/li>\n\n\n\n<li><a href='?page_no=14092'>14092<\/a><\/li>\n\n\n\n<li><a>...<\/a><\/li>\n\n\n\n<li><a href='?page_no=30472'>30472<\/a><\/li>\n\n\n\n<li><a href='?page_no=30473'>30473<\/a><\/li>\n\n    \n\t\n\n<li >\n\t<a href='?page_no=14091'>Next<\/a>\n\t<\/li>\n\n\n    \n\n<li><a href='?page_no=30473'>Last &rsaquo;&rsaquo;<\/a><\/li>\n\n<\/ul>\n\n\n--><br \/>\n<\/body><\/p>\n","protected":false},"excerpt":{"rendered":"<p>Santo Domingo RD 12 diciembre.- Con motivo de la celebraci\u00f3n de las fiestas navide\u00f1as, este viernes y durante una \u00fanica jornada, el Banco Popular lanzar\u00e1 la campa\u00f1a \u00abNavidad Popular\u00bb, la cual otorgar\u00e1 pr\u00e9stamos personales, en cinco grandes cadenas de establecimientos comerciales, a una tasa fija de 8.95% por un a\u00f1o, lo que representa menos de [&hellip;]<\/p>\n","protected":false},"author":3,"featured_media":0,"comment_status":"open","ping_status":"open","sticky":false,"template":"","format":"standard","meta":{"footnotes":""},"categories":[18],"tags":[],"class_list":["post-98543","post","type-post","status-publish","format-standard","hentry","category-economia"],"_links":{"self":[{"href":"https:\/\/diariodominicano.com\/index.php?rest_route=\/wp\/v2\/posts\/98543","targetHints":{"allow":["GET"]}}],"collection":[{"href":"https:\/\/diariodominicano.com\/index.php?rest_route=\/wp\/v2\/posts"}],"about":[{"href":"https:\/\/diariodominicano.com\/index.php?rest_route=\/wp\/v2\/types\/post"}],"author":[{"embeddable":true,"href":"https:\/\/diariodominicano.com\/index.php?rest_route=\/wp\/v2\/users\/3"}],"replies":[{"embeddable":true,"href":"https:\/\/diariodominicano.com\/index.php?rest_route=%2Fwp%2Fv2%2Fcomments&post=98543"}],"version-history":[{"count":0,"href":"https:\/\/diariodominicano.com\/index.php?rest_route=\/wp\/v2\/posts\/98543\/revisions"}],"wp:attachment":[{"href":"https:\/\/diariodominicano.com\/index.php?rest_route=%2Fwp%2Fv2%2Fmedia&parent=98543"}],"wp:term":[{"taxonomy":"category","embeddable":true,"href":"https:\/\/diariodominicano.com\/index.php?rest_route=%2Fwp%2Fv2%2Fcategories&post=98543"},{"taxonomy":"post_tag","embeddable":true,"href":"https:\/\/diariodominicano.com\/index.php?rest_route=%2Fwp%2Fv2%2Ftags&post=98543"}],"curies":[{"name":"wp","href":"https:\/\/api.w.org\/{rel}","templated":true}]}}