{"id":98540,"date":"2013-12-12T13:19:38","date_gmt":"2013-12-12T13:19:38","guid":{"rendered":"http:\/\/diariodominicano.ddns.net\/?p=98540"},"modified":"2013-12-12T13:19:38","modified_gmt":"2013-12-12T13:19:38","slug":"industriales-y-pro-competencia-intercambian-sobre-libre-mercado","status":"publish","type":"post","link":"https:\/\/diariodominicano.com\/?p=98540","title":{"rendered":"Industriales y Pro-Competencia intercambian sobre libre mercado"},"content":{"rendered":"<p><body><\/p>\n<p><img decoding=\"async\" src=\"img3\/lideres 12.jpg\" \/>  <\/p>\n<p>Santo Domingo RD 12 diciembre.- El Comit\u00e9 Ejecutivo de la Asociaci\u00f3n de Industrias de la Rep\u00fablica Dominicana (AIRD) sostuvo un intercambio con una delegaci\u00f3n de la Comisi\u00f3n Nacional de Defensa de la Competencia (Pro-Competencia) donde se examinaron los alcances de la Ley General de Defensa de la Competencia y los beneficios que aportar\u00e1 a la econom\u00eda nacional, a las empresas y a los consumidores.<\/p>\n<\/p>\n<p>La presidenta de Pro-Competencia, licenciada Michelle Cohen, hizo una exposici\u00f3n demostrativa de la importancia de la aplicaci\u00f3n de la Ley 42-08 de Defensa de la Competencia para que la Rep\u00fablica Dominicana disponga de un mercado din\u00e1mico, libre y competitivo que estimule la innovaci\u00f3n empresarial y beneficie a los consumidores de bienes y servicios.<\/p>\n<\/p>\n<p>Cohen inform\u00f3 que la entidad dispone del personal profesional de alta calidad para poner en ejecuci\u00f3n la ley y hacer de Pro-Competencia \u00abun modelo de pol\u00edticas p\u00fablicas\u00bb.<\/p>\n<\/p>\n<p>\u00abLa prioridad dentro del Plan de Acci\u00f3n de Pro-Competencia ha sido la tecnificaci\u00f3n, la optimizaci\u00f3n institucional para que por su naturaleza t\u00e9cnica, este organismo nazca t\u00e9cnico y permanezca t\u00e9cnico\u00bb, expres\u00f3 Cohen.<\/p>\n<\/p>\n<p>Dijo que como medidas dirigidas al fortalecimiento de la credibilidad institucional se inici\u00f3 la implementaci\u00f3n de mecanismos para manejar la seguridad de la informaci\u00f3n que incluyen la obtenci\u00f3n de la certificaci\u00f3n ISO-27001, sobre seguridad de la informaci\u00f3n, \u00abcon el inter\u00e9s de garantizar que a la informaci\u00f3n relativa a los procedimientos y agentes econ\u00f3micos involucrados les sea preservada su confidencialidad, disponibilidad e integridad\u00bb.<\/p>\n<\/p>\n<p>Asimismo, Cohen manifest\u00f3 que se ha iniciado el dise\u00f1o de un sistema automatizado de manejo de casos y correspondencia, para lo cual Pro-Competencia cuenta con el apoyo t\u00e9cnico de las m\u00e1s importantes agencias de competencia de Am\u00e9rica Latina, Europa y Estados Unidos.<\/p>\n<\/p>\n<p>Con relaci\u00f3n al Director Ejecutivo, Cohen inform\u00f3 que cuando se materialice su nombramiento se har\u00e1 de una terna seleccionada por el Consejo Directivo de Pro-Competencia, realizada seg\u00fan lo estipulado por la Ley 42-08 y luego de someter a los candidatos a las pruebas m\u00e1s modernas para determinar la honestidad, liderazgo y alta gerencia.<\/p>\n<\/p>\n<p>La presidenta de Pro-Competencia se\u00f1al\u00f3 que el Consejo Directivo se esforz\u00f3 para garantizar que la designaci\u00f3n del Director Ejecutivo se haga de una terna integrada por profesionales calificados, honestos, \u00edntegros y ajenos al quehacer pol\u00edtico o a compromisos empresariales.<\/p>\n<\/p>\n<p>Dijo que Pro-Competencia busca tener \u00abtanto nivel de autoridad y de credibilidad que lo que diga tenga peso hasta con el mismo Presidente de la Rep\u00fablica\u00bb.<\/p>\n<\/p>\n<p>Advirti\u00f3 que en la Ley de Defensa de la Competencia hay dos mandatos bien claros que son de tipo sancionatorio y abogac\u00eda de la competencia, por lo que empresarios y autoridad de competencia tienen que trabajar, cada cual en su rol independiente, para garantizar condiciones de mercados libres incluso frente a decisiones de las instituciones del Estado.<\/p>\n<\/p>\n<p>Hablan dirigentes AIRD<\/p>\n<\/p>\n<p>Durante la conferencia de Cohen, la vicepresidenta de AIRD, Circe Alm\u00e1nzar intervino para aclarar que los industriales no est\u00e1n apoyando a nadie para que sea el Director Ejecutivo de Pro-Competencia.<\/p>\n<\/p>\n<p>De su lado, el dirigente de la AIRD, Julio Brache, manifest\u00f3 su disposici\u00f3n de colaborar con Pro-Competencia para que se fortalezca el r\u00e9gimen de competencia como una herramienta beneficiosa para los mercados.<\/p>\n<\/p>\n<p>Brache coincidi\u00f3 con la presidenta de la AIRD, Ligia Bonetti, quien expres\u00f3 que el r\u00e9gimen de competencia es una herramienta imprescindible para el comercio en los actuales momentos y Pro-Competencia es la instituci\u00f3n id\u00f3nea para optimizar los mercados.<\/p>\n<\/p>\n<p>Adem\u00e1s de Bonetti,  Alm\u00e1nzar y Brache, en el encuentro estuvieron presentes por la AIRD Francisco Garc\u00eda Crespo, Celso Juan Marranzini, Julio Eduardo Mart\u00ednez Lima, Richard Ar\u00f3stegui, Juan Jos\u00e9 Att\u00edas, Carlos Fern\u00e1ndez, Kai Schoenhals, Roberto Despradel y Luis Concepci\u00f3n.<\/p>\n<\/p>\n<p>En representaci\u00f3n de Pro-Competencia, adem\u00e1s de Cohen, participaron la licenciada Magdalena Gil, la doctora Esther Aristy, ambas miembros del Consejo Directivo; Ocirema Caminero, encargada de Planificaci\u00f3n y Desarrollo, y Felipe Cipri\u00e1n, encargado de Comunicaciones.<\/p>\n<h6> 2013-12-12 13:19:38 <\/h6>\n<p><!--\n<link rel=\"stylesheet\" href=\"css\/bootstrap.min.css\">\n\n\n<ul class=\"pagination\">\n\t    \n\t\n\n<li >\n\t<a href='?page_no=14087'>Previous<\/a>\n\t<\/li>\n\n\n       \n    \n\n<li><a href='?page_no=1'>1<\/a><\/li>\n\n\n\n<li><a href='?page_no=2'>2<\/a><\/li>\n\n\n\n<li><a>...<\/a><\/li>\n\n\n\n<li><a href='?page_no=14086'>14086<\/a><\/li>\n\n\n\n<li><a href='?page_no=14087'>14087<\/a><\/li>\n\n\n\n<li class='active'><a>14088<\/a><\/li>\n\n\n\n<li><a href='?page_no=14089'>14089<\/a><\/li>\n\n\n\n<li><a href='?page_no=14090'>14090<\/a><\/li>\n\n\n\n<li><a>...<\/a><\/li>\n\n\n\n<li><a href='?page_no=30472'>30472<\/a><\/li>\n\n\n\n<li><a href='?page_no=30473'>30473<\/a><\/li>\n\n    \n\t\n\n<li >\n\t<a href='?page_no=14089'>Next<\/a>\n\t<\/li>\n\n\n    \n\n<li><a href='?page_no=30473'>Last &rsaquo;&rsaquo;<\/a><\/li>\n\n<\/ul>\n\n\n--><br \/>\n<\/body><\/p>\n","protected":false},"excerpt":{"rendered":"<p>Santo Domingo RD 12 diciembre.- El Comit\u00e9 Ejecutivo de la Asociaci\u00f3n de Industrias de la Rep\u00fablica Dominicana (AIRD) sostuvo un intercambio con una delegaci\u00f3n de la Comisi\u00f3n Nacional de Defensa de la Competencia (Pro-Competencia) donde se examinaron los alcances de la Ley General de Defensa de la Competencia y los beneficios que aportar\u00e1 a la [&hellip;]<\/p>\n","protected":false},"author":3,"featured_media":0,"comment_status":"open","ping_status":"open","sticky":false,"template":"","format":"standard","meta":{"footnotes":""},"categories":[18],"tags":[],"class_list":["post-98540","post","type-post","status-publish","format-standard","hentry","category-economia"],"_links":{"self":[{"href":"https:\/\/diariodominicano.com\/index.php?rest_route=\/wp\/v2\/posts\/98540","targetHints":{"allow":["GET"]}}],"collection":[{"href":"https:\/\/diariodominicano.com\/index.php?rest_route=\/wp\/v2\/posts"}],"about":[{"href":"https:\/\/diariodominicano.com\/index.php?rest_route=\/wp\/v2\/types\/post"}],"author":[{"embeddable":true,"href":"https:\/\/diariodominicano.com\/index.php?rest_route=\/wp\/v2\/users\/3"}],"replies":[{"embeddable":true,"href":"https:\/\/diariodominicano.com\/index.php?rest_route=%2Fwp%2Fv2%2Fcomments&post=98540"}],"version-history":[{"count":0,"href":"https:\/\/diariodominicano.com\/index.php?rest_route=\/wp\/v2\/posts\/98540\/revisions"}],"wp:attachment":[{"href":"https:\/\/diariodominicano.com\/index.php?rest_route=%2Fwp%2Fv2%2Fmedia&parent=98540"}],"wp:term":[{"taxonomy":"category","embeddable":true,"href":"https:\/\/diariodominicano.com\/index.php?rest_route=%2Fwp%2Fv2%2Fcategories&post=98540"},{"taxonomy":"post_tag","embeddable":true,"href":"https:\/\/diariodominicano.com\/index.php?rest_route=%2Fwp%2Fv2%2Ftags&post=98540"}],"curies":[{"name":"wp","href":"https:\/\/api.w.org\/{rel}","templated":true}]}}