{"id":98539,"date":"2013-12-12T18:46:14","date_gmt":"2013-12-12T18:46:14","guid":{"rendered":"http:\/\/diariodominicano.ddns.net\/?p=98539"},"modified":"2013-12-12T18:46:14","modified_gmt":"2013-12-12T18:46:14","slug":"informe-del-banco-mundial-destaca-al-programa-juventud-y-empleo-de-republica-dominicana","status":"publish","type":"post","link":"https:\/\/diariodominicano.com\/?p=98539","title":{"rendered":"&#13;&#13;&#13;Informe del Banco Mundial destaca al Programa Juventud y Empleo de Rep\u00fablica Dominicana"},"content":{"rendered":"<p><body><\/p>\n<\/p>\n<\/p>\n<p>Santo Domingo, RD, 12 de diciembre.  En la Rep\u00fablica Dominicana, un programa orientado a los j\u00f3venes Ni-Ni, que combin\u00f3capacitaci\u00f3n en el aula y en el puesto de trabajo mediante pasant\u00edas, demostr\u00f3 tener impacto en la reducci\u00f3n del embarazo adolescente, la pertenencia a pandillas, la violencia y otras conductas de riesgo, de acuerdo al informe del Banco Mundial de Desarrollo Mundial 2013 titulado EMPLEO, presentado hoy en el Pa\u00eds por el Ministerio de Trabajo con el acompa\u00f1amiento del Banco Mundial.<\/p>\n<\/p>\n<p>Desde 2008 el programa Juventud y Empleo (JyP) del Ministerio de Trabajo,financiado a trav\u00e9s de un proyecto del Banco Mundial, ha incluido a m\u00e1s de 41 mil j\u00f3venes en riesgo en todo el territorio nacional.  Adem\u00e1s en el marco del proyecto, el Ministerio de Trabajo llev\u00f3 a cabo un programa de empleo temporal denominado ?Santiago Trabaja? que emple\u00f3 y capacit\u00f3 a 4 milpersonas pobres en la regi\u00f3n del Cibao, al norte del pa\u00eds. Estos programas se implementan en articulaci\u00f3n con el Instituto Nacional de Formaci\u00f3n T\u00e9cnico Profesional  (INFOTEP), centros de capacitaci\u00f3n privados y organizaciones de la sociedad civil.<\/p>\n<\/p>\n<p>De acuerdo al informe del Banco Mundial las mujeres j\u00f3venes que recibieron capacitaci\u00f3n vocacional junto con destrezas de vida a trav\u00e9s del Programa JyP, experimentaron mayores posibilidades de conseguir trabajo, mejores salarios y mayor satisfacci\u00f3n laboral.<\/p>\n<\/p>\n<p>La ministra de Trabajo, Maritza Hern\u00e1ndez, revel\u00f3 que en el primer a\u00f1o de la ejecuci\u00f3n del programa el 70 por ciento de los j\u00f3venes lograron insertarse al mercado laboral y un 30 por ciento de estos egresados volvi\u00f3 al sistema educativo formal a trav\u00e9s de la educaci\u00f3n b\u00e1sica de adultos.<\/p>\n<\/p>\n<p>\u00abEs un logro la reducci\u00f3n de un 36 por ciento de los embarazos en las j\u00f3venes beneficiarias del programa con relaci\u00f3n al grupo de control no beneficiarias, lo cual constituye el mayor precedente de esa naturaleza en el pa\u00eds, superando los programas preventivos de salud p\u00fablica en esta materia\u00bb, puntualiz\u00f3 Hern\u00e1ndez.<\/p>\n<\/p>\n<p>Otra  muestra del \u00e9xito del proyecto es que el pa\u00eds desplaz\u00f3 a Brasil como el mayor exportador de zapatos hechos a mano hacia los Estados Unidos, producto de la capacitaci\u00f3n que recibi\u00f3 un grupo de 399 j\u00f3venes que fueron insertados en parques industriales de zonas francas ubicados en las ciudades de Santiago, Navarrete y la Vega.<\/p>\n<\/p>\n<p>El informe mundial, que toma en cuenta las experiencias de la casi totalidad de los pa\u00edses,tambi\u00e9n destaca que el empleo pone en evidencia el papel del fuerte crecimiento econ\u00f3mico asociado con el desarrollo por la creaci\u00f3n de puestos de trabajo, y describe c\u00f3mo los trabajos que contribuyen m\u00e1s para el desarrollo pueden estimular un c\u00edrculo virtuoso. <\/p>\n<\/p>\n<p>\u00abEl informe revela que la pobreza disminuye a medida que la gente trabaja para salir de la miseria y a medida que los trabajos empoderan a las mujeres a invertir m\u00e1s en sus hijos. La eficiencia aumenta a medida que los trabajadores mejoran en lo que hacen, ya que aparecen m\u00e1s empleos productivos, y los menos productivos desaparecen. Las sociedades prosperan cuando los trabajos fomentan la diversidad y proporcionan alternativas a los conflictos,\u00bb expres\u00f3 Jesko Hentschel, uno de los autores principales del informe quien tuvo a su cargo la presentaci\u00f3n.<\/p>\n<\/p>\n<p>El desempleoen el Rep\u00fablica Dominicanaparece encontrarse en leve pero sostenido aumento desde 2010 (14.3% tasa ampliada; 5% tasa abierta). La tasa de desempleo ampliada (que incluye al desempleo oculto, aquellos desalentados que ya no buscan trabajos) parece relativamente estable en este periodo; la desocupaci\u00f3n abierta (aquellos que no trabajan pero buscan activamente), se increment\u00f3 en 2 puntos porcentuales en 2013 (de 5 a 7 %).<\/p>\n<\/p>\n<p>En ese sentido, McDonald Benjam\u00edn, representante del Banco Mundial en el pa\u00eds, reafirm\u00f3 el compromiso del organismo de cooperaci\u00f3n de continuar apoyando al Gobierno Dominicano en programas de formaci\u00f3n y empleo, de manera que el pa\u00eds cuente con una red de seguridad en caso de una crisis de desempleo. \u00abVamos a apoyar al Gobierno en la ampliaci\u00f3n de estos programas de capacitaci\u00f3n y empleo en varias ciudades del Pa\u00eds, de manera  que este mecanismo se pueda ensanchar para beneficiar a este 7 por ciento que est\u00e1 desempleado pero busca trabajo activamente\u00bb expres\u00f3 Benjam\u00edn.<\/p>\n<\/p>\n<p>El Ministerio de Trabajo y el Banco Mundial se encuentran preparando un nuevo proyecto para expandir el programa de empleos temporales a todo el territorio.<\/p>\n<\/p>\n<p>El evento cont\u00f3 con la participaci\u00f3n de representantes del Gobierno, la sociedad civil y el sector privado.<\/p>\n<\/p>\n<p>Las palabras de bienvenida estuvieron a cargo de McDonald Benjam\u00edn, representante del Banco Mundial, mientras que las de clausura estuvieron a cargo de la ministra de Trabajo, Dra. Maritza Hern\u00e1ndez. Jesko Hentschel, uno de los autores principales del informe y director de Desarrollo Humano del Banco Mundial para el Asia Meridional, tuvo a su cargo la presentaci\u00f3n de los hallazgos principales.<\/p>\n<\/p>\n<h6> 2013-12-12 18:46:14 <\/h6>\n<p><!--\n<link rel=\"stylesheet\" href=\"css\/bootstrap.min.css\">\n\n\n<ul class=\"pagination\">\n\t    \n\t\n\n<li >\n\t<a href='?page_no=14086'>Previous<\/a>\n\t<\/li>\n\n\n       \n    \n\n<li><a href='?page_no=1'>1<\/a><\/li>\n\n\n\n<li><a href='?page_no=2'>2<\/a><\/li>\n\n\n\n<li><a>...<\/a><\/li>\n\n\n\n<li><a href='?page_no=14085'>14085<\/a><\/li>\n\n\n\n<li><a href='?page_no=14086'>14086<\/a><\/li>\n\n\n\n<li class='active'><a>14087<\/a><\/li>\n\n\n\n<li><a href='?page_no=14088'>14088<\/a><\/li>\n\n\n\n<li><a href='?page_no=14089'>14089<\/a><\/li>\n\n\n\n<li><a>...<\/a><\/li>\n\n\n\n<li><a href='?page_no=30472'>30472<\/a><\/li>\n\n\n\n<li><a href='?page_no=30473'>30473<\/a><\/li>\n\n    \n\t\n\n<li >\n\t<a href='?page_no=14088'>Next<\/a>\n\t<\/li>\n\n\n    \n\n<li><a href='?page_no=30473'>Last &rsaquo;&rsaquo;<\/a><\/li>\n\n<\/ul>\n\n\n--><br \/>\n<\/body><\/p>\n","protected":false},"excerpt":{"rendered":"<p>Santo Domingo, RD, 12 de diciembre. En la Rep\u00fablica Dominicana, un programa orientado a los j\u00f3venes Ni-Ni, que combin\u00f3capacitaci\u00f3n en el aula y en el puesto de trabajo mediante pasant\u00edas, demostr\u00f3 tener impacto en la reducci\u00f3n del embarazo adolescente, la pertenencia a pandillas, la violencia y otras conductas de riesgo, de acuerdo al informe del [&hellip;]<\/p>\n","protected":false},"author":3,"featured_media":0,"comment_status":"open","ping_status":"open","sticky":false,"template":"","format":"standard","meta":{"footnotes":""},"categories":[18],"tags":[],"class_list":["post-98539","post","type-post","status-publish","format-standard","hentry","category-economia"],"_links":{"self":[{"href":"https:\/\/diariodominicano.com\/index.php?rest_route=\/wp\/v2\/posts\/98539","targetHints":{"allow":["GET"]}}],"collection":[{"href":"https:\/\/diariodominicano.com\/index.php?rest_route=\/wp\/v2\/posts"}],"about":[{"href":"https:\/\/diariodominicano.com\/index.php?rest_route=\/wp\/v2\/types\/post"}],"author":[{"embeddable":true,"href":"https:\/\/diariodominicano.com\/index.php?rest_route=\/wp\/v2\/users\/3"}],"replies":[{"embeddable":true,"href":"https:\/\/diariodominicano.com\/index.php?rest_route=%2Fwp%2Fv2%2Fcomments&post=98539"}],"version-history":[{"count":0,"href":"https:\/\/diariodominicano.com\/index.php?rest_route=\/wp\/v2\/posts\/98539\/revisions"}],"wp:attachment":[{"href":"https:\/\/diariodominicano.com\/index.php?rest_route=%2Fwp%2Fv2%2Fmedia&parent=98539"}],"wp:term":[{"taxonomy":"category","embeddable":true,"href":"https:\/\/diariodominicano.com\/index.php?rest_route=%2Fwp%2Fv2%2Fcategories&post=98539"},{"taxonomy":"post_tag","embeddable":true,"href":"https:\/\/diariodominicano.com\/index.php?rest_route=%2Fwp%2Fv2%2Ftags&post=98539"}],"curies":[{"name":"wp","href":"https:\/\/api.w.org\/{rel}","templated":true}]}}