{"id":98538,"date":"2013-12-12T20:32:04","date_gmt":"2013-12-12T20:32:04","guid":{"rendered":"http:\/\/diariodominicano.ddns.net\/?p=98538"},"modified":"2013-12-12T20:32:04","modified_gmt":"2013-12-12T20:32:04","slug":"rd-es-considerada-por-la-comision-europea-como-un-socio-estrategico","status":"publish","type":"post","link":"https:\/\/diariodominicano.com\/?p=98538","title":{"rendered":"&#13;&#13;RD es considerada por la Comisi\u00f3n Europea como un socio estrat\u00e9gico"},"content":{"rendered":"<p><body><\/p>\n<\/p>\n<p>Bruselas, 12 de diciembre.- La Comisi\u00f3n Europea para Am\u00e9rica Latina y el Caribe, tiene a la Rep\u00fablica Dominicana como un socio estrat\u00e9gico, y a la vez se siente complacida con el Programa de Cooperaci\u00f3n que se lleva a cabo en el pa\u00eds, con financiamiento del Fondo Europeo de Desarrollo FED.<\/p>\n<\/p>\n<p>La consideraci\u00f3n le fue externada al pa\u00eds por la directora nacional del organismo, se\u00f1ora Jolita Butkeviciene, v\u00eda el Ordenador Nacional de los Fondos Europeos para el Desarrollo, ingeniero Antonio Vargas Hern\u00e1ndez, en un encuentro bilateral que ambos sostuvieron en Bruselas.<\/p>\n<\/p>\n<p>La reuni\u00f3n entre ambos, se produjo en el marco de la 98ava. Sesi\u00f3n del Consejo de Ministros del Grupo de \u00c1frica, Caribe y Pac\u00edfico (ACP), celebrado del 9 al 11 de este mes en la naci\u00f3n sede de la Uni\u00f3n Europea, donde Vargas Hern\u00e1ndez estuvo acompa\u00f1ado por la licenciada Lidia Encarnaci\u00f3n y otros funcionarios de la Direcci\u00f3n General de Cooperaci\u00f3n Multilateral (DIGECOOM).<\/p>\n<\/p>\n<p>Butkeviciene, asimismo, ponder\u00f3 la efectividad de los aportes realizados con destino a las \u00e1reas de educaci\u00f3n, reformas de la administraci\u00f3n p\u00fablica, mejora de la gesti\u00f3n de las finanzas p\u00fablicas, comercio, apoyo a la competitividad, entre otras.<\/p>\n<\/p>\n<p>De su lado, el Ordenador Vargas Hern\u00e1ndez, en nombre del gobierno dominicano, le expres\u00f3 gratitudes a la Uni\u00f3n Europea, por la solidaridad con el pa\u00eds, con las contribuciones hechas desde la entrada a Lome IV, as\u00ed como por el trabajo conjunto, lo cual ha permitido un buen aprovechamiento de la cooperaci\u00f3n.<\/p>\n<\/p>\n<p>Los niveles de ejecuci\u00f3n e implementaci\u00f3n de dicha cooperaci\u00f3n, agreg\u00f3, pueden considerarse como modelos en el marco de los pa\u00edses de \u00c1frica, Caribe y Pac\u00edfico (ACP).<\/p>\n<\/p>\n<p>El funcionario dominicano solicit\u00f3 informaci\u00f3n sobre los desembolsos pendientes del 2013, de los programas de apoyo presupuestario, actualmente en implementaci\u00f3n. En tal sentido, se le comunic\u00f3, que los desembolsos ser\u00edan efectuados antes de finalizar el a\u00f1o.<\/p>\n<\/p>\n<p>En otro orden,  Butkeviciene y Vargas Hern\u00e1ndez, pasaron revista a la implementaci\u00f3n de los programas en curso, en el marco del 10mo. FED, tanto nacionales, como binacionales con Hait\u00ed.<\/p>\n<\/p>\n<p>Sobre este particular,  el Ordenador  Nacional, reiter\u00f3 su firme compromiso de adoptar todas las medidas necesarias, a fin de que los mismos sean ejecutados de manera eficiente y se logren los objetivos planteados.<\/p>\n<\/p>\n<p>Finalmente, fue abordado el tema de la Programaci\u00f3n del 11avo. FED, para el per\u00edodo 2014 &#8211; 2020, a trav\u00e9s del cual se apoyar\u00e1  al pa\u00eds en lo relativo al desarrollo productivo inclusivo y el desarrollo de capacidades para el empleo de calidad, as\u00ed como la consolidaci\u00f3n institucional y las reformas de la administraci\u00f3n p\u00fablica, temas considerados prioritarios.<\/p>\n<h6> 2013-12-12 20:32:04 <\/h6>\n<p><!--\n<link rel=\"stylesheet\" href=\"css\/bootstrap.min.css\">\n\n\n<ul class=\"pagination\">\n\t    \n\t\n\n<li >\n\t<a href='?page_no=14085'>Previous<\/a>\n\t<\/li>\n\n\n       \n    \n\n<li><a href='?page_no=1'>1<\/a><\/li>\n\n\n\n<li><a href='?page_no=2'>2<\/a><\/li>\n\n\n\n<li><a>...<\/a><\/li>\n\n\n\n<li><a href='?page_no=14084'>14084<\/a><\/li>\n\n\n\n<li><a href='?page_no=14085'>14085<\/a><\/li>\n\n\n\n<li class='active'><a>14086<\/a><\/li>\n\n\n\n<li><a href='?page_no=14087'>14087<\/a><\/li>\n\n\n\n<li><a href='?page_no=14088'>14088<\/a><\/li>\n\n\n\n<li><a>...<\/a><\/li>\n\n\n\n<li><a href='?page_no=30472'>30472<\/a><\/li>\n\n\n\n<li><a href='?page_no=30473'>30473<\/a><\/li>\n\n    \n\t\n\n<li >\n\t<a href='?page_no=14087'>Next<\/a>\n\t<\/li>\n\n\n    \n\n<li><a href='?page_no=30473'>Last &rsaquo;&rsaquo;<\/a><\/li>\n\n<\/ul>\n\n\n--><br \/>\n<\/body><\/p>\n","protected":false},"excerpt":{"rendered":"<p>Bruselas, 12 de diciembre.- La Comisi\u00f3n Europea para Am\u00e9rica Latina y el Caribe, tiene a la Rep\u00fablica Dominicana como un socio estrat\u00e9gico, y a la vez se siente complacida con el Programa de Cooperaci\u00f3n que se lleva a cabo en el pa\u00eds, con financiamiento del Fondo Europeo de Desarrollo FED. La consideraci\u00f3n le fue externada [&hellip;]<\/p>\n","protected":false},"author":3,"featured_media":0,"comment_status":"open","ping_status":"open","sticky":false,"template":"","format":"standard","meta":{"footnotes":""},"categories":[18],"tags":[],"class_list":["post-98538","post","type-post","status-publish","format-standard","hentry","category-economia"],"_links":{"self":[{"href":"https:\/\/diariodominicano.com\/index.php?rest_route=\/wp\/v2\/posts\/98538","targetHints":{"allow":["GET"]}}],"collection":[{"href":"https:\/\/diariodominicano.com\/index.php?rest_route=\/wp\/v2\/posts"}],"about":[{"href":"https:\/\/diariodominicano.com\/index.php?rest_route=\/wp\/v2\/types\/post"}],"author":[{"embeddable":true,"href":"https:\/\/diariodominicano.com\/index.php?rest_route=\/wp\/v2\/users\/3"}],"replies":[{"embeddable":true,"href":"https:\/\/diariodominicano.com\/index.php?rest_route=%2Fwp%2Fv2%2Fcomments&post=98538"}],"version-history":[{"count":0,"href":"https:\/\/diariodominicano.com\/index.php?rest_route=\/wp\/v2\/posts\/98538\/revisions"}],"wp:attachment":[{"href":"https:\/\/diariodominicano.com\/index.php?rest_route=%2Fwp%2Fv2%2Fmedia&parent=98538"}],"wp:term":[{"taxonomy":"category","embeddable":true,"href":"https:\/\/diariodominicano.com\/index.php?rest_route=%2Fwp%2Fv2%2Fcategories&post=98538"},{"taxonomy":"post_tag","embeddable":true,"href":"https:\/\/diariodominicano.com\/index.php?rest_route=%2Fwp%2Fv2%2Ftags&post=98538"}],"curies":[{"name":"wp","href":"https:\/\/api.w.org\/{rel}","templated":true}]}}