{"id":98533,"date":"2013-12-13T15:24:51","date_gmt":"2013-12-13T15:24:51","guid":{"rendered":"http:\/\/diariodominicano.ddns.net\/?p=98533"},"modified":"2013-12-13T15:24:51","modified_gmt":"2013-12-13T15:24:51","slug":"surge-nuevo-gigante-de-comunicaciones-en-rd-altice-espera-aprobacion-del-gobierno-para-iniciar-operaciones","status":"publish","type":"post","link":"https:\/\/diariodominicano.com\/?p=98533","title":{"rendered":"Surge nuevo gigante de comunicaciones en RD; Altice espera aprobaci\u00f3n del gobierno para iniciar operaciones"},"content":{"rendered":"<p><body><\/p>\n<p><img decoding=\"async\" src=\"img3\/orange 13.php.html\" \/>  <\/p>\n<p>Santo Domingo RD 13 diciembre.- El grupo franc\u00e9s de cable y telecomunicaciones Altice inform\u00f3 este jueves que, una vez las autoridades de la Rep\u00fablica Dominicana den su aprobaci\u00f3n, fusionar\u00e1 las empresas Orange y Tricom para convertirlas en una sola compa\u00f1\u00eda bajo la sombrilla de la marca Orange.<\/p>\n<\/p>\n<p>Inform\u00f3 que el resultado de fusi\u00f3n pondr\u00e1 al acceso de los dominicanos \u00abla compa\u00f1\u00eda de servicios de telecomunicaciones m\u00e1s completa, capaz de ofrecer con el nivel m\u00e1s \u00f3ptimo los servicios combinados de televisi\u00f3n paga, internet de banda ancha, l\u00edneas telef\u00f3nicas fijas y m\u00f3viles\u00bb.<\/p>\n<\/p>\n<p>Durante un encuentro con periodistas, ejecutivos de Altice ofrecieron detalles sobre sus planes para la Rep\u00fablica Dominicana, tras la adquisici\u00f3n de la totalidad de las acciones de Orange Dominicana y Tricom, en una operaci\u00f3n que envuelve m\u00e1s de 1,800 millones de d\u00f3lares.<\/p>\n<\/p>\n<p>Se\u00f1alaron que su prop\u00f3sito fundamental es \u00abconectar a la Rep\u00fablica Dominicana con los m\u00e1s altos est\u00e1ndares de calidad en servicio e infraestructura tecnol\u00f3gica\u00bb.<\/p>\n<\/p>\n<p>En la rueda de prensa estuvieron Marc Rocher, principal ejecutivo de operaciones Tricom; Jean-Michel Hegesippe, CEO de Altice Overseas; Patrick Drahi, fundador del Grupo Altice; Jean-Michel Garrouteigt, presidente de Orange; Eduardo Valc\u00e1rcel, VP de Comunicaci\u00f3n y Marca de Orange Dominicana; Jean-Pierre Gastaud, jefe de la Misi\u00f3n Economica de la Embajada de Francia; Marc Rocher, principal ejecutivo de operaciones de Tricom; Patrick Drahi, fundador de Grupo Altice; Jean-Michel Hegesippe, CEO de Altice Overseas y Jean-Michel Garrouteigt, presidente de Orange.<\/p>\n<p><strong>Sobre Altice Group<\/strong><\/p>\n<p>Altice Group es una compa\u00f1\u00eda de cable y telecomunicaciones fundada en Francia en 1994. Ha propiciado una consolidaci\u00f3n importante del servicio de cable en el mercado europeo, hasta llegar a convertirse en la segunda empresa m\u00e1s grande de cable de dicho pa\u00eds, con influencia en otros mercados. Ha hecho 13 adquisiciones en menos de cinco a\u00f1os. Recibe ingresos por 4.5 <\/p>\n<p>billones de euros, posee 10.1 millones de suscriptores y 10,000 colaboradores, directos e indirectos y ha hecho inversiones superiores a un bill\u00f3n de euros por a\u00f1o.<\/p>\n<\/p>\n<p>Como parte de su visi\u00f3n de crecimiento y expansi\u00f3n, Altice tiene una fuerte presencia las islas caribe\u00f1as de Martinica y Guadalupe, y ahora llega a la Republica Dominicana, el principal mercado de la regi\u00f3n.<\/p>\n<\/p>\n<p><strong>Escenario \u00abcompetitivo\u00bb<\/strong><\/p>\n<p>\u00abEl escenario competitivo que se va a generar con la nueva empresa, beneficiar\u00e1 grandemente al mercado dominicano ya que la estrategia de Altice esta fundamentada en implementar la tecnolog\u00eda de avanzada mundialmente disponible con los m\u00e1s atractivos precios y planes en todos los segmentos de productos\u00bb, dice una nota de prensa.<\/p>\n<\/p>\n<p>Agrega que la conjugaci\u00f3n de las fortalezas de Tricom y Orange crear\u00e1 en Dominicana un reto enorme y que en lo que a ellos respecta, competir\u00e1n con una estrategia \u00abcuadruple-play\u00bb a trav\u00e9s del cual, en un solo servicio, el cliente optar\u00e1 por todos los servicios de comunicaci\u00f3n fija y m\u00f3vil.<\/p>\n<\/p>\n<p>\u00abDesplegaremos ofertas asequibles para todos los segmentos de la poblaci\u00f3n\u00bb, dijo Patrick Drahi, fundador del Grupo Altice.Agreg\u00f3 que entre sus planes a corto plazo figura tener presencia en toda la Rep\u00fablica Dominicana y desarrollar nuevas tecnolog\u00edas con fibra opticay 4G.<\/p>\n<\/p>\n<p>Declar\u00f3 que colaborar\u00e1n con peque\u00f1as empresas de telecomunicaciones y otros medios de comunicaci\u00f3n, manteniendo siempre un compromiso permanente con la educaci\u00f3n y la salud de la comunidad.<\/p>\n<h6> 2013-12-13 15:24:51 <\/h6>\n<p><!--\n<link rel=\"stylesheet\" href=\"css\/bootstrap.min.css\">\n\n\n<ul class=\"pagination\">\n\t    \n\t\n\n<li >\n\t<a href='?page_no=14080'>Previous<\/a>\n\t<\/li>\n\n\n       \n    \n\n<li><a href='?page_no=1'>1<\/a><\/li>\n\n\n\n<li><a href='?page_no=2'>2<\/a><\/li>\n\n\n\n<li><a>...<\/a><\/li>\n\n\n\n<li><a href='?page_no=14079'>14079<\/a><\/li>\n\n\n\n<li><a href='?page_no=14080'>14080<\/a><\/li>\n\n\n\n<li class='active'><a>14081<\/a><\/li>\n\n\n\n<li><a href='?page_no=14082'>14082<\/a><\/li>\n\n\n\n<li><a href='?page_no=14083'>14083<\/a><\/li>\n\n\n\n<li><a>...<\/a><\/li>\n\n\n\n<li><a href='?page_no=30472'>30472<\/a><\/li>\n\n\n\n<li><a href='?page_no=30473'>30473<\/a><\/li>\n\n    \n\t\n\n<li >\n\t<a href='?page_no=14082'>Next<\/a>\n\t<\/li>\n\n\n    \n\n<li><a href='?page_no=30473'>Last &rsaquo;&rsaquo;<\/a><\/li>\n\n<\/ul>\n\n\n--><br \/>\n<\/body><\/p>\n","protected":false},"excerpt":{"rendered":"<p>Santo Domingo RD 13 diciembre.- El grupo franc\u00e9s de cable y telecomunicaciones Altice inform\u00f3 este jueves que, una vez las autoridades de la Rep\u00fablica Dominicana den su aprobaci\u00f3n, fusionar\u00e1 las empresas Orange y Tricom para convertirlas en una sola compa\u00f1\u00eda bajo la sombrilla de la marca Orange. Inform\u00f3 que el resultado de fusi\u00f3n pondr\u00e1 al [&hellip;]<\/p>\n","protected":false},"author":3,"featured_media":0,"comment_status":"open","ping_status":"open","sticky":false,"template":"","format":"standard","meta":{"footnotes":""},"categories":[18],"tags":[],"class_list":["post-98533","post","type-post","status-publish","format-standard","hentry","category-economia"],"_links":{"self":[{"href":"https:\/\/diariodominicano.com\/index.php?rest_route=\/wp\/v2\/posts\/98533","targetHints":{"allow":["GET"]}}],"collection":[{"href":"https:\/\/diariodominicano.com\/index.php?rest_route=\/wp\/v2\/posts"}],"about":[{"href":"https:\/\/diariodominicano.com\/index.php?rest_route=\/wp\/v2\/types\/post"}],"author":[{"embeddable":true,"href":"https:\/\/diariodominicano.com\/index.php?rest_route=\/wp\/v2\/users\/3"}],"replies":[{"embeddable":true,"href":"https:\/\/diariodominicano.com\/index.php?rest_route=%2Fwp%2Fv2%2Fcomments&post=98533"}],"version-history":[{"count":0,"href":"https:\/\/diariodominicano.com\/index.php?rest_route=\/wp\/v2\/posts\/98533\/revisions"}],"wp:attachment":[{"href":"https:\/\/diariodominicano.com\/index.php?rest_route=%2Fwp%2Fv2%2Fmedia&parent=98533"}],"wp:term":[{"taxonomy":"category","embeddable":true,"href":"https:\/\/diariodominicano.com\/index.php?rest_route=%2Fwp%2Fv2%2Fcategories&post=98533"},{"taxonomy":"post_tag","embeddable":true,"href":"https:\/\/diariodominicano.com\/index.php?rest_route=%2Fwp%2Fv2%2Ftags&post=98533"}],"curies":[{"name":"wp","href":"https:\/\/api.w.org\/{rel}","templated":true}]}}