{"id":98532,"date":"2013-12-13T15:39:42","date_gmt":"2013-12-13T15:39:42","guid":{"rendered":"http:\/\/diariodominicano.ddns.net\/?p=98532"},"modified":"2013-12-13T15:39:42","modified_gmt":"2013-12-13T15:39:42","slug":"viceministro-de-turismo-dice-trabajos-en-ciudad-colonial-se-encuentran-avanzados","status":"publish","type":"post","link":"https:\/\/diariodominicano.com\/?p=98532","title":{"rendered":"Viceministro de Turismo dice trabajos en Ciudad Colonial se encuentran avanzados"},"content":{"rendered":"<p><body><\/p>\n<p><img decoding=\"async\" src=\"img3\/fausto 13.jpg\" \/>  <\/p>\n<p>Santo Domingo, R.D.- El vice ministro de Turismo, Fausto Fern\u00e1ndez, afirm\u00f3  que los trabajos de remodelaci\u00f3n de la Ciudad Colonial se agilizan con el objetivo de culminar lo antes posible, a fin de proporcionar una oferta complementaria que tenga  las condiciones que se merecen los turistas nacionales  e internacionales.<\/p>\n<\/p>\n<p> Fern\u00e1ndez expres\u00f3 sus consideraciones en el marco de la realizaci\u00f3n del primer Congreso Internacional de Periodistas y Editores, que celebra la organizaci\u00f3n \u00abCompa\u00f1eros Nacionales de Periodistas y Editores A.C, CONAPE.<\/p>\n<\/p>\n<p> Manifest\u00f3 que el proyecto \u00abCiudad Colonial\u00bb marcar\u00e1 un antes y un despu\u00e9s en la historia de la Rep\u00fablica Dominicana, porque cuando est\u00e9 terminado recibir\u00e1 una gran afluencia de turistas que llegan por el  polo tur\u00edstico de B\u00e1varo- Punta Cana, motivados por las obras de infraestructura vial que ejecuta el gobierno central.<\/p>\n<\/p>\n<p> Record\u00f3 que la presente administraci\u00f3n gubernamental est\u00e1 ejecutando trabajos importantes para el desarrollo del turismo, cit\u00f3 el boulevard de San Pedro-La Romana y la autov\u00eda del Coral, como parte de esas realizaciones.<\/p>\n<\/p>\n<p> Fern\u00e1ndez expres\u00f3 que con la construcci\u00f3n de la autov\u00eda del Coral y  otras acciones conjuntas,  la Ciudad Colonial se est\u00e1 transformando en el objetivo primordial para ser visitada por  turistas nativos  y extranjeros  que antes ve\u00edan como una odisea la llegada hasta ese lugar hist\u00f3rico.<\/p>\n<\/p>\n<p> Asimismo anunci\u00f3 que despu\u00e9s de la  remodelaci\u00f3n del  Casco urbano, de manera planificada y  a su debido tiempo, se dar\u00e1  inicio a una serie de proyectos en el Gran Santo Domingo para fortalecer el turismo en esa demarcaci\u00f3n.<\/p>\n<\/p>\n<p> \u00abPero no tenemos una varita m\u00e1gica para decir y hacer las cosas en dos minutos o en dos d\u00edas. Por eso estamos comenzando por el centro hist\u00f3rico, que es lo que realmente tiene mayor trascendencia e inter\u00e9s para los turistas que visitan la Ciudad Colonial\u00bb, precis\u00f3 el funcionario del Mitur<\/p>\n<\/p>\n<p>Indic\u00f3 que el pa\u00eds est\u00e1 abocado a trillar el camino del \u00e9xito y comprometido a seguir siendo el l\u00edder del turismo en toda la regi\u00f3n del Caribe.<\/p>\n<\/p>\n<p> Del mismo modo revel\u00f3 que el proyecto de remozamiento de la Ciudad Colonial se est\u00e1 llevando a cabo con fondos, en calidad de pr\u00e9stamo, del Banco Interamericano  de Desarrollo.<\/p>\n<\/p>\n<p> El funcionario solicit\u00f3 a los  habitantes de la Ciudad Colonial su cooperaci\u00f3n con el desarrollo de los trabajos de remodelaci\u00f3n, a sabiendas de que en un futuro, no muy lejano, la urbe se transformar\u00e1 en una metr\u00f3poli a la altura de las m\u00e1s hermosas capitales del mundo.<\/p>\n<\/p>\n<p> Se\u00f1al\u00f3 que aunque los trabajos van a buen ritmo, es necesario tener paciencia ya que en al  inicio generan muchas incomodidades pero por los resultados se transforman en bendiciones.<\/p>\n<\/p>\n<p> \u00abNos vamos a sentir orgullosos en el ma\u00f1ana y estaremos satisfechos porque  vali\u00f3 la pena el sacrificio\u00bb, acot\u00f3 Fern\u00e1ndez.<\/p>\n<\/p>\n<p> Resalt\u00f3 que el Mitur est\u00e1 implementando en la Ciudad Colonial el  programa Ay\u00fadame a   Pintar tu Casa\u00bb, con el que se  ha logrado cambiar la fachada a  m\u00e1s de  250 viviendas las cuales tienen ahora mejor vistosidad.<\/p>\n<\/p>\n<p> Agreg\u00f3 que por decisi\u00f3n del Ministro de Turismo, Francisco Javier Garc\u00eda, los fondos se han estado destinando en la direcci\u00f3n de proporcionar una nueva vida a todo el sector de la Ciudad Colonial.<\/p>\n<\/p>\n<p> El funcionario del Mitur aprovech\u00f3 la ocasi\u00f3n para agradecer, de parte del Ministro de Turismo,  la invitaci\u00f3n al importante c\u00f3nclave que se celebra del 11 al 13 del corriente mes, en Sal\u00f3n de Conferencias del Palacio de las Telecomunicaciones con la participaci\u00f3n de profesionales de la comunicaci\u00f3n de al menos 25 pa\u00edses.<\/p>\n<\/p>\n<p>  En la actividad estuvieron presentes Jacqueline Mej\u00eda, Karen  Santamar\u00eda,  presidenta y vicepresidenta, respectivamente del Conape para Rep\u00fablica Dominicana; Alicia Erazo, Alex Mungu\u00eda Salazar, secretario general de la misma instituci\u00f3n  a nivel internacional; Miguel Estrella Toribio, Jos\u00e9 Antonio Torres, gerente de comunicaciones de Indotel y el general de la Polic\u00eda Nacional  Alejandro Dipr\u00e9 Sierra.<\/p>\n<\/p>\n<h6> 2013-12-13 15:39:42 <\/h6>\n<p><!--\n<link rel=\"stylesheet\" href=\"css\/bootstrap.min.css\">\n\n\n<ul class=\"pagination\">\n\t    \n\t\n\n<li >\n\t<a href='?page_no=14079'>Previous<\/a>\n\t<\/li>\n\n\n       \n    \n\n<li><a href='?page_no=1'>1<\/a><\/li>\n\n\n\n<li><a href='?page_no=2'>2<\/a><\/li>\n\n\n\n<li><a>...<\/a><\/li>\n\n\n\n<li><a href='?page_no=14078'>14078<\/a><\/li>\n\n\n\n<li><a href='?page_no=14079'>14079<\/a><\/li>\n\n\n\n<li class='active'><a>14080<\/a><\/li>\n\n\n\n<li><a href='?page_no=14081'>14081<\/a><\/li>\n\n\n\n<li><a href='?page_no=14082'>14082<\/a><\/li>\n\n\n\n<li><a>...<\/a><\/li>\n\n\n\n<li><a href='?page_no=30472'>30472<\/a><\/li>\n\n\n\n<li><a href='?page_no=30473'>30473<\/a><\/li>\n\n    \n\t\n\n<li >\n\t<a href='?page_no=14081'>Next<\/a>\n\t<\/li>\n\n\n    \n\n<li><a href='?page_no=30473'>Last &rsaquo;&rsaquo;<\/a><\/li>\n\n<\/ul>\n\n\n--><br \/>\n<\/body><\/p>\n","protected":false},"excerpt":{"rendered":"<p>Santo Domingo, R.D.- El vice ministro de Turismo, Fausto Fern\u00e1ndez, afirm\u00f3 que los trabajos de remodelaci\u00f3n de la Ciudad Colonial se agilizan con el objetivo de culminar lo antes posible, a fin de proporcionar una oferta complementaria que tenga las condiciones que se merecen los turistas nacionales e internacionales. Fern\u00e1ndez expres\u00f3 sus consideraciones en el [&hellip;]<\/p>\n","protected":false},"author":3,"featured_media":0,"comment_status":"open","ping_status":"open","sticky":false,"template":"","format":"standard","meta":{"footnotes":""},"categories":[18],"tags":[],"class_list":["post-98532","post","type-post","status-publish","format-standard","hentry","category-economia"],"_links":{"self":[{"href":"https:\/\/diariodominicano.com\/index.php?rest_route=\/wp\/v2\/posts\/98532","targetHints":{"allow":["GET"]}}],"collection":[{"href":"https:\/\/diariodominicano.com\/index.php?rest_route=\/wp\/v2\/posts"}],"about":[{"href":"https:\/\/diariodominicano.com\/index.php?rest_route=\/wp\/v2\/types\/post"}],"author":[{"embeddable":true,"href":"https:\/\/diariodominicano.com\/index.php?rest_route=\/wp\/v2\/users\/3"}],"replies":[{"embeddable":true,"href":"https:\/\/diariodominicano.com\/index.php?rest_route=%2Fwp%2Fv2%2Fcomments&post=98532"}],"version-history":[{"count":0,"href":"https:\/\/diariodominicano.com\/index.php?rest_route=\/wp\/v2\/posts\/98532\/revisions"}],"wp:attachment":[{"href":"https:\/\/diariodominicano.com\/index.php?rest_route=%2Fwp%2Fv2%2Fmedia&parent=98532"}],"wp:term":[{"taxonomy":"category","embeddable":true,"href":"https:\/\/diariodominicano.com\/index.php?rest_route=%2Fwp%2Fv2%2Fcategories&post=98532"},{"taxonomy":"post_tag","embeddable":true,"href":"https:\/\/diariodominicano.com\/index.php?rest_route=%2Fwp%2Fv2%2Ftags&post=98532"}],"curies":[{"name":"wp","href":"https:\/\/api.w.org\/{rel}","templated":true}]}}