{"id":98529,"date":"2013-12-13T19:25:56","date_gmt":"2013-12-13T19:25:56","guid":{"rendered":"http:\/\/diariodominicano.ddns.net\/?p=98529"},"modified":"2013-12-13T19:25:56","modified_gmt":"2013-12-13T19:25:56","slug":"comerciantes-apoyan-gestion-del-ministro-de-agricultura","status":"publish","type":"post","link":"https:\/\/diariodominicano.com\/?p=98529","title":{"rendered":"Comerciantes apoyan gesti\u00f3n del Ministro de Agricultura&#13;"},"content":{"rendered":"<p><body><\/p>\n<p><img decoding=\"async\" src=\"img3\/comerciantes.jpg\" \/>  <\/p>\n<p><span class=\"text1noticias\">Santo Domingo, RD, 13 de Diciembre.- El ministro de Agricultura, Luis Ram\u00f3n Rodr\u00edguez recibi\u00f3 un reconocimiento de la confederaci\u00f3n del Comercio de Provisiones y Pymes de la Rep\u00fablica Dominicana (Confecomercio), por el crecimiento sostenido experimentado por el sector agropecuario durante su gesti\u00f3n.<\/span><\/p>\n<\/p>\n<p><span class=\"text1noticias\">En un encuentro navide\u00f1o, donde el funcionario fue el invitado de honor, y  donde estaban presentes los l\u00edderes nacionales del comercio organizados en la Confecomercio, Rodr\u00edguez agradeci\u00f3 el apoyo, y dijo que el gesto lo compromete a seguir trabajando a favor de las grandes mayor\u00edas del pa\u00eds.<\/span><\/p>\n<\/p>\n<p><span class=\"text1noticias\">El Ministro de Agricultura explic\u00f3 que en el 2013, las asignaciones de los contingentes arancelarios de importaci\u00f3n se hicieron como establece el decreto 569-12, que crea su administraci\u00f3n, lo que permiti\u00f3 superar distorsiones del pasado que se presentaban en su manejo y que perjudicaban al comercio.<\/span><\/p>\n<\/p>\n<p><span class=\"text1noticias\">Asegur\u00f3 que para el 2014 se trabajar\u00e1 con la misma metodolog\u00eda de entregar las asignaciones a dos o tres compa\u00f1\u00edas que representen a todas las asociaciones de comerciantes, porque no se pueden entregar de manera individual.<\/span><\/p>\n<\/p>\n<p><span class=\"text1noticias\">Mientras, Gilberto Luna, presidente de Confecomercio, felicit\u00f3 el ministro Rodr\u00edguez por la pol\u00edtica de direcci\u00f3n al frente del Ministerio de Agricultura, lo que asegura le ha permitido ser un eficiente interlocutor entre productores, comerciantes y consumidores.<\/span><\/p>\n<\/p>\n<p><span class=\"text1noticias\">El dirigente comerciante present\u00f3 a Rodr\u00edguez todos los coordinadores nacionales, regionales y provinciales de la Confecomercio para que los reconozca y los tome en cuenta a la hora de consensuar la asignaci\u00f3n de los contingentes para el 2014.<\/span><\/p>\n<\/p>\n<p><span class=\"text1noticias\">En tanto, Francis Mancebo, director nacional de la Confecomercio, dijo que el sector comercio est\u00e1 comprometido con el ministro Rodr\u00edguez, porque el funcionario es un amigo del sector, que lo ha defendido cuando ha sido necesario.<\/span><\/p>\n<\/p>\n<p><span class=\"text1noticias\">\u00abEl nos ha ayudado, y nos va a seguir ayudando; nosotros tenemos que ayudarlo y apoyarlo en todas sus aspiraciones\u00bb, el expres\u00f3 Mancebo.<\/span><\/p>\n<\/p>\n<p><span class=\"text1noticias\">En la actividad, Luis Ram\u00f3n Rodr\u00edguez estuvo acompa\u00f1ado por los viceministros de Producci\u00f3n, Luis Yang\u00fcela, y de Desarrollo, Ismael Cruz, as\u00ed otros funcionarios del Ministerio.<\/span><\/p>\n<\/p>\n<p><span class=\"text1noticias\">Adem\u00e1s de Luna y Mancebo, la mesa de honor estuvo representada por los destacados comerciantes Manolo Troncoso, Dionisio Qui\u00f1ones, Apolinar Leyba, Luis Taveras, Rosa Pe\u00f1a y Divanis de Le\u00f3n.(HG)<\/span>.<\/p>\n<h6> 2013-12-13 19:25:56 <\/h6>\n<p><!--\n<link rel=\"stylesheet\" href=\"css\/bootstrap.min.css\">\n\n\n<ul class=\"pagination\">\n\t    \n\t\n\n<li >\n\t<a href='?page_no=14077'>Previous<\/a>\n\t<\/li>\n\n\n       \n    \n\n<li><a href='?page_no=1'>1<\/a><\/li>\n\n\n\n<li><a href='?page_no=2'>2<\/a><\/li>\n\n\n\n<li><a>...<\/a><\/li>\n\n\n\n<li><a href='?page_no=14076'>14076<\/a><\/li>\n\n\n\n<li><a href='?page_no=14077'>14077<\/a><\/li>\n\n\n\n<li class='active'><a>14078<\/a><\/li>\n\n\n\n<li><a href='?page_no=14079'>14079<\/a><\/li>\n\n\n\n<li><a href='?page_no=14080'>14080<\/a><\/li>\n\n\n\n<li><a>...<\/a><\/li>\n\n\n\n<li><a href='?page_no=30472'>30472<\/a><\/li>\n\n\n\n<li><a href='?page_no=30473'>30473<\/a><\/li>\n\n    \n\t\n\n<li >\n\t<a href='?page_no=14079'>Next<\/a>\n\t<\/li>\n\n\n    \n\n<li><a href='?page_no=30473'>Last &rsaquo;&rsaquo;<\/a><\/li>\n\n<\/ul>\n\n\n--><br \/>\n<\/body><\/p>\n","protected":false},"excerpt":{"rendered":"<p>Santo Domingo, RD, 13 de Diciembre.- El ministro de Agricultura, Luis Ram\u00f3n Rodr\u00edguez recibi\u00f3 un reconocimiento de la confederaci\u00f3n del Comercio de Provisiones y Pymes de la Rep\u00fablica Dominicana (Confecomercio), por el crecimiento sostenido experimentado por el sector agropecuario durante su gesti\u00f3n. En un encuentro navide\u00f1o, donde el funcionario fue el invitado de honor, y [&hellip;]<\/p>\n","protected":false},"author":3,"featured_media":0,"comment_status":"open","ping_status":"open","sticky":false,"template":"","format":"standard","meta":{"footnotes":""},"categories":[18],"tags":[],"class_list":["post-98529","post","type-post","status-publish","format-standard","hentry","category-economia"],"_links":{"self":[{"href":"https:\/\/diariodominicano.com\/index.php?rest_route=\/wp\/v2\/posts\/98529","targetHints":{"allow":["GET"]}}],"collection":[{"href":"https:\/\/diariodominicano.com\/index.php?rest_route=\/wp\/v2\/posts"}],"about":[{"href":"https:\/\/diariodominicano.com\/index.php?rest_route=\/wp\/v2\/types\/post"}],"author":[{"embeddable":true,"href":"https:\/\/diariodominicano.com\/index.php?rest_route=\/wp\/v2\/users\/3"}],"replies":[{"embeddable":true,"href":"https:\/\/diariodominicano.com\/index.php?rest_route=%2Fwp%2Fv2%2Fcomments&post=98529"}],"version-history":[{"count":0,"href":"https:\/\/diariodominicano.com\/index.php?rest_route=\/wp\/v2\/posts\/98529\/revisions"}],"wp:attachment":[{"href":"https:\/\/diariodominicano.com\/index.php?rest_route=%2Fwp%2Fv2%2Fmedia&parent=98529"}],"wp:term":[{"taxonomy":"category","embeddable":true,"href":"https:\/\/diariodominicano.com\/index.php?rest_route=%2Fwp%2Fv2%2Fcategories&post=98529"},{"taxonomy":"post_tag","embeddable":true,"href":"https:\/\/diariodominicano.com\/index.php?rest_route=%2Fwp%2Fv2%2Ftags&post=98529"}],"curies":[{"name":"wp","href":"https:\/\/api.w.org\/{rel}","templated":true}]}}