{"id":98526,"date":"2013-12-14T14:22:44","date_gmt":"2013-12-14T14:22:44","guid":{"rendered":"http:\/\/diariodominicano.ddns.net\/?p=98526"},"modified":"2013-12-14T14:22:44","modified_gmt":"2013-12-14T14:22:44","slug":"banco-mundial-valora-programa-juventud-y-empleo-desde-el-2001-se-ha-capacitado-a-75-mil-jovenes-ni-ni","status":"publish","type":"post","link":"https:\/\/diariodominicano.com\/?p=98526","title":{"rendered":"Banco Mundial valora programa Juventud y Empleo; desde el 2001 se ha capacitado a 75 mil j\u00f3venes \u00abni ni\u00bb"},"content":{"rendered":"<p><body><\/p>\n<p><img decoding=\"async\" src=\"img3\/mundial 14.jpeg\" \/>  <\/p>\n<p>Santo Domingo RD 14 diciembre.- En Rep\u00fablica Dominicana, un programa orientado a los j\u00f3venes \u00abNi-Ni\u00bb (que no estudian ni trabajan), que combin\u00f3 capacitaci\u00f3n en el aula y en el puesto de trabajo mediante pasant\u00edas, demostr\u00f3 tener impacto en la reducci\u00f3n del embarazo adolescente, la pertenencia a pandillas, la violencia y otras conductas de riesgo, de acuerdo con el informe de Desarrollo Mundial 2013 titulado Empleo, del Banco Mundial, presentado ayer en el pa\u00eds por el Ministerio de Trabajo con el acompa\u00f1amiento del citado banco.<\/p>\n<\/p>\n<p>Desde 2008 el programa Juventud y Empleo (JyP) del Ministerio de Trabajo, financiado a trav\u00e9s de un proyecto del Banco Mundial, ha incluido a m\u00e1s de 41,000 j\u00f3venes en riesgo en todo el territorio nacional. Adem\u00e1s en el marco del proyecto, el Ministerio de Trabajo desarroll\u00f3 un programa de empleo temporal denominado ?Santiago Trabaja?, que emple\u00f3 y capacit\u00f3 a 4,000 personas pobres en la regi\u00f3n del Cibao, al Norte del pa\u00eds.<\/p>\n<\/p>\n<p>Estos programas se implementan en articulaci\u00f3n con el Instituto Nacional de Formaci\u00f3n T\u00e9cnico Profesional (Infotep), centros de capacitaci\u00f3n privados y organizaciones de la sociedad civil.<\/p>\n<\/p>\n<p>De acuerdo con el informe del Banco Mundial las mujeres j\u00f3venes que recibieron capacitaci\u00f3n vocacional junto con destrezas de vida a trav\u00e9s del Programa JyP experimentaron mayores posibilidades de conseguir trabajo, mejores salarios y mayor satisfacci\u00f3n laboral.<\/p>\n<\/p>\n<p>La ministra de Trabajo, Maritza Hern\u00e1ndez, revel\u00f3 que en el primer a\u00f1o de la ejecuci\u00f3n del programa el 70% de los j\u00f3venes lograron insertarse al mercado laboral y un 30% de estos egresados volvi\u00f3 al sistema educativo formal a trav\u00e9s de la educaci\u00f3n b\u00e1sica de adultos.<\/p>\n<\/p>\n<p>\u00abEl informe revela que la pobreza disminuye a medida que la gente trabaja para salir de la miseria y a medida que los trabajos empoderan a las mujeres a invertir m\u00e1s en sus hijos. La eficiencia aumenta a medida que los trabajadores mejoran en lo que hacen, ya que aparecen m\u00e1s empleos productivos, y los menos productivos desaparecen. Las sociedades prosperan cuando los trabajos fomentan la diversidad y proporcionan alternativas a los conflictos,\u00bb expres\u00f3 Jesko Hentschel, uno de los autores principales del informe, quien tuvo a su cargo la presentaci\u00f3n. <\/p>\n<h6> 2013-12-14 14:22:44 <\/h6>\n<p><!--\n<link rel=\"stylesheet\" href=\"css\/bootstrap.min.css\">\n\n\n<ul class=\"pagination\">\n\t    \n\t\n\n<li >\n\t<a href='?page_no=14074'>Previous<\/a>\n\t<\/li>\n\n\n       \n    \n\n<li><a href='?page_no=1'>1<\/a><\/li>\n\n\n\n<li><a href='?page_no=2'>2<\/a><\/li>\n\n\n\n<li><a>...<\/a><\/li>\n\n\n\n<li><a href='?page_no=14073'>14073<\/a><\/li>\n\n\n\n<li><a href='?page_no=14074'>14074<\/a><\/li>\n\n\n\n<li class='active'><a>14075<\/a><\/li>\n\n\n\n<li><a href='?page_no=14076'>14076<\/a><\/li>\n\n\n\n<li><a href='?page_no=14077'>14077<\/a><\/li>\n\n\n\n<li><a>...<\/a><\/li>\n\n\n\n<li><a href='?page_no=30472'>30472<\/a><\/li>\n\n\n\n<li><a href='?page_no=30473'>30473<\/a><\/li>\n\n    \n\t\n\n<li >\n\t<a href='?page_no=14076'>Next<\/a>\n\t<\/li>\n\n\n    \n\n<li><a href='?page_no=30473'>Last &rsaquo;&rsaquo;<\/a><\/li>\n\n<\/ul>\n\n\n--><br \/>\n<\/body><\/p>\n","protected":false},"excerpt":{"rendered":"<p>Santo Domingo RD 14 diciembre.- En Rep\u00fablica Dominicana, un programa orientado a los j\u00f3venes \u00abNi-Ni\u00bb (que no estudian ni trabajan), que combin\u00f3 capacitaci\u00f3n en el aula y en el puesto de trabajo mediante pasant\u00edas, demostr\u00f3 tener impacto en la reducci\u00f3n del embarazo adolescente, la pertenencia a pandillas, la violencia y otras conductas de riesgo, de [&hellip;]<\/p>\n","protected":false},"author":3,"featured_media":0,"comment_status":"open","ping_status":"open","sticky":false,"template":"","format":"standard","meta":{"footnotes":""},"categories":[18],"tags":[],"class_list":["post-98526","post","type-post","status-publish","format-standard","hentry","category-economia"],"_links":{"self":[{"href":"https:\/\/diariodominicano.com\/index.php?rest_route=\/wp\/v2\/posts\/98526","targetHints":{"allow":["GET"]}}],"collection":[{"href":"https:\/\/diariodominicano.com\/index.php?rest_route=\/wp\/v2\/posts"}],"about":[{"href":"https:\/\/diariodominicano.com\/index.php?rest_route=\/wp\/v2\/types\/post"}],"author":[{"embeddable":true,"href":"https:\/\/diariodominicano.com\/index.php?rest_route=\/wp\/v2\/users\/3"}],"replies":[{"embeddable":true,"href":"https:\/\/diariodominicano.com\/index.php?rest_route=%2Fwp%2Fv2%2Fcomments&post=98526"}],"version-history":[{"count":0,"href":"https:\/\/diariodominicano.com\/index.php?rest_route=\/wp\/v2\/posts\/98526\/revisions"}],"wp:attachment":[{"href":"https:\/\/diariodominicano.com\/index.php?rest_route=%2Fwp%2Fv2%2Fmedia&parent=98526"}],"wp:term":[{"taxonomy":"category","embeddable":true,"href":"https:\/\/diariodominicano.com\/index.php?rest_route=%2Fwp%2Fv2%2Fcategories&post=98526"},{"taxonomy":"post_tag","embeddable":true,"href":"https:\/\/diariodominicano.com\/index.php?rest_route=%2Fwp%2Fv2%2Ftags&post=98526"}],"curies":[{"name":"wp","href":"https:\/\/api.w.org\/{rel}","templated":true}]}}