{"id":98524,"date":"2013-12-14T16:35:32","date_gmt":"2013-12-14T16:35:32","guid":{"rendered":"http:\/\/diariodominicano.ddns.net\/?p=98524"},"modified":"2013-12-14T16:35:32","modified_gmt":"2013-12-14T16:35:32","slug":"economista-carlos-cuello-pide-al-gobierno-ser-prudente-con-el-endeudamiento-publico","status":"publish","type":"post","link":"https:\/\/diariodominicano.com\/?p=98524","title":{"rendered":"Economista Carlos Cuello pide al gobierno ser prudente con el endeudamiento p\u00fablico"},"content":{"rendered":"<p><body><\/p>\n<p><img decoding=\"async\" src=\"img3\/cuello.JPG\" \/>  <\/p>\n<p><span class=\"text1noticias\">Santo Domingo, RD, 14 de Diciembre.-El Economista Carlos Cuello consider\u00f3 que los niveles de endeudamiento en que ha incurrido el Estado constituyen la principal preocupaci\u00f3n para la econom\u00eda nacional, raz\u00f3n por la cual aconsej\u00f3 al gobierno ser prudente en cuanto a la solicitud de nuevos prestamos.<\/span><\/p>\n<\/p>\n<p><span class=\"text1noticias\">Al participar en la entrevista central del programa Agenda Semanal, que produce el periodista Balbueno Medina, todos los s\u00e1bados a las 12 del mediod\u00eda por Santo Domingo TV, canales 69 de UHF y 24 de los sistemas nacional de cable, en tambi\u00e9n catedr\u00e1tico universitario dijo que los niveles de compromisos que tiene el gobierno dominicano con el pago de los inter\u00e9s de la deuda publica son tan altos que le han impedido destinar mayores recursos a la inversi\u00f3n social.<\/span><\/p>\n<\/p>\n<p><span class=\"text1noticias\">El licenciado Carlos Cuello, asegur\u00f3 sin embargo, que tanto los niveles de inflaci\u00f3n,la macroeconomia, as\u00ed como los dem\u00e1s \u00e1mbitos de la econom\u00eda nacional son manejables y est\u00e1n bajo absoluto control de las autoridades gubernamentales, raz\u00f3n por la cual descart\u00f3 cualquier tipo de peligro.<\/span><\/p>\n<\/p>\n<p><span class=\"text1noticias\">Cuello, consider\u00f3 que contrario al informe presentado por la Comisi\u00f3n Econ\u00f3mica de Am\u00e9rica Latina, CEPAL, que se\u00f1ala que Rep\u00fablica Dominicana terminara su crecimiento en el 2013 en un 3 por ciento, el mismo superara esas cifras, tras se\u00f1alar que en el ultimo trimestre  los indicadores econ\u00f3micos mejoraron considerablemente con relaci\u00f3n al inicio del a\u00f1o.<\/span><\/p>\n<\/p>\n<p><span class=\"text1noticias\">No obstante el profesional de la econom\u00eda, se mostr\u00f3 de acuerdo con las cifras de crecimiento de un 5 por ciento que dadas a conocer por la CEPAl para la econom\u00eda dominicana durante el a\u00f1o 2014, al considerar que todas las metas del gobierno se cumplieron durante el 2013 y el deficit fiscal fue reducido en 100 mil millones de pesos durante el a\u00f1o.(HG)<\/span>.<\/p>\n<h6> 2013-12-14 16:35:32 <\/h6>\n<p><!--\n<link rel=\"stylesheet\" href=\"css\/bootstrap.min.css\">\n\n\n<ul class=\"pagination\">\n\t    \n\t\n\n<li >\n\t<a href='?page_no=14072'>Previous<\/a>\n\t<\/li>\n\n\n       \n    \n\n<li><a href='?page_no=1'>1<\/a><\/li>\n\n\n\n<li><a href='?page_no=2'>2<\/a><\/li>\n\n\n\n<li><a>...<\/a><\/li>\n\n\n\n<li><a href='?page_no=14071'>14071<\/a><\/li>\n\n\n\n<li><a href='?page_no=14072'>14072<\/a><\/li>\n\n\n\n<li class='active'><a>14073<\/a><\/li>\n\n\n\n<li><a href='?page_no=14074'>14074<\/a><\/li>\n\n\n\n<li><a href='?page_no=14075'>14075<\/a><\/li>\n\n\n\n<li><a>...<\/a><\/li>\n\n\n\n<li><a href='?page_no=30472'>30472<\/a><\/li>\n\n\n\n<li><a href='?page_no=30473'>30473<\/a><\/li>\n\n    \n\t\n\n<li >\n\t<a href='?page_no=14074'>Next<\/a>\n\t<\/li>\n\n\n    \n\n<li><a href='?page_no=30473'>Last &rsaquo;&rsaquo;<\/a><\/li>\n\n<\/ul>\n\n\n--><br \/>\n<\/body><\/p>\n","protected":false},"excerpt":{"rendered":"<p>Santo Domingo, RD, 14 de Diciembre.-El Economista Carlos Cuello consider\u00f3 que los niveles de endeudamiento en que ha incurrido el Estado constituyen la principal preocupaci\u00f3n para la econom\u00eda nacional, raz\u00f3n por la cual aconsej\u00f3 al gobierno ser prudente en cuanto a la solicitud de nuevos prestamos. Al participar en la entrevista central del programa Agenda [&hellip;]<\/p>\n","protected":false},"author":3,"featured_media":0,"comment_status":"open","ping_status":"open","sticky":false,"template":"","format":"standard","meta":{"footnotes":""},"categories":[18],"tags":[],"class_list":["post-98524","post","type-post","status-publish","format-standard","hentry","category-economia"],"_links":{"self":[{"href":"https:\/\/diariodominicano.com\/index.php?rest_route=\/wp\/v2\/posts\/98524","targetHints":{"allow":["GET"]}}],"collection":[{"href":"https:\/\/diariodominicano.com\/index.php?rest_route=\/wp\/v2\/posts"}],"about":[{"href":"https:\/\/diariodominicano.com\/index.php?rest_route=\/wp\/v2\/types\/post"}],"author":[{"embeddable":true,"href":"https:\/\/diariodominicano.com\/index.php?rest_route=\/wp\/v2\/users\/3"}],"replies":[{"embeddable":true,"href":"https:\/\/diariodominicano.com\/index.php?rest_route=%2Fwp%2Fv2%2Fcomments&post=98524"}],"version-history":[{"count":0,"href":"https:\/\/diariodominicano.com\/index.php?rest_route=\/wp\/v2\/posts\/98524\/revisions"}],"wp:attachment":[{"href":"https:\/\/diariodominicano.com\/index.php?rest_route=%2Fwp%2Fv2%2Fmedia&parent=98524"}],"wp:term":[{"taxonomy":"category","embeddable":true,"href":"https:\/\/diariodominicano.com\/index.php?rest_route=%2Fwp%2Fv2%2Fcategories&post=98524"},{"taxonomy":"post_tag","embeddable":true,"href":"https:\/\/diariodominicano.com\/index.php?rest_route=%2Fwp%2Fv2%2Ftags&post=98524"}],"curies":[{"name":"wp","href":"https:\/\/api.w.org\/{rel}","templated":true}]}}