{"id":98522,"date":"2013-12-14T17:40:55","date_gmt":"2013-12-14T17:40:55","guid":{"rendered":"http:\/\/diariodominicano.ddns.net\/?p=98522"},"modified":"2013-12-14T17:40:55","modified_gmt":"2013-12-14T17:40:55","slug":"cac-inicia-zafra-ingenio-barahona","status":"publish","type":"post","link":"https:\/\/diariodominicano.com\/?p=98522","title":{"rendered":"CAC inicia zafra Ingenio Barahona"},"content":{"rendered":"<p><body><\/p>\n<p><img decoding=\"async\" src=\"img3\/Participantess.JPG\" \/>  <\/p>\n<p><span class=\"text1noticias\">TEUDDY A. SANCHEZ<\/span><\/p>\n<\/p>\n<p><span class=\"text1noticias\">Barahona, RD, 14 de Diciembre.-Una misa previo al inicio de la zafra 2013-2014, fue realizada ayer viernes en el patio del ingenio Barahona donde acudieron funcionarios, empleados y obreros del Consorcio Azucarero Central (CAC).<\/span><\/p>\n<\/p>\n<p><span class=\"text1noticias\">        La eucarist\u00eda fue celebrada por el sacerdote Secilio Espinal y Espinal, quien adem\u00e1s es el rector de la Universidad Cat\u00f3lica Tecnol\u00f3gica de Barahona (Ucateba).<\/span><\/p>\n<p><span class=\"text1noticias\"> <\/span><\/p>\n<p><span class=\"text1noticias\">        En su homil\u00eda, el religioso destac\u00f3 el esfuerzo realizado por los funcionarios del CAC para lograr un central azucarero que rinda los frutos proyectados en la molienda.<\/span><\/p>\n<p><span class=\"text1noticias\"> <\/span><\/p>\n<p><span class=\"text1noticias\">        Por su parte, el presidente del CAC, ingeniero Virgilio P\u00e9rez Bernard agradeci\u00f3 en nombre de la membres\u00eda de la empresa las palabras expresada por el religioso de aliento a ellos en esta nueva zafra a iniciarse el martes 17.<\/span><\/p>\n<p><span class=\"text1noticias\"> <\/span><\/p>\n<p><span class=\"text1noticias\">        \u00abNosotros como empresa hemos hecho todas las inversiones   necesarias, como lo es en fabrica, campo, v\u00eda f\u00e9rrea, pero todo eso es en vano, si no tenemos a Dios por delante y la uni\u00f3n que necesitamos entre todos\u00bb, subray\u00f3.<\/span><\/p>\n<p><span class=\"text1noticias\"> <\/span><\/p>\n<p><span class=\"text1noticias\">        En la misa estuvieron presentes, adem\u00e1s de P\u00e9rez Bernard, su esposa Maite de P\u00e9rez, el gerente general Jaime Bonifacio y su esposa Magena de Bonifacio.<\/span><\/p>\n<p><span class=\"text1noticias\"> <\/span><\/p>\n<p><span class=\"text1noticias\">        Adem\u00e1s de V\u00edctor Gordani, Andr\u00e9s Mota Do\u00f1\u00e9, encargado de Recursos Humanos, Am\u00edlcar Ju\u00e1rez del \u00e1rea de finanzas, Marcos Cadet Pimentel, de comunicaciones entre otros.<\/span><\/p>\n<p><span class=\"text1noticias\"> <\/span><\/p>\n<p><span class=\"text1noticias\">        Cada a\u00f1o, previo al inicio de la molienda, los ejecutivos del CAC realizan una misa de acci\u00f3n de gracias, donde participan los empleados de todas las \u00e1reas.<\/span><\/p>\n<p><span class=\"text1noticias\"> <\/span><\/p>\n<p><span class=\"text1noticias\">        El ingenio Barahona fue capitalizado en el 1999, en el Gobierno de Leonel Fern\u00e1ndez. Desde el 2000 es administrado por empresarios guatelmatecos y dominicanos.<\/span><\/p>\n<p><span class=\"text1noticias\"> <\/span><\/p>\n<p><span class=\"text1noticias\">        El central azucarero local, es el mayor empleados de personas en el Suroeste.(HG)<\/span>.<\/p>\n<h6> 2013-12-14 17:40:55 <\/h6>\n<p><!--\n<link rel=\"stylesheet\" href=\"css\/bootstrap.min.css\">\n\n\n<ul class=\"pagination\">\n\t    \n\t\n\n<li >\n\t<a href='?page_no=14070'>Previous<\/a>\n\t<\/li>\n\n\n       \n    \n\n<li><a href='?page_no=1'>1<\/a><\/li>\n\n\n\n<li><a href='?page_no=2'>2<\/a><\/li>\n\n\n\n<li><a>...<\/a><\/li>\n\n\n\n<li><a href='?page_no=14069'>14069<\/a><\/li>\n\n\n\n<li><a href='?page_no=14070'>14070<\/a><\/li>\n\n\n\n<li class='active'><a>14071<\/a><\/li>\n\n\n\n<li><a href='?page_no=14072'>14072<\/a><\/li>\n\n\n\n<li><a href='?page_no=14073'>14073<\/a><\/li>\n\n\n\n<li><a>...<\/a><\/li>\n\n\n\n<li><a href='?page_no=30472'>30472<\/a><\/li>\n\n\n\n<li><a href='?page_no=30473'>30473<\/a><\/li>\n\n    \n\t\n\n<li >\n\t<a href='?page_no=14072'>Next<\/a>\n\t<\/li>\n\n\n    \n\n<li><a href='?page_no=30473'>Last &rsaquo;&rsaquo;<\/a><\/li>\n\n<\/ul>\n\n\n--><br \/>\n<\/body><\/p>\n","protected":false},"excerpt":{"rendered":"<p>TEUDDY A. SANCHEZ Barahona, RD, 14 de Diciembre.-Una misa previo al inicio de la zafra 2013-2014, fue realizada ayer viernes en el patio del ingenio Barahona donde acudieron funcionarios, empleados y obreros del Consorcio Azucarero Central (CAC). La eucarist\u00eda fue celebrada por el sacerdote Secilio Espinal y Espinal, quien adem\u00e1s es el rector de la [&hellip;]<\/p>\n","protected":false},"author":3,"featured_media":0,"comment_status":"open","ping_status":"open","sticky":false,"template":"","format":"standard","meta":{"footnotes":""},"categories":[18],"tags":[],"class_list":["post-98522","post","type-post","status-publish","format-standard","hentry","category-economia"],"_links":{"self":[{"href":"https:\/\/diariodominicano.com\/index.php?rest_route=\/wp\/v2\/posts\/98522","targetHints":{"allow":["GET"]}}],"collection":[{"href":"https:\/\/diariodominicano.com\/index.php?rest_route=\/wp\/v2\/posts"}],"about":[{"href":"https:\/\/diariodominicano.com\/index.php?rest_route=\/wp\/v2\/types\/post"}],"author":[{"embeddable":true,"href":"https:\/\/diariodominicano.com\/index.php?rest_route=\/wp\/v2\/users\/3"}],"replies":[{"embeddable":true,"href":"https:\/\/diariodominicano.com\/index.php?rest_route=%2Fwp%2Fv2%2Fcomments&post=98522"}],"version-history":[{"count":0,"href":"https:\/\/diariodominicano.com\/index.php?rest_route=\/wp\/v2\/posts\/98522\/revisions"}],"wp:attachment":[{"href":"https:\/\/diariodominicano.com\/index.php?rest_route=%2Fwp%2Fv2%2Fmedia&parent=98522"}],"wp:term":[{"taxonomy":"category","embeddable":true,"href":"https:\/\/diariodominicano.com\/index.php?rest_route=%2Fwp%2Fv2%2Fcategories&post=98522"},{"taxonomy":"post_tag","embeddable":true,"href":"https:\/\/diariodominicano.com\/index.php?rest_route=%2Fwp%2Fv2%2Ftags&post=98522"}],"curies":[{"name":"wp","href":"https:\/\/api.w.org\/{rel}","templated":true}]}}