{"id":98521,"date":"2013-12-14T19:24:37","date_gmt":"2013-12-14T19:24:37","guid":{"rendered":"http:\/\/diariodominicano.ddns.net\/?p=98521"},"modified":"2013-12-14T19:24:37","modified_gmt":"2013-12-14T19:24:37","slug":"sica-promoveran-la-creacion-empleos-y-prevencion-violencia","status":"publish","type":"post","link":"https:\/\/diariodominicano.com\/?p=98521","title":{"rendered":"SICA: Promover\u00e1n la creaci\u00f3n empleos y prevenci\u00f3n violencia"},"content":{"rendered":"<p><body><\/p>\n<p><img decoding=\"async\" src=\"img3\/borrador.jpg\" \/>  <\/p>\n<p><span class=\"text1noticias\">PANAM\u00c1, 14 de Diciembre.-Los pa\u00edses del Sistema de la Integraci\u00f3n Centroamericana (Sica) se comprometieron este s\u00e1bado en Panam\u00e1 a promover la peque\u00f1a y mediana empresa como un mecanismo \u00abefectivo\u00bb para la generaci\u00f3n de empleo y prevenci\u00f3n de la violencia, seg\u00fan el borrador de la declaraci\u00f3n conjunta.<\/span><\/p>\n<\/p>\n<p><span class=\"text1noticias\">El apoyo al Centro para la Promoci\u00f3n de la Micro y Peque\u00f1a Empresa (Cenpromype) es uno de los aspectos m\u00e1s sobresalientes de la \u00abDeclaraci\u00f3n de Buenaventura\u00bb, que, sin embargo, no menciona el tema de la Secretar\u00eda de Seguridad Democr\u00e1tica, presentado como uno de los puntos de mayor importancia en la cita.<\/span><\/p>\n<\/p>\n<p><span class=\"text1noticias\">La creaci\u00f3n de la Secretar\u00eda de Seguridad Ciudadana es uno de los mandatos emanados de la cumbre de presidentes del Sica celebrada en junio pasado, cuando Costa Rica pas\u00f3 a Panam\u00e1 la presidencia semestral del organismo regional, y ha sido uno de los asuntos m\u00e1s analizados por el organismo durante los \u00faltimos meses.<\/span><\/p>\n<\/p>\n<p><span class=\"text1noticias\">La idea es que esa Secretar\u00eda sea encargue de llevar a cabo la Estrategia Centroamericana de Seguridad, que contempla una veintena de programas y proyectos encaminados a combatir la criminalidad en la regi\u00f3n, y para cuya ejecuci\u00f3n la comunidad internacional se comprometi\u00f3 a aportar unos 2.000 millones de d\u00f3lares en una conferencia celebrada en 2011 en Guatemala.<\/span><\/p>\n<\/p>\n<p><span class=\"text1noticias\">El borrador de la Declaraci\u00f3n de Buenaventura destaca que es importante que Am\u00e9rica Central posicione ante la \u00abcomunidad internacional, cooperantes y socios estrat\u00e9gicos\u00bb, el fomento del emprendimiento como un medio efectivo para la generaci\u00f3n de empleo y nuevas empresas, y la prevenci\u00f3n de violencia al facilitar la inserci\u00f3n productiva de los j\u00f3venes.<\/span><\/p>\n<\/p>\n<p><span class=\"text1noticias\">De igual forma, instruyen al Consejo de Ministros de Integraci\u00f3n Econ\u00f3mica (Comieco) para que contin\u00fae su avance en la \u00abprofundizaci\u00f3n de la integraci\u00f3n econ\u00f3mica centroamericana\u00bb, la facilitaci\u00f3n del comercio intrarregional, la uni\u00f3n aduanera y la preparaci\u00f3n de la regi\u00f3n para aprovechar los acuerdos econ\u00f3micos y comerciales con terceros pa\u00edses y bloques regionales.<\/span><\/p>\n<\/p>\n<p><span class=\"text1noticias\">La declaraci\u00f3n, que a\u00fan debe ser ratificada por los dignatarios centroamericanos, tambi\u00e9n insta al grupo de pa\u00edses amigos y organismos internacionales a \u00abrenovar sus esfuerzos\u00bb para apoyar la implementaci\u00f3n de los proyectos de la estrategia de Seguridad de Centroam\u00e9rica, establecidos en junio de 2011 en Guatemala.<\/span><\/p>\n<p><span class=\"text1noticias\">Instruye al Comieco y al Consejo de Ministros de Planificaci\u00f3n (Conplan) para que junto con la Secretar\u00eda General del Sica elaboren una visi\u00f3n de largo plazo para la integraci\u00f3n regional.<\/span><\/p>\n<p><span class=\"text1noticias\">Ordena aprobar la pol\u00edtica regional de igualdad y equidad de g\u00e9nero (Prieg), e instruir tanto a la institucionalidad del Sica como al Consejo de Ministros de la Mujer de la regi\u00f3n, para que establezcan junto con la Secretar\u00eda General de la entidad los mecanismos que sean necesarios para su operatividad.<\/span><\/p>\n<\/p>\n<p><span class=\"text1noticias\">Tambi\u00e9n reitera el respaldo a la iniciativa de Panam\u00e1 para la creaci\u00f3n del centro log\u00edstico regional de asistencia humanitaria para las Am\u00e9ricas, que beneficiar\u00eda a posibles v\u00edctimas en Am\u00e9rica Latina y el Caribe.<\/span><\/p>\n<\/p>\n<p><span class=\"text1noticias\">La 42 cumbre de jefes de Estado y Gobierno del Sica se instal\u00f3 este s\u00e1bado en la localidad de Farall\u00f3n, a 120 kil\u00f3metros al oeste de la capital paname\u00f1a, con la presencia de los presidentes de Guatemala, Otto P\u00e9rez Molina; de Rep\u00fablica Dominicana, Danilo Medina, y de Panam\u00e1, el anfitri\u00f3n Ricardo Martinelli.<\/span><\/p>\n<p><span class=\"text1noticias\">Honduras y Costa Rica est\u00e1n representados por sus respectivos vicepresidentes, Mar\u00eda Antonieta de Bogran y Alfio Piva.<\/span><\/p>\n<\/p>\n<p><span class=\"text1noticias\">Por El Salvador y Belice asisten los cancilleres, Jaime Miranda y Wilfred Elrington, y por Nicaragua el ministro de Fomento, Industria y Comercio, Orlando Sol\u00f3rzano.(HG)<\/span>.<\/p>\n<h6> 2013-12-14 19:24:37 <\/h6>\n<p><!--\n<link rel=\"stylesheet\" href=\"css\/bootstrap.min.css\">\n\n\n<ul class=\"pagination\">\n\t    \n\t\n\n<li >\n\t<a href='?page_no=14069'>Previous<\/a>\n\t<\/li>\n\n\n       \n    \n\n<li><a href='?page_no=1'>1<\/a><\/li>\n\n\n\n<li><a href='?page_no=2'>2<\/a><\/li>\n\n\n\n<li><a>...<\/a><\/li>\n\n\n\n<li><a href='?page_no=14068'>14068<\/a><\/li>\n\n\n\n<li><a href='?page_no=14069'>14069<\/a><\/li>\n\n\n\n<li class='active'><a>14070<\/a><\/li>\n\n\n\n<li><a href='?page_no=14071'>14071<\/a><\/li>\n\n\n\n<li><a href='?page_no=14072'>14072<\/a><\/li>\n\n\n\n<li><a>...<\/a><\/li>\n\n\n\n<li><a href='?page_no=30472'>30472<\/a><\/li>\n\n\n\n<li><a href='?page_no=30473'>30473<\/a><\/li>\n\n    \n\t\n\n<li >\n\t<a href='?page_no=14071'>Next<\/a>\n\t<\/li>\n\n\n    \n\n<li><a href='?page_no=30473'>Last &rsaquo;&rsaquo;<\/a><\/li>\n\n<\/ul>\n\n\n--><br \/>\n<\/body><\/p>\n","protected":false},"excerpt":{"rendered":"<p>PANAM\u00c1, 14 de Diciembre.-Los pa\u00edses del Sistema de la Integraci\u00f3n Centroamericana (Sica) se comprometieron este s\u00e1bado en Panam\u00e1 a promover la peque\u00f1a y mediana empresa como un mecanismo \u00abefectivo\u00bb para la generaci\u00f3n de empleo y prevenci\u00f3n de la violencia, seg\u00fan el borrador de la declaraci\u00f3n conjunta. El apoyo al Centro para la Promoci\u00f3n de la [&hellip;]<\/p>\n","protected":false},"author":3,"featured_media":0,"comment_status":"open","ping_status":"open","sticky":false,"template":"","format":"standard","meta":{"footnotes":""},"categories":[18],"tags":[],"class_list":["post-98521","post","type-post","status-publish","format-standard","hentry","category-economia"],"_links":{"self":[{"href":"https:\/\/diariodominicano.com\/index.php?rest_route=\/wp\/v2\/posts\/98521","targetHints":{"allow":["GET"]}}],"collection":[{"href":"https:\/\/diariodominicano.com\/index.php?rest_route=\/wp\/v2\/posts"}],"about":[{"href":"https:\/\/diariodominicano.com\/index.php?rest_route=\/wp\/v2\/types\/post"}],"author":[{"embeddable":true,"href":"https:\/\/diariodominicano.com\/index.php?rest_route=\/wp\/v2\/users\/3"}],"replies":[{"embeddable":true,"href":"https:\/\/diariodominicano.com\/index.php?rest_route=%2Fwp%2Fv2%2Fcomments&post=98521"}],"version-history":[{"count":0,"href":"https:\/\/diariodominicano.com\/index.php?rest_route=\/wp\/v2\/posts\/98521\/revisions"}],"wp:attachment":[{"href":"https:\/\/diariodominicano.com\/index.php?rest_route=%2Fwp%2Fv2%2Fmedia&parent=98521"}],"wp:term":[{"taxonomy":"category","embeddable":true,"href":"https:\/\/diariodominicano.com\/index.php?rest_route=%2Fwp%2Fv2%2Fcategories&post=98521"},{"taxonomy":"post_tag","embeddable":true,"href":"https:\/\/diariodominicano.com\/index.php?rest_route=%2Fwp%2Fv2%2Ftags&post=98521"}],"curies":[{"name":"wp","href":"https:\/\/api.w.org\/{rel}","templated":true}]}}