{"id":98519,"date":"2013-12-15T14:13:27","date_gmt":"2013-12-15T14:13:27","guid":{"rendered":"http:\/\/diariodominicano.ddns.net\/?p=98519"},"modified":"2013-12-15T14:13:27","modified_gmt":"2013-12-15T14:13:27","slug":"presidente-medina-inaugura-conjunto-de-obras-con-inversion-de-mil-500-millones-de-pesos","status":"publish","type":"post","link":"https:\/\/diariodominicano.com\/?p=98519","title":{"rendered":"Presidente Medina inaugura conjunto de  obras con inversi\u00f3n de mil 500 millones de pesos"},"content":{"rendered":"<p><body><\/p>\n<p><img decoding=\"async\" src=\"img3\/medina.jpg\" \/><br \/><img decoding=\"async\" src=\"img3\/gobernador.jpg\" \/><br \/><img decoding=\"async\" src=\"img3\/hanoi.jpg\" \/>  <\/p>\n<p><span class=\"text1noticias\">SAN JUAN DE LA MAGUANA, RD, 15 de Diciembre.- El presidente Danilo Medina encabez\u00f3 hoy aqu\u00ed la inauguraci\u00f3n de un conjunto de  obras, que incluyen la Plaza Comercial y Cultural San Juan y la construcci\u00f3n y equipamiento del Instituto Regional de la Diabetes y Nutrici\u00f3n.<\/span><\/p>\n<\/p>\n<p><span class=\"text1noticias\">Asimismo, la rehabilitaci\u00f3n del dique, la obra de toma del canal Mijo, su lateral Las Charcas y la primera de las cien estancias infantiles que ser\u00e1n construidas en todo el pa\u00eds.<\/span><\/p>\n<\/p>\n<p><span class=\"text1noticias\">En la construcci\u00f3n de las tres primeras obras fueron invertidos unos 1,500 millones de pesos. Las mismas fueron levantadas por la Oficina de Ingenieros Supervisores de Obras del Estado (OISOE) en hormig\u00f3n armado y estructura met\u00e1lica.<\/span><\/p>\n<\/p>\n<p><span class=\"text1noticias\">El director de la OISOE,  Miguel Pimentel Kareh, dijo que en el caso de la plaza, \u00abla idea es que los habitantes de esta laboriosa provincia que mueve tanto la econom\u00eda del pa\u00eds, cuente con un espacio moderno y seguro para la expresi\u00f3n cultural y para la recreaci\u00f3n, en donde se puedan tener \u00e1reas de cine, salones de eventos, oficinas comerciales e instituciones culturales y cient\u00edficas\u00bb.<\/span><\/p>\n<\/p>\n<p><span class=\"text1noticias\">La plaza es un moderno complejo de tres niveles construido a un costo de 525 millones 685 mil pesos con 60 locales comerciales distribuidos en 700 metros cuadrados. En el hospital fueron invertidos 183 millones 268 mil 922 pesos.<\/span><\/p>\n<\/p>\n<p><span class=\"text1noticias\">En la plaza, construida en terrenos del antiguo mercado de San Juan de la Maguana, entre las calles Mella, Independencia, Trinitaria y Col\u00f3n, se conjugar\u00e1n las actividades culturales con las comerciales, con paneles que hacen referencia a la historia sanjuanera y rinden honor a grandes personalidades desde la \u00e9poca precolombina, las artes, las letras, la medicina y la pol\u00edtica, ocupando lugares destacados el presidente Danilo Medina, el doctor Jos\u00e9 Joaqu\u00edn Puello, Rhina Ram\u00edrez, Alejandro Puello y otros.<\/span><\/p>\n<\/p>\n<p><span class=\"text1noticias\">El primer nivel tiene un \u00e1rea de 5,700 metros cuadrados de construcci\u00f3n con 34 cub\u00edculos, en tanto que el segundo nivel  tiene un \u00e1rea de 3,300 metros cuadrados de construcci\u00f3n con 26 cub\u00edculos y 28 metros cuadrados de \u00e1rea de oficina.<\/span><\/p>\n<\/p>\n<p><span class=\"text1noticias\">El sal\u00f3n multiuso tiene capacidad para alojar a mil personas paradas o 600 sentadas. Cuenta con 7.5 toneladas de aire acondicionado, cortinas retr\u00e1ctiles, tabiques m\u00f3viles ac\u00fasticos y sistema profesional de audio y video.<\/span><\/p>\n<\/p>\n<p><span class=\"text1noticias\">La plaza cuenta tambi\u00e9n con un generador el\u00e9ctrico de 800 kilos, ba\u00f1os en \u00e1reas comunes  y \u00e1rea de estacionamiento para 175 veh\u00edculos, dos cisternas de 15 mil galones cada una y cuarto para paneles y contadores el\u00e9ctricos en  el s\u00f3tano.<\/span><\/p>\n<\/p>\n<p><span class=\"text1noticias\">El Instituto Regional de la Diabetes y nutrici\u00f3n, construido a un costo de 183 millones 268 mil 922 pesos, consta de un nivel con cuatro m\u00f3dulos para consulta externa e internamiento, farmacia, enfermer\u00eda, gerencia y administraci\u00f3n, cirug\u00eda, radiolog\u00eda e imagen, di\u00e1lisis, pie diab\u00e9tico, cuidado intensivo, hospitalizaci\u00f3n, morgue, lavander\u00eda, cocina, almac\u00e9n y archivos. Todos los m\u00f3dulos tienen equipos de alta tecnolog\u00eda, tales como tom\u00f3grafo, unidad de rayos X, di\u00e1lisis, equipo odontol\u00f3gico, de cocina y lavander\u00eda.<\/span><\/p>\n<\/p>\n<p><span class=\"text1noticias\">Tendr\u00e1 capacidad para 39 camas, donde 27 estar\u00e1n dedicadas para hospitalizaci\u00f3n e internamiento, una para cuidado intensivo, cinco para el \u00e1rea de emergencia y dos para residencia m\u00e9dica.<\/span><\/p>\n<\/p>\n<p><span class=\"text1noticias\">Su infraestructura es del tipo convencional con cerramiento en block, techo en hormig\u00f3n armado y piso en porcelanato de alto tr\u00e1nsito, para un total de 3,227.53 metros cuadrados de construcci\u00f3n. Tendr\u00e1 facilidades de sistema de emergencia de energ\u00eda el\u00e9ctrica por una planta de 300 kilowatts para garantizar el funcionamiento continuo de los equipos instalados.<\/span><\/p>\n<\/p>\n<p><span class=\"text1noticias\">El hospital beneficia directamente al municipio cabecera y a las comunidades El Batey, Las Zanjas, Las Charcas, Sosa, entre otras.<\/span><\/p>\n<\/p>\n<p><span class=\"text1noticias\">En la mesa de honor junto al presidente Medina estaban los ministros Administrativo, Jos\u00e9 Ram\u00f3n Peralta; de Obras P\u00fablicas, Gonzalo Castillo, el director del Indrhi, Olgo Santana; el director del Instituto Agrario Dominicano, Radham\u00e9s Valenzuela; M\u00edcalo Berm\u00fadez, presidente de una de las empresas constructoras; la vicepresidenta de la C\u00e1mara de Diputados, Luc\u00eda Medina y la alcaldesa Hanoi S\u00e1nchez, entre otras autoridades civiles y militares. William De Oleo dijo las palabras de bienvenida. El obispo Jos\u00e9 Dolores Grull\u00f3n imparti\u00f3 la bendici\u00f3n.<\/span><\/p>\n<\/p>\n<p><strong> <\/strong><\/p>\n<p><strong><span class=\"text1noticias\">Obras hidr\u00e1ulicas<\/span><\/strong><\/p>\n<\/p>\n<p><span class=\"text1noticias\">La rehabilitaci\u00f3n del dique y la obra de toma del canal Mijo y su Lateral Las Charcas fue ejecutada por el Instituto Nacional de Recursos Hidr\u00e1ulicos (Indrhi), a un costo de 70 millones 543 mil 225 pesos con 61 centavos.<\/span><\/p>\n<\/p>\n<p><span class=\"text1noticias\">Estas obras mejorar\u00e1n el suministro de agua para 45,085 tareas cultivadas de arroz, habichuelas y frutos menores del Valle de San Juan. Se estima que ser\u00e1n beneficiadas directamente 1,225 usuarios de riego en las comunidades La Zanja, Las Charcas y el sector Kil\u00f3metro 11.<\/span><\/p>\n<\/p>\n<p><span class=\"text1noticias\">Mientras, el ministro de Obras P\u00fablicas, Gonzalo Castillo, manifest\u00f3 satisfacci\u00f3n por la entrega de obras que han sido instruidas por el presidente Danilo Medina.<\/span><\/p>\n<\/p>\n<p><span class=\"text1noticias\">Resalt\u00f3 la importancia de esas iniciativas inauguradas hoy domingo como la construcci\u00f3n de calles, contenes y aceras del sector Villa Liberaci\u00f3n, por igual en La flores, Villa Perpetuo Socorro, Los Cartones y otros.<\/span><\/p>\n<\/p>\n<p><span class=\"text1noticias\">\u00abEstas obras que suman un total de 21.52 kil\u00f3metros de vialidad, impactan directamente en la mejor\u00eda y el bienestar de vida de sus residentes\u00bb, dijo.<\/span><\/p>\n<\/p>\n<p><strong> <\/strong><\/p>\n<p><strong><span class=\"text1noticias\">Obra enaltece labor del Presidente<\/span><\/strong><\/p>\n<\/p>\n<p><span class=\"text1noticias\">Mientras, el presidente de la Asociaci\u00f3n de Comerciantes del Mercado Viejo de San Juan de la Maguana, Edward Milc\u00edades Luna, entreg\u00f3 al presidente Danilo Medina una placa de reconocimiento, por la labor de construcci\u00f3n de la plaza comercial, que sustituye la vieja estructura reducida a cenizas por un incendio.<\/span><\/p>\n<\/p>\n<p><span class=\"text1noticias\">Explic\u00f3 que la obra enaltece al Jefe de Estado y contribuye al dinamismo y desarrollo econ\u00f3mico de San Juan de la Maguana.<\/span><\/p>\n<h6> 2013-12-15 14:13:27 <\/h6>\n<p><!--\n<link rel=\"stylesheet\" href=\"css\/bootstrap.min.css\">\n\n\n<ul class=\"pagination\">\n\t    \n\t\n\n<li >\n\t<a href='?page_no=14068'>Previous<\/a>\n\t<\/li>\n\n\n       \n    \n\n<li><a href='?page_no=1'>1<\/a><\/li>\n\n\n\n<li><a href='?page_no=2'>2<\/a><\/li>\n\n\n\n<li><a>...<\/a><\/li>\n\n\n\n<li><a href='?page_no=14067'>14067<\/a><\/li>\n\n\n\n<li><a href='?page_no=14068'>14068<\/a><\/li>\n\n\n\n<li class='active'><a>14069<\/a><\/li>\n\n\n\n<li><a href='?page_no=14070'>14070<\/a><\/li>\n\n\n\n<li><a href='?page_no=14071'>14071<\/a><\/li>\n\n\n\n<li><a>...<\/a><\/li>\n\n\n\n<li><a href='?page_no=30472'>30472<\/a><\/li>\n\n\n\n<li><a href='?page_no=30473'>30473<\/a><\/li>\n\n    \n\t\n\n<li >\n\t<a href='?page_no=14070'>Next<\/a>\n\t<\/li>\n\n\n    \n\n<li><a href='?page_no=30473'>Last &rsaquo;&rsaquo;<\/a><\/li>\n\n<\/ul>\n\n\n--><br \/>\n<\/body><\/p>\n","protected":false},"excerpt":{"rendered":"<p>SAN JUAN DE LA MAGUANA, RD, 15 de Diciembre.- El presidente Danilo Medina encabez\u00f3 hoy aqu\u00ed la inauguraci\u00f3n de un conjunto de obras, que incluyen la Plaza Comercial y Cultural San Juan y la construcci\u00f3n y equipamiento del Instituto Regional de la Diabetes y Nutrici\u00f3n. Asimismo, la rehabilitaci\u00f3n del dique, la obra de toma del [&hellip;]<\/p>\n","protected":false},"author":3,"featured_media":0,"comment_status":"open","ping_status":"open","sticky":false,"template":"","format":"standard","meta":{"footnotes":""},"categories":[18],"tags":[],"class_list":["post-98519","post","type-post","status-publish","format-standard","hentry","category-economia"],"_links":{"self":[{"href":"https:\/\/diariodominicano.com\/index.php?rest_route=\/wp\/v2\/posts\/98519","targetHints":{"allow":["GET"]}}],"collection":[{"href":"https:\/\/diariodominicano.com\/index.php?rest_route=\/wp\/v2\/posts"}],"about":[{"href":"https:\/\/diariodominicano.com\/index.php?rest_route=\/wp\/v2\/types\/post"}],"author":[{"embeddable":true,"href":"https:\/\/diariodominicano.com\/index.php?rest_route=\/wp\/v2\/users\/3"}],"replies":[{"embeddable":true,"href":"https:\/\/diariodominicano.com\/index.php?rest_route=%2Fwp%2Fv2%2Fcomments&post=98519"}],"version-history":[{"count":0,"href":"https:\/\/diariodominicano.com\/index.php?rest_route=\/wp\/v2\/posts\/98519\/revisions"}],"wp:attachment":[{"href":"https:\/\/diariodominicano.com\/index.php?rest_route=%2Fwp%2Fv2%2Fmedia&parent=98519"}],"wp:term":[{"taxonomy":"category","embeddable":true,"href":"https:\/\/diariodominicano.com\/index.php?rest_route=%2Fwp%2Fv2%2Fcategories&post=98519"},{"taxonomy":"post_tag","embeddable":true,"href":"https:\/\/diariodominicano.com\/index.php?rest_route=%2Fwp%2Fv2%2Ftags&post=98519"}],"curies":[{"name":"wp","href":"https:\/\/api.w.org\/{rel}","templated":true}]}}