{"id":98518,"date":"2013-12-15T14:59:24","date_gmt":"2013-12-15T14:59:24","guid":{"rendered":"http:\/\/diariodominicano.ddns.net\/?p=98518"},"modified":"2013-12-15T14:59:24","modified_gmt":"2013-12-15T14:59:24","slug":"agricultura-inicia-la-cosecha-de-invierno-de-vegetales-en-invernaderos","status":"publish","type":"post","link":"https:\/\/diariodominicano.com\/?p=98518","title":{"rendered":"Agricultura inicia la cosecha de invierno de vegetales en invernaderos"},"content":{"rendered":"<p><body><\/p>\n<p><img decoding=\"async\" src=\"img3\/cosecha.jpg\" \/>  <\/p>\n<p><span class=\"text1noticias\">Rancho Arriba, San Jos\u00e9 de Ocoa, RD, 15 de Diciembre.-El ministro de Agricultura, Luis Ram\u00f3n Rodr\u00edguez  dio inicio aqu\u00ed a la cosecha de invierno de vegetales en invernaderos, con el anuncio de que el Gobierno apoyar\u00e1 el uso masivo de esa tecnolog\u00eda agr\u00edcola, capaz de convertir a peque\u00f1os productores en pr\u00f3speros agroempresarios en la producci\u00f3n de vegetales para exportaci\u00f3n.<\/span><\/p>\n<\/p>\n<p><span class=\"text1noticias\">Rodr\u00edguez encabez\u00f3 un recorrido por varias instalaciones de invernaderos y empacadoras de vegetales  de Rancho Arriba, junto a una delegaci\u00f3n de periodistas de diferentes medios de comunicaci\u00f3n, a quienes les mostr\u00f3 los \u00faltimos avances logrados por Rep\u00fablica Dominicana en materia de empaque de vegetales.<\/span><\/p>\n<\/p>\n<p><span class=\"text1noticias\">Al reiterar la importancia del cultivo bajo ambiente protegido, el funcionario explic\u00f3 que esa es una forma eficiente para aumentar la producci\u00f3n de bienes agr\u00edcolas  con el objetivo de  garantizar la seguridad alimentar\u00eda de la poblaci\u00f3n e incrementar las exportaciones.<\/span><\/p>\n<\/p>\n<p><span class=\"text1noticias\">Consider\u00f3 necesario fomentar  e incentivar la producci\u00f3n de alimento en  ambiente protegido, ya que por cada 600 metros cuadrados de  invernaderos  se generan 11 empleos  directos, y otros de forma indirecta.<\/span><\/p>\n<p><span class=\"text1noticias\">Dijo que la productividad de los cultivos bajo el  sistema de invernadero, o agroplasticultura,  respecto a los cosechados con el sistema  convencional (a cielo abierto), guarda una  proporci\u00f3n de cinco a uno, o sea, que es cinco veces mayor.<\/span><\/p>\n<\/p>\n<p><span class=\"text1noticias\">La producci\u00f3n de vegetales en invernaderos  se espera que llegue, al finalizar este a\u00f1o,  a los 122.5 millones de libras, de las cuales 84.4 millones se destinan a los mercados internacionales, con una generaci\u00f3n de 96.1 millones de d\u00f3lares, 19.2 millones m\u00e1s que en el 2012.  <\/span><\/p>\n<\/p>\n<p><span class=\"text1noticias\">Los principales renglones fomentados en los espacios de ambiente protegido en Rep\u00fablica Dominicana son  pimiento morr\u00f3n, cubanela, y picante; tomate de mesa, cl\u00faster y cherry; pepino, hierbas arom\u00e1ticas y frutas como sand\u00eda y melones, entre otros.<\/span><\/p>\n<\/p>\n<p><span class=\"text1noticias\">En  su recorrido,  Rodr\u00edguez estuvo acompa\u00f1ado de los viceministros, Luis Yang\u00fcela, de Producci\u00f3n; Luis  Guti\u00e9rrez, Administrativo; Leandro Mercedes, de Extensi\u00f3n; Ismael Reyes Cruz, de Desarrollo, as\u00ed como  el  director del Programa de Mercados, Frigor\u00edficos e Invernaderos (PROMEFRIN), Manolo Est\u00e9vez,  y Eusebio Guzm\u00e1n, encargado del Merca Santo Domingo, el senador por San Jos\u00e9 de Ocoa, Carlos Castillo; el Gobernador F\u00e9lix Estrella, la diputada Esther  Minyety, as\u00ed como  productores y exportadores de vegetales.<\/span><\/p>\n<\/p>\n<p><span class=\"text1noticias\">Reconocimientos<\/span><\/p>\n<\/p>\n<p><span class=\"text1noticias\">En el acto, el ministro Luis Ram\u00f3n Rodr\u00edguez recibio sendas placas de reconocimiento por la Asociacion de Productores de Invernaderos de San Jos\u00e9 de Ocoa (Aprio), y por la t\u00e9cnicos de invernaderos de la zona, por su apoyo al desarrollo de la agroplasticultura en la provincia.<\/span><\/p>\n<\/p>\n<p><span class=\"text1noticias\">Rodr\u00edguez agradeci\u00f3 los reconocimientos y dijo que los mismos lo estimulan y comprometen con el sector y con el presidente Danilo Medina.<\/span><\/p>\n<\/p>\n<p><span class=\"text1noticias\">El funcionario entreg\u00f3 los primeros 12 de 27 motores que la cartera agr\u00edcola adquiri\u00f3 para destinarlo al apoyo de su programa de invernaderos los t\u00e9cnicos agr\u00edcolas del ministerio para <\/span><\/p>\n<\/p>\n<p><span class=\"text1noticias\">Anunci\u00f3 asimismo, que a partir de enero integrar\u00e1 25 nuevos t\u00e9cnicos especialistas para apoyar la producci\u00f3n bajo ambiente controlado y la capacitaci\u00f3n a productores y exportadores sobre manejo de la cadena de los cultivos de invernaderos.<\/span><\/p>\n<\/p>\n<p><span class=\"text1noticias\">Mientras, el alcalde de Rancho Arriba, Eduardo Macea y H\u00e9ctor Gonz\u00e1lez, Presidente del Comit\u00e9 Nacional de Invernaderos de la Junta Agroempresarial Dominicana (JAD) destacaron el apoyo del ministro Rodr\u00edguez al desarrollo de los invernaderos en el pa\u00eds, en cuya gesti\u00f3n se han construido m\u00e1s de un mill\u00f3n y medio de metros cuadrados.<\/span><\/p>\n<\/p>\n<p><span class=\"text1noticias\">Rodr\u00edguez explic\u00f3 que el \u00e1rea de invernaderos se ha incrementado en los \u00faltimos tiempos,  ya que en el 2011 exist\u00edan 5 millones 416 mil 372 metros cuadrados; en el 2012,  6 millones 04  mil 687, y en el 2013, 7 millones, 685 mil metros cuadrados.<\/span><\/p>\n<\/p>\n<p><span class=\"text1noticias\">Asimismo, en el 2011, la  producci\u00f3n de libras de vegetales fue de  89 millones 374 mil, 248;   en el 2012, 104 millones 600 mil 001, y en el 2013 se increment\u00f3 a 122 millones 500 mil 090 libras.<\/span><\/p>\n<\/p>\n<p><span class=\"text1noticias\">En tanto, el volumen exportado fue de 64 millones 253 mil 386 libras en el  2011; 73  millones  626 mil 117  libras en el 2012, elev\u00e1ndose esa cantidad a 84 millones 405 mil 090  libras, en el 2013.<\/span><\/p>\n<\/p>\n<p><span class=\"text1noticias\">Las divisas generadas en la producci\u00f3n bajo ambiente controlado pasaron de  58 millones 519 mil 624  d\u00f3lares en el 2011,  a 76 millones 907 mil 447 d\u00f3lares  durante el 2012, aumentando durante el 2013 a 96 millones 170 mil 812  d\u00f3lares.<\/span><\/p>\n<\/p>\n<p><span class=\"text1noticias\">El cultivo   bajo ambiente controlado es un  modelo de producci\u00f3n agr\u00edcola que contribuye  al desarrollo y modernizaci\u00f3n  de la agricultura dominicana, sustentado en la reducci\u00f3n de riesgos, alta productividad, productos de alta calidad e inocuidad, as\u00ed como seguridad de mercado y excelente rentabilidad.<\/span><\/p>\n<\/p>\n<p><span class=\"text1noticias\">Entre las principales fortalezas de la producci\u00f3n de vegetales en invernaderos se encuentran una alta producci\u00f3n en espacios reducidos, seguridad de la cosecha, calidad, belleza e inocuidad de los vegetales producidos, atributos altamente demandados y valorados en los mercados.<\/span><\/p>\n<\/p>\n<p><span class=\"text1noticias\">Adem\u00e1s, reducci\u00f3n de ataques de plagas, enfermedades e inclemencia del tiempo, prolongando significativamente  el periodo de cosecha; menos presi\u00f3n sobre terrenos de ladera e intensivo uso de mano de obra, entre otros.(HG)<\/span>.<\/p>\n<h6> 2013-12-15 14:59:24 <\/h6>\n<p><!--\n<link rel=\"stylesheet\" href=\"css\/bootstrap.min.css\">\n\n\n<ul class=\"pagination\">\n\t    \n\t\n\n<li >\n\t<a href='?page_no=14067'>Previous<\/a>\n\t<\/li>\n\n\n       \n    \n\n<li><a href='?page_no=1'>1<\/a><\/li>\n\n\n\n<li><a href='?page_no=2'>2<\/a><\/li>\n\n\n\n<li><a>...<\/a><\/li>\n\n\n\n<li><a href='?page_no=14066'>14066<\/a><\/li>\n\n\n\n<li><a href='?page_no=14067'>14067<\/a><\/li>\n\n\n\n<li class='active'><a>14068<\/a><\/li>\n\n\n\n<li><a href='?page_no=14069'>14069<\/a><\/li>\n\n\n\n<li><a href='?page_no=14070'>14070<\/a><\/li>\n\n\n\n<li><a>...<\/a><\/li>\n\n\n\n<li><a href='?page_no=30472'>30472<\/a><\/li>\n\n\n\n<li><a href='?page_no=30473'>30473<\/a><\/li>\n\n    \n\t\n\n<li >\n\t<a href='?page_no=14069'>Next<\/a>\n\t<\/li>\n\n\n    \n\n<li><a href='?page_no=30473'>Last &rsaquo;&rsaquo;<\/a><\/li>\n\n<\/ul>\n\n\n--><br \/>\n<\/body><\/p>\n","protected":false},"excerpt":{"rendered":"<p>Rancho Arriba, San Jos\u00e9 de Ocoa, RD, 15 de Diciembre.-El ministro de Agricultura, Luis Ram\u00f3n Rodr\u00edguez dio inicio aqu\u00ed a la cosecha de invierno de vegetales en invernaderos, con el anuncio de que el Gobierno apoyar\u00e1 el uso masivo de esa tecnolog\u00eda agr\u00edcola, capaz de convertir a peque\u00f1os productores en pr\u00f3speros agroempresarios en la producci\u00f3n [&hellip;]<\/p>\n","protected":false},"author":3,"featured_media":0,"comment_status":"open","ping_status":"open","sticky":false,"template":"","format":"standard","meta":{"footnotes":""},"categories":[18],"tags":[],"class_list":["post-98518","post","type-post","status-publish","format-standard","hentry","category-economia"],"_links":{"self":[{"href":"https:\/\/diariodominicano.com\/index.php?rest_route=\/wp\/v2\/posts\/98518","targetHints":{"allow":["GET"]}}],"collection":[{"href":"https:\/\/diariodominicano.com\/index.php?rest_route=\/wp\/v2\/posts"}],"about":[{"href":"https:\/\/diariodominicano.com\/index.php?rest_route=\/wp\/v2\/types\/post"}],"author":[{"embeddable":true,"href":"https:\/\/diariodominicano.com\/index.php?rest_route=\/wp\/v2\/users\/3"}],"replies":[{"embeddable":true,"href":"https:\/\/diariodominicano.com\/index.php?rest_route=%2Fwp%2Fv2%2Fcomments&post=98518"}],"version-history":[{"count":0,"href":"https:\/\/diariodominicano.com\/index.php?rest_route=\/wp\/v2\/posts\/98518\/revisions"}],"wp:attachment":[{"href":"https:\/\/diariodominicano.com\/index.php?rest_route=%2Fwp%2Fv2%2Fmedia&parent=98518"}],"wp:term":[{"taxonomy":"category","embeddable":true,"href":"https:\/\/diariodominicano.com\/index.php?rest_route=%2Fwp%2Fv2%2Fcategories&post=98518"},{"taxonomy":"post_tag","embeddable":true,"href":"https:\/\/diariodominicano.com\/index.php?rest_route=%2Fwp%2Fv2%2Ftags&post=98518"}],"curies":[{"name":"wp","href":"https:\/\/api.w.org\/{rel}","templated":true}]}}