{"id":98517,"date":"2013-12-16T03:48:04","date_gmt":"2013-12-16T03:48:04","guid":{"rendered":"http:\/\/diariodominicano.ddns.net\/?p=98517"},"modified":"2013-12-16T03:48:04","modified_gmt":"2013-12-16T03:48:04","slug":"comienza-construccion-plantas-a-carbon-que-generaran-769mw-y-7500-empleos","status":"publish","type":"post","link":"https:\/\/diariodominicano.com\/?p=98517","title":{"rendered":"Comienza  construcci\u00f3n plantas a carb\u00f3n que generar\u00e1n 769MW y 7,500 empleos"},"content":{"rendered":"<p><body><\/p>\n<p><img decoding=\"async\" src=\"img3\/plantas151213.jpg\" \/>  <\/p>\n<p><span class=\"text1noticias\">PUNTA CATALINA, PERAVIA, 16 de Diciembre, Dicom.- Con una inversi\u00f3n de 1,945 millones de d\u00f3lares y la asistencia del presidente Danilo Medina se inici\u00f3 este domingo la construcci\u00f3n de la Central Termoel\u00e9ctrica Punta Catalina, de 769.8 Megavatios.<\/span><\/p>\n<p><span class=\"text1noticias\"> <\/span><\/p>\n<p><span class=\"text1noticias\">Se trata de un proyecto que integrar\u00e1 dos generadoras de 360MW que aportar\u00e1n energ\u00eda limpia a partir de carb\u00f3n natural y que persiguen enfrentar el d\u00e9ficit energ\u00e9tico reportando ahorros por m\u00e1s de 500 millones de d\u00f3lares anuales al Gobierno.<\/span><\/p>\n<p><span class=\"text1noticias\"> <\/span><\/p>\n<p><span class=\"text1noticias\">La moderna central integrar\u00e1, adem\u00e1s, un puerto marino a granel para la recepci\u00f3n del carb\u00f3n que alimentar\u00e1 las plantas, una sub-estaci\u00f3n el\u00e9ctrica de 345KV, un dep\u00f3sito de cenizas y todas las facilidades requeridas para mitigar el impacto ambiental.<\/span><\/p>\n<p><span class=\"text1noticias\"> <\/span><\/p>\n<p><span class=\"text1noticias\">Al hablar en el acto, el vicepresidente de la Corporaci\u00f3n de Empresas El\u00e9ctricas Estatales (CDEEE), Rub\u00e9n Bichara, sostuvo que el proyecto generar\u00e1 7,500 empleos directos y 20 mil indirectos, beneficiando a miles de personas con programas de alfabetizaci\u00f3n, salud y capacitaci\u00f3n.<\/span><\/p>\n<p><span class=\"text1noticias\"> <\/span><\/p>\n<p><span class=\"text1noticias\">Observ\u00f3 que aparte de los beneficios econ\u00f3micos que reportar\u00e1 al Gobierno, la termoel\u00e9ctrica tambi\u00e9n contribuir\u00e1 a que la ciudadan\u00eda tengan un mejor y m\u00e1s estable sistema energ\u00e9tico.<\/span><\/p>\n<p><span class=\"text1noticias\"> <\/span><\/p>\n<p><span class=\"text1noticias\">Resalt\u00f3 que los equipos son de \u00faltima generaci\u00f3n, fabricados e instalados bajo los m\u00e1s altos est\u00e1ndares internacionales, lo que garantiza el suministro de energ\u00eda por aproximadamente unos 50 a\u00f1os.<\/span><\/p>\n<p><span class=\"text1noticias\"> <\/span><\/p>\n<p><span class=\"text1noticias\">Argument\u00f3 que se tomar\u00e1n todas las previsiones y se velar\u00e1 porque el proyecto sea desarrollado de una forma socialmente responsable y que refleje pr\u00e1cticas de gesti\u00f3n ambiental sanas.<\/span><\/p>\n<p><span class=\"text1noticias\"> <\/span><\/p>\n<p><span class=\"text1noticias\">Bichara dijo que el actual parque de generaci\u00f3n presenta una oferta limitada, con ausencia de reservas, baja confiabilidad, alta dependencia de petr\u00f3leo y alto costo marginal, lo que mantiene un d\u00e9ficit anual de 1,500 millones de d\u00f3lares.<\/span><\/p>\n<p><span class=\"text1noticias\"> <\/span><\/p>\n<p><span class=\"text1noticias\">El vicepresidente de la CDEEE agreg\u00f3 que la construcci\u00f3n de la Central Termoel\u00e9ctrica estar\u00e1 a cargo de un consorcio integrado por las empresas Norberto Odebrechet, Technimont e Ingenier\u00eda Estrella, las cuales quienes ganaron una licitaci\u00f3n p\u00fablica internacional.<\/span><\/p>\n<p><span class=\"text1noticias\"> <\/span><\/p>\n<p><span class=\"text1noticias\">Record\u00f3 que desde la concepci\u00f3n del proyecto, la CDEEE se empe\u00f1\u00f3 en garantizar el respeto a todas las normas y compromisos ambientales nacionales e internacionales vigentes.<\/span><\/p>\n<p><span class=\"text1noticias\"> <\/span><\/p>\n<p><span class=\"text1noticias\">Durante la actividad tambi\u00e9n habl\u00f3 el senador por Perav\u00eda, Wilton Guerrero, quien agradeci\u00f3 al presidente Medina por el conjunto de obras que viene realizando en toda esa demarcaci\u00f3n sure\u00f1a.<\/span><\/p>\n<p><span class=\"text1noticias\"> <\/span><\/p>\n<p><span class=\"text1noticias\">El acto reuni\u00f3 a funcionarios del gobierno, autoridades locales, as\u00ed como a ejecutivos de las distintas empresas que construir\u00e1n la termoel\u00e9ctrica, que buscar\u00e1 enfrentar la crisis energ\u00e9tica que por d\u00e9cadas ha vivido la Republica Dominicana.<\/span><\/p>\n<\/p>\n<\/p>\n<h6> 2013-12-16 03:48:04 <\/h6>\n<p><!--\n<link rel=\"stylesheet\" href=\"css\/bootstrap.min.css\">\n\n\n<ul class=\"pagination\">\n\t    \n\t\n\n<li >\n\t<a href='?page_no=14066'>Previous<\/a>\n\t<\/li>\n\n\n       \n    \n\n<li><a href='?page_no=1'>1<\/a><\/li>\n\n\n\n<li><a href='?page_no=2'>2<\/a><\/li>\n\n\n\n<li><a>...<\/a><\/li>\n\n\n\n<li><a href='?page_no=14065'>14065<\/a><\/li>\n\n\n\n<li><a href='?page_no=14066'>14066<\/a><\/li>\n\n\n\n<li class='active'><a>14067<\/a><\/li>\n\n\n\n<li><a href='?page_no=14068'>14068<\/a><\/li>\n\n\n\n<li><a href='?page_no=14069'>14069<\/a><\/li>\n\n\n\n<li><a>...<\/a><\/li>\n\n\n\n<li><a href='?page_no=30472'>30472<\/a><\/li>\n\n\n\n<li><a href='?page_no=30473'>30473<\/a><\/li>\n\n    \n\t\n\n<li >\n\t<a href='?page_no=14068'>Next<\/a>\n\t<\/li>\n\n\n    \n\n<li><a href='?page_no=30473'>Last &rsaquo;&rsaquo;<\/a><\/li>\n\n<\/ul>\n\n\n--><br \/>\n<\/body><\/p>\n","protected":false},"excerpt":{"rendered":"<p>PUNTA CATALINA, PERAVIA, 16 de Diciembre, Dicom.- Con una inversi\u00f3n de 1,945 millones de d\u00f3lares y la asistencia del presidente Danilo Medina se inici\u00f3 este domingo la construcci\u00f3n de la Central Termoel\u00e9ctrica Punta Catalina, de 769.8 Megavatios. Se trata de un proyecto que integrar\u00e1 dos generadoras de 360MW que aportar\u00e1n energ\u00eda limpia a partir de [&hellip;]<\/p>\n","protected":false},"author":3,"featured_media":0,"comment_status":"open","ping_status":"open","sticky":false,"template":"","format":"standard","meta":{"footnotes":""},"categories":[18],"tags":[],"class_list":["post-98517","post","type-post","status-publish","format-standard","hentry","category-economia"],"_links":{"self":[{"href":"https:\/\/diariodominicano.com\/index.php?rest_route=\/wp\/v2\/posts\/98517","targetHints":{"allow":["GET"]}}],"collection":[{"href":"https:\/\/diariodominicano.com\/index.php?rest_route=\/wp\/v2\/posts"}],"about":[{"href":"https:\/\/diariodominicano.com\/index.php?rest_route=\/wp\/v2\/types\/post"}],"author":[{"embeddable":true,"href":"https:\/\/diariodominicano.com\/index.php?rest_route=\/wp\/v2\/users\/3"}],"replies":[{"embeddable":true,"href":"https:\/\/diariodominicano.com\/index.php?rest_route=%2Fwp%2Fv2%2Fcomments&post=98517"}],"version-history":[{"count":0,"href":"https:\/\/diariodominicano.com\/index.php?rest_route=\/wp\/v2\/posts\/98517\/revisions"}],"wp:attachment":[{"href":"https:\/\/diariodominicano.com\/index.php?rest_route=%2Fwp%2Fv2%2Fmedia&parent=98517"}],"wp:term":[{"taxonomy":"category","embeddable":true,"href":"https:\/\/diariodominicano.com\/index.php?rest_route=%2Fwp%2Fv2%2Fcategories&post=98517"},{"taxonomy":"post_tag","embeddable":true,"href":"https:\/\/diariodominicano.com\/index.php?rest_route=%2Fwp%2Fv2%2Ftags&post=98517"}],"curies":[{"name":"wp","href":"https:\/\/api.w.org\/{rel}","templated":true}]}}