{"id":98516,"date":"2013-12-16T05:10:44","date_gmt":"2013-12-16T05:10:44","guid":{"rendered":"http:\/\/diariodominicano.ddns.net\/?p=98516"},"modified":"2013-12-16T05:10:44","modified_gmt":"2013-12-16T05:10:44","slug":"gobierno-licitara-en-enero-la-carretera-cibao-sur","status":"publish","type":"post","link":"https:\/\/diariodominicano.com\/?p=98516","title":{"rendered":"Gobierno  licitar\u00e1 en enero la  carretera Cibao-Sur"},"content":{"rendered":"<p><body><\/p>\n<p><img decoding=\"async\" src=\"img3\/DaniloconCibaoS151213.jpg\" \/><br \/><img decoding=\"async\" src=\"img3\/DaniloconCibao.jpg\" \/>  <\/p>\n<p><span class=\"text1noticias\">SAN JUAN DE LA MAGUANA, RD, 15 de Diciembre.- El presidente Danilo Medina anunci\u00f3 este domingo aqu\u00ed que  en enero el Gobierno comenzar\u00e1 a licitar la construcci\u00f3n de la carretera San Juan de la Maguana-Santiago.<\/span><\/p>\n<p><span class=\"text1noticias\"> <\/span><\/p>\n<p><span class=\"text1noticias\">Esta importante y esperada v\u00eda, ser\u00e1 construida en seis tramos para trabajar simult\u00e1neamente y poder entregarla antes de que concluya su mandato, seg\u00fan las estimaciones del Primer Mandatario.<\/span><\/p>\n<p><span class=\"text1noticias\"> <\/span><\/p>\n<p><span class=\"text1noticias\">\u00abMi filosof\u00eda como Presidente de la Rep\u00fablica es que todas las obras que yo comienzo no se paren hasta que no terminen\u00bb, afirm\u00f3 el gobernante ante estruendosos aplausos de los presentes.<\/span><\/p>\n<p><span class=\"text1noticias\"> <\/span><\/p>\n<p><span class=\"text1noticias\">Medina, quien no ten\u00eda previsto hablar luego de entregar obras construidas por m\u00e1s de 1,500 millones de pesos en la provincia, tom\u00f3 la palabra para indicar que es por esa raz\u00f3n que la plaza econ\u00f3mica y cultural inaugurada hoy, se termin\u00f3 en meses, lo mismo que todas las carreteras que dej\u00f3 en funcionamiento.<\/span><\/p>\n<p><span class=\"text1noticias\"> <\/span><\/p>\n<p><span class=\"text1noticias\">El Gobierno trabaja en todas las \u00e1reas en San Juan<\/span><\/p>\n<p><span class=\"text1noticias\">\u00abMis queridos compueblanos, estamos trabajando en San Juan en todos los sectores; estamos trabajando en agua, estamos trabajando en educaci\u00f3n, estamos trabajando en salud, estamos trabajando en el comercio y estamos trabajando en vialidad, pero sobre todo estamos trabajando en la transformaci\u00f3n del sector agropecuario de la Rep\u00fablica Dominicana, porque yo s\u00e9 lo que significa la agropecuaria para esta provincia de San Juan de la Maguana\u00bb, apunt\u00f3 el Jefe de Estado.<\/span><\/p>\n<p><span class=\"text1noticias\"> <\/span><\/p>\n<p><span class=\"text1noticias\">Ante algunas problem\u00e1ticas de las que fue informado, el mandatario asegur\u00f3 que todas las calles, aceras, contenes y carreteras que fueron paralizados por agotamiento del presupuesto del Ministerio de Obras P\u00fablicas, ser\u00e1n reanudadas en enero venidero.<\/span><\/p>\n<p><span class=\"text1noticias\"> <\/span><\/p>\n<p><span class=\"text1noticias\">\u00abY yo les garantizo que esas obras no se detendr\u00e1n hasta que est\u00e9n construidas y entregadas a todos ustedes\u00bb, subray\u00f3.<\/span><\/p>\n<\/p>\n<p><span class=\"text1noticias\"> <\/span><\/p>\n<p><span class=\"text1noticias\"><strong>Contento por construcci\u00f3n de Plaza Comercial y Cultural<\/strong><\/span><\/p>\n<\/p>\n<p><span class=\"text1noticias\">Record\u00f3 lo que en t\u00e9rminos econ\u00f3micos significaba el mercado de San Juan para la provincia en la d\u00e9cada de los 70, \u00aby siempre entend\u00ed que en este lugar se ten\u00eda que construir alg\u00fan punto de partida para reanimar la actividad econ\u00f3mica de este municipio, y hoy, en honor a la verdad, me siento feliz porque se ha construido aqu\u00ed una plaza comercial digna de los hombres y mujeres de San Juan de la Maguana\u00bb.<\/span><\/p>\n<p><span class=\"text1noticias\"> <\/span><\/p>\n<p><span class=\"text1noticias\">Llam\u00f3 a hacer un buen uso de las instalaciones, que no las \u00abarrabalicen\u00bb y que el centro comercial sea motivo de orgullo para todos quienes visiten el municipio.<\/span><\/p>\n<p><span class=\"text1noticias\"> <\/span><\/p>\n<p><span class=\"text1noticias\">Anunci\u00f3 que la pr\u00f3xima semana emitir\u00e1 un decreto sobre c\u00f3mo debe ser administrada y manejada la plaza comercial y cultural inaugurada hoy.<\/span><\/p>\n<p><span class=\"text1noticias\"> <\/span><\/p>\n<p><span class=\"text1noticias\">\u00abA partir de ahora veremos el cambio interno econ\u00f3mico que se va a producir de nuevo en este municipio de San Juan de la Maguana. Lo \u00faltimo que quiero pedir es que esto se utilice de manera que San Juan sienta un orgullo cada vez que alguien nos visite y visite esta plaza; que no se arrabalice  y que no se canibalice pol\u00edticamente, tambi\u00e9n; que esta sea una plaza para San Juan\u00bb, proclam\u00f3 el presidente Medina.<\/span><\/p>\n<\/p>\n<p><strong><span class=\"text1noticias\">Revoluci\u00f3n en educaci\u00f3n <\/span><\/strong><\/p>\n<\/p>\n<p><span class=\"text1noticias\">Inform\u00f3 que en San Juan de la Maguana se est\u00e1n construyendo 45 escuelas, \u00abuna construcci\u00f3n sin precedentes en la Rep\u00fablica Dominicana\u00bb.<\/span><\/p>\n<p><span class=\"text1noticias\"> <\/span><\/p>\n<p><span class=\"text1noticias\">Expres\u00f3 que para el a\u00f1o escalar 2014-2015 dejar\u00e1 abierta la Tanda Extendida en todo el pa\u00eds \u00aby esas 45 escuelas que se construir\u00e1n, que se construyen aqu\u00ed, muchas de las cuales vendr\u00e9 a inaugurar en el mes de enero y en el mes de febrero, van en la direcci\u00f3n de transformar el sistema educativo de la Rep\u00fablica Dominicana.<\/span><\/p>\n<p><span class=\"text1noticias\"> <\/span><\/p>\n<p><span class=\"text1noticias\">Dijo que mucha gente no entiende por qu\u00e9 quiere implementar la Jornada de Tanda Extendida y el porqu\u00e9 de \u00abtanta inversi\u00f3n en aulas\u00bb.<\/span><\/p>\n<p><span class=\"text1noticias\"> <\/span><\/p>\n<p><span class=\"text1noticias\">\u00abYo quiero que sepan que estos cuatro a\u00f1os de gobierno vamos a construir 29 mil aulas adicionales a las que tenemos. Hasta el gobierno 2012-2016 se hab\u00edan construido 33 mil, y en cuatro a\u00f1os pr\u00e1cticamente vamos a construir la misma cantidad de aulas que tiene el sistema escolar dominicano desde la fundaci\u00f3n de la Rep\u00fablica hasta el actual periodo de gobierno\u00bb.<\/span><\/p>\n<p><span class=\"text1noticias\"> <\/span><\/p>\n<p><span class=\"text1noticias\">Explic\u00f3 que no quiere que ning\u00fan hijo de pobre tenga que abandonar su educaci\u00f3n para ir a trabajar cuando debe estar en las escuelas.<\/span><\/p>\n<\/p>\n<p><span class=\"text1noticias\">\u00abY ustedes sentir\u00e1n lo que significar\u00e1 eso a partir de agosto, cuando todos los hijos de los ciudadanos m\u00e1s pobres de este pa\u00eds sepan que sus hijos tendr\u00e1n en la escuela un desayuno, un almuerzo y una merienda\u00bb, proclam\u00f3.<\/span><\/p>\n<p><span class=\"text1noticias\"> <\/span><\/p>\n<p><span class=\"text1noticias\">A seguidas afirm\u00f3 que esa iniciativa \u00abva a mejorar las condiciones de vida de esos ni\u00f1os y va a mejorar los ingresos de las familias, porque a partir de agosto del a\u00f1o que viene en los hogares m\u00e1s pobres s\u00f3lo tendr\u00e1n que preocuparse de qu\u00e9 van a cenar sus hijos cada d\u00eda, porque el Gobierno les va a dar la alimentaci\u00f3n que requieren para que puedan tener la capacidad de aprendizaje en las escuelas de la rep\u00fablica Dominicana \u00ab.<\/span><\/p>\n<p><span class=\"text1noticias\"> <\/span><\/p>\n<p><span class=\"text1noticias\">Revel\u00f3 que el Gobierno construye cuatro escuelas en El Cercado, seis en Juan de Herrera, 16 en San Juan de la Maguana, cuatro en Bohech\u00edo, tres en Las Matas de Farf\u00e1n y dos en Vallejuelo.<\/span><\/p>\n<p><span class=\"text1noticias\"> <\/span><\/p>\n<p><span class=\"text1noticias\">El presidente Medina dijo que esas son obras en cuya construcci\u00f3n son empleadas cientos de personas.<\/span><\/p>\n<p><span class=\"text1noticias\"> <\/span><\/p>\n<p><span class=\"text1noticias\">\u00abEstamos avanzando como se requiere, pero yo s\u00e9 que en San Juan se preguntan qu\u00e9 de la carretera San Juan -Santiago. Para el presupuesto del a\u00f1o 2014 no hay un solo centavo en el presupuesto y se estar\u00e1n diciendo: si no comienzan la carretera en el 14, no la tendremos en el periodo de Danilo. Pero no, el Estado tiene limitaciones presupuestarias y hemos tenido que poner en ejercicio la imaginaci\u00f3n y la creatividad\u00bb, subray\u00f3. <\/span><\/p>\n<\/p>\n<\/p>\n<\/p>\n<h6> 2013-12-16 05:10:44 <\/h6>\n<p><!--\n<link rel=\"stylesheet\" href=\"css\/bootstrap.min.css\">\n\n\n<ul class=\"pagination\">\n\t    \n\t\n\n<li >\n\t<a href='?page_no=14065'>Previous<\/a>\n\t<\/li>\n\n\n       \n    \n\n<li><a href='?page_no=1'>1<\/a><\/li>\n\n\n\n<li><a href='?page_no=2'>2<\/a><\/li>\n\n\n\n<li><a>...<\/a><\/li>\n\n\n\n<li><a href='?page_no=14064'>14064<\/a><\/li>\n\n\n\n<li><a href='?page_no=14065'>14065<\/a><\/li>\n\n\n\n<li class='active'><a>14066<\/a><\/li>\n\n\n\n<li><a href='?page_no=14067'>14067<\/a><\/li>\n\n\n\n<li><a href='?page_no=14068'>14068<\/a><\/li>\n\n\n\n<li><a>...<\/a><\/li>\n\n\n\n<li><a href='?page_no=30472'>30472<\/a><\/li>\n\n\n\n<li><a href='?page_no=30473'>30473<\/a><\/li>\n\n    \n\t\n\n<li >\n\t<a href='?page_no=14067'>Next<\/a>\n\t<\/li>\n\n\n    \n\n<li><a href='?page_no=30473'>Last &rsaquo;&rsaquo;<\/a><\/li>\n\n<\/ul>\n\n\n--><br \/>\n<\/body><\/p>\n","protected":false},"excerpt":{"rendered":"<p>SAN JUAN DE LA MAGUANA, RD, 15 de Diciembre.- El presidente Danilo Medina anunci\u00f3 este domingo aqu\u00ed que en enero el Gobierno comenzar\u00e1 a licitar la construcci\u00f3n de la carretera San Juan de la Maguana-Santiago. Esta importante y esperada v\u00eda, ser\u00e1 construida en seis tramos para trabajar simult\u00e1neamente y poder entregarla antes de que concluya [&hellip;]<\/p>\n","protected":false},"author":3,"featured_media":0,"comment_status":"open","ping_status":"open","sticky":false,"template":"","format":"standard","meta":{"footnotes":""},"categories":[18],"tags":[],"class_list":["post-98516","post","type-post","status-publish","format-standard","hentry","category-economia"],"_links":{"self":[{"href":"https:\/\/diariodominicano.com\/index.php?rest_route=\/wp\/v2\/posts\/98516","targetHints":{"allow":["GET"]}}],"collection":[{"href":"https:\/\/diariodominicano.com\/index.php?rest_route=\/wp\/v2\/posts"}],"about":[{"href":"https:\/\/diariodominicano.com\/index.php?rest_route=\/wp\/v2\/types\/post"}],"author":[{"embeddable":true,"href":"https:\/\/diariodominicano.com\/index.php?rest_route=\/wp\/v2\/users\/3"}],"replies":[{"embeddable":true,"href":"https:\/\/diariodominicano.com\/index.php?rest_route=%2Fwp%2Fv2%2Fcomments&post=98516"}],"version-history":[{"count":0,"href":"https:\/\/diariodominicano.com\/index.php?rest_route=\/wp\/v2\/posts\/98516\/revisions"}],"wp:attachment":[{"href":"https:\/\/diariodominicano.com\/index.php?rest_route=%2Fwp%2Fv2%2Fmedia&parent=98516"}],"wp:term":[{"taxonomy":"category","embeddable":true,"href":"https:\/\/diariodominicano.com\/index.php?rest_route=%2Fwp%2Fv2%2Fcategories&post=98516"},{"taxonomy":"post_tag","embeddable":true,"href":"https:\/\/diariodominicano.com\/index.php?rest_route=%2Fwp%2Fv2%2Ftags&post=98516"}],"curies":[{"name":"wp","href":"https:\/\/api.w.org\/{rel}","templated":true}]}}