{"id":98515,"date":"2013-12-16T13:03:35","date_gmt":"2013-12-16T13:03:35","guid":{"rendered":"http:\/\/diariodominicano.ddns.net\/?p=98515"},"modified":"2013-12-16T13:03:35","modified_gmt":"2013-12-16T13:03:35","slug":"ganaderos-de-cumayasa-san-pedro-la-situacion-era-bellaca-antes-de-la-visita-sorpresa-del-presidente-danilo-medina","status":"publish","type":"post","link":"https:\/\/diariodominicano.com\/?p=98515","title":{"rendered":"Ganaderos de Cumayasa, San Pedro: \u00abLa situaci\u00f3n era bellaca antes de la visita sorpresa del presidente Danilo Medina\u00bb"},"content":{"rendered":"<p><body><\/p>\n<p><img decoding=\"async\" src=\"img3\/cumayasa 16.jpg\" \/>  <\/p>\n<p>Cumayasa, Los Llanos, San Pedro de Macoris RD 16 diciembre.- Aqu\u00ed la situaci\u00f3n era bellaca. Esto ha sido un cambio incre\u00edble.  En mis a\u00f1os nunca hab\u00eda visto una pol\u00edtica de Estado que ayudara as\u00ed al campesino. <\/p>\n<\/p>\n<p>Con esas palabras los ganaderos de Cumayasa, Los Llanos, San Pedro de Macor\u00eds, definen y testifican sobre el impacto que ha tenido en esa comunidad del Este del pa\u00eds la visita sorpresa que el presidente Danilo Medina les hizo el domingo 28 de abril del presente a\u00f1o. <\/p>\n<\/p>\n<p>Esa tarde,  el presidente Medina  les visit\u00f3 y los escuch\u00f3. Orden\u00f3 que se les construyeran 45 lagunas y la entrega de un tractor para romper la tierra.<\/p>\n<\/p>\n<p>Han pasado 7 meses y ya los cambios se ven. En Cumayasa, el campo recobra vida, expresa Beny Hazim, productor de Cumayasa, en el video y la breve nota titulados: \u00abLa situaci\u00f3n era bellaca\u00bb, (http:\/\/bit.ly\/IZuiOJ) difundidos hoy a los ciudadanos y a los medios de comunicaci\u00f3n por la Direcci\u00f3n General de Comunicaci\u00f3n.<\/p>\n<\/p>\n<p>\u00abCuando los peque\u00f1os productores se fortalecen, se estabiliza la econom\u00eda y el pa\u00eds se independiza, si el Gobierno sigue fortaleciendo a los peque\u00f1os productores nosotros vamos a tener un pa\u00eds con una econom\u00eda estable\u00bb, agrega el productor.<\/p>\n<\/p>\n<p>Las vacas de Juan Rojas han vuelto a parir y a darle 50 galones de leche, expresa la nota.<\/p>\n<\/p>\n<p>\u00abPara aprovechar las lagunas han soltado truchas y tilapias, cuenta entusiasmado Miguel Romero. \u00abYo traje a mi pap\u00e1 y a mam\u00e1 cargados para que vieran la laguna\u00bb.<\/p>\n<\/p>\n<p>Aqu\u00ed la historia completa<\/p>\n<\/p>\n<p>Bellaca, mala, dif\u00edcil, era la situaci\u00f3n para los parceleros y peque\u00f1os ganaderos de Cumayasa, Los Llanos, San Pedro de Macoris.<\/p>\n<\/p>\n<p>La sequ\u00eda los zarandeaba de pobreza. Les mataba el ganado y las cosechas.<\/p>\n<\/p>\n<p>Agua, agua, les hac\u00eda falta.<\/p>\n<\/p>\n<p>Cuando llevaban sus vaquitas a beber a 4 o 5 kil\u00f3metros de distancia y bajaban con ellas de nuevo, ten\u00edan la misma sed, cuentan Juan Rojas y Jairo Alc\u00e1ntara.<\/p>\n<\/p>\n<p>El presidente Danilo Medina visit\u00f3 Los Llanos y los escuch\u00f3. Orden\u00f3 que se les construyeran 45 lagunas y la entrega de un tractor para romper la tierra.<\/p>\n<\/p>\n<p>En Cumayasa, el campo recobra vida, dice Beny Hazim. \u00abCuando los peque\u00f1os productores se fortalecen, se estabiliza la econom\u00eda y el pa\u00eds se independiza\u00bb.<\/p>\n<\/p>\n<p>Las vacas de Juan Rojas han vuelto a parir y a darle 50 galones de leche.<\/p>\n<\/p>\n<p>Para aprovechar las lagunas han soltado truchas y tilapias, cuenta entusiasmado Miguel Romero. \u00abYo traje a mi pap\u00e1 y a mam\u00e1 cargados para que vieran la laguna\u00bb.<\/p>\n<\/p>\n<p>Hoy compartimos la historia de gente trabajadora y empobrecida que s\u00f3lo necesitaba agua para prosperar.<\/p>\n<h6> 2013-12-16 13:03:35 <\/h6>\n<p><!--\n<link rel=\"stylesheet\" href=\"css\/bootstrap.min.css\">\n\n\n<ul class=\"pagination\">\n\t    \n\t\n\n<li >\n\t<a href='?page_no=14064'>Previous<\/a>\n\t<\/li>\n\n\n       \n    \n\n<li><a href='?page_no=1'>1<\/a><\/li>\n\n\n\n<li><a href='?page_no=2'>2<\/a><\/li>\n\n\n\n<li><a>...<\/a><\/li>\n\n\n\n<li><a href='?page_no=14063'>14063<\/a><\/li>\n\n\n\n<li><a href='?page_no=14064'>14064<\/a><\/li>\n\n\n\n<li class='active'><a>14065<\/a><\/li>\n\n\n\n<li><a href='?page_no=14066'>14066<\/a><\/li>\n\n\n\n<li><a href='?page_no=14067'>14067<\/a><\/li>\n\n\n\n<li><a>...<\/a><\/li>\n\n\n\n<li><a href='?page_no=30472'>30472<\/a><\/li>\n\n\n\n<li><a href='?page_no=30473'>30473<\/a><\/li>\n\n    \n\t\n\n<li >\n\t<a href='?page_no=14066'>Next<\/a>\n\t<\/li>\n\n\n    \n\n<li><a href='?page_no=30473'>Last &rsaquo;&rsaquo;<\/a><\/li>\n\n<\/ul>\n\n\n--><br \/>\n<\/body><\/p>\n","protected":false},"excerpt":{"rendered":"<p>Cumayasa, Los Llanos, San Pedro de Macoris RD 16 diciembre.- Aqu\u00ed la situaci\u00f3n era bellaca. Esto ha sido un cambio incre\u00edble. En mis a\u00f1os nunca hab\u00eda visto una pol\u00edtica de Estado que ayudara as\u00ed al campesino. Con esas palabras los ganaderos de Cumayasa, Los Llanos, San Pedro de Macor\u00eds, definen y testifican sobre el impacto [&hellip;]<\/p>\n","protected":false},"author":3,"featured_media":0,"comment_status":"open","ping_status":"open","sticky":false,"template":"","format":"standard","meta":{"footnotes":""},"categories":[18],"tags":[],"class_list":["post-98515","post","type-post","status-publish","format-standard","hentry","category-economia"],"_links":{"self":[{"href":"https:\/\/diariodominicano.com\/index.php?rest_route=\/wp\/v2\/posts\/98515","targetHints":{"allow":["GET"]}}],"collection":[{"href":"https:\/\/diariodominicano.com\/index.php?rest_route=\/wp\/v2\/posts"}],"about":[{"href":"https:\/\/diariodominicano.com\/index.php?rest_route=\/wp\/v2\/types\/post"}],"author":[{"embeddable":true,"href":"https:\/\/diariodominicano.com\/index.php?rest_route=\/wp\/v2\/users\/3"}],"replies":[{"embeddable":true,"href":"https:\/\/diariodominicano.com\/index.php?rest_route=%2Fwp%2Fv2%2Fcomments&post=98515"}],"version-history":[{"count":0,"href":"https:\/\/diariodominicano.com\/index.php?rest_route=\/wp\/v2\/posts\/98515\/revisions"}],"wp:attachment":[{"href":"https:\/\/diariodominicano.com\/index.php?rest_route=%2Fwp%2Fv2%2Fmedia&parent=98515"}],"wp:term":[{"taxonomy":"category","embeddable":true,"href":"https:\/\/diariodominicano.com\/index.php?rest_route=%2Fwp%2Fv2%2Fcategories&post=98515"},{"taxonomy":"post_tag","embeddable":true,"href":"https:\/\/diariodominicano.com\/index.php?rest_route=%2Fwp%2Fv2%2Ftags&post=98515"}],"curies":[{"name":"wp","href":"https:\/\/api.w.org\/{rel}","templated":true}]}}