{"id":98513,"date":"2013-12-16T14:24:38","date_gmt":"2013-12-16T14:24:38","guid":{"rendered":"http:\/\/diariodominicano.ddns.net\/?p=98513"},"modified":"2013-12-16T14:24:38","modified_gmt":"2013-12-16T14:24:38","slug":"el-presidente-medina-viaja-esta-tarde-a-venezuela-para-cumbre-de-petrocaribe-saldra-por-la-base-aerea-de-san-isidro","status":"publish","type":"post","link":"https:\/\/diariodominicano.com\/?p=98513","title":{"rendered":"El presidente Medina viaja esta tarde a Venezuela para cumbre de Petrocaribe; saldr\u00e1 por la Base A\u00e9rea de San Isidro"},"content":{"rendered":"<p><body><\/p>\n<p><img decoding=\"async\" src=\"img3\/petro 16.jpeg\" \/>  <\/p>\n<p>Santo Domingo RD 16 diciembre.- El presidente Danilo Medina saldr\u00e1 hacia Venezuela, esta tarde, para participar en la II Cumbre Extraordinaria Alba TCP-Petrocaribe.<\/p>\n<\/p>\n<p>Se inform\u00f3 que le primer mandatario partir\u00e1 a las 4:00 de la tarde por la Base A\u00e9rea de San Isidro.<\/p>\n<\/p>\n<p>Se espera que la Presidencia de la Rep\u00fablica ofrezca un informe con el regreso de Medina y la comitiva que lo acompa\u00f1ar\u00e1 a Venezuela.<\/p>\n<\/p>\n<p>El presidente de Hait\u00ed, Michel Martelly, se convirti\u00f3 ayer en el primer jefe de Estado en llegar a Caracas para asistir a la Cumbre ALBA-Petrocaribe convocada por Venezuela.<\/p>\n<h6> 2013-12-16 14:24:38 <\/h6>\n<p><!--\n<link rel=\"stylesheet\" href=\"css\/bootstrap.min.css\">\n\n\n<ul class=\"pagination\">\n\t    \n\t\n\n<li >\n\t<a href='?page_no=14062'>Previous<\/a>\n\t<\/li>\n\n\n       \n    \n\n<li><a href='?page_no=1'>1<\/a><\/li>\n\n\n\n<li><a href='?page_no=2'>2<\/a><\/li>\n\n\n\n<li><a>...<\/a><\/li>\n\n\n\n<li><a href='?page_no=14061'>14061<\/a><\/li>\n\n\n\n<li><a href='?page_no=14062'>14062<\/a><\/li>\n\n\n\n<li class='active'><a>14063<\/a><\/li>\n\n\n\n<li><a href='?page_no=14064'>14064<\/a><\/li>\n\n\n\n<li><a href='?page_no=14065'>14065<\/a><\/li>\n\n\n\n<li><a>...<\/a><\/li>\n\n\n\n<li><a href='?page_no=30472'>30472<\/a><\/li>\n\n\n\n<li><a href='?page_no=30473'>30473<\/a><\/li>\n\n    \n\t\n\n<li >\n\t<a href='?page_no=14064'>Next<\/a>\n\t<\/li>\n\n\n    \n\n<li><a href='?page_no=30473'>Last &rsaquo;&rsaquo;<\/a><\/li>\n\n<\/ul>\n\n\n--><br \/>\n<\/body><\/p>\n","protected":false},"excerpt":{"rendered":"<p>Santo Domingo RD 16 diciembre.- El presidente Danilo Medina saldr\u00e1 hacia Venezuela, esta tarde, para participar en la II Cumbre Extraordinaria Alba TCP-Petrocaribe. Se inform\u00f3 que le primer mandatario partir\u00e1 a las 4:00 de la tarde por la Base A\u00e9rea de San Isidro. Se espera que la Presidencia de la Rep\u00fablica ofrezca un informe con [&hellip;]<\/p>\n","protected":false},"author":3,"featured_media":0,"comment_status":"open","ping_status":"open","sticky":false,"template":"","format":"standard","meta":{"footnotes":""},"categories":[18],"tags":[],"class_list":["post-98513","post","type-post","status-publish","format-standard","hentry","category-economia"],"_links":{"self":[{"href":"https:\/\/diariodominicano.com\/index.php?rest_route=\/wp\/v2\/posts\/98513","targetHints":{"allow":["GET"]}}],"collection":[{"href":"https:\/\/diariodominicano.com\/index.php?rest_route=\/wp\/v2\/posts"}],"about":[{"href":"https:\/\/diariodominicano.com\/index.php?rest_route=\/wp\/v2\/types\/post"}],"author":[{"embeddable":true,"href":"https:\/\/diariodominicano.com\/index.php?rest_route=\/wp\/v2\/users\/3"}],"replies":[{"embeddable":true,"href":"https:\/\/diariodominicano.com\/index.php?rest_route=%2Fwp%2Fv2%2Fcomments&post=98513"}],"version-history":[{"count":0,"href":"https:\/\/diariodominicano.com\/index.php?rest_route=\/wp\/v2\/posts\/98513\/revisions"}],"wp:attachment":[{"href":"https:\/\/diariodominicano.com\/index.php?rest_route=%2Fwp%2Fv2%2Fmedia&parent=98513"}],"wp:term":[{"taxonomy":"category","embeddable":true,"href":"https:\/\/diariodominicano.com\/index.php?rest_route=%2Fwp%2Fv2%2Fcategories&post=98513"},{"taxonomy":"post_tag","embeddable":true,"href":"https:\/\/diariodominicano.com\/index.php?rest_route=%2Fwp%2Fv2%2Ftags&post=98513"}],"curies":[{"name":"wp","href":"https:\/\/api.w.org\/{rel}","templated":true}]}}