{"id":98512,"date":"2013-12-16T15:59:30","date_gmt":"2013-12-16T15:59:30","guid":{"rendered":"http:\/\/diariodominicano.ddns.net\/?p=98512"},"modified":"2013-12-16T15:59:30","modified_gmt":"2013-12-16T15:59:30","slug":"martinez-aponte-llama-a-los-hoteleros-a-priorizar-el-ahorro-de-energia","status":"publish","type":"post","link":"https:\/\/diariodominicano.com\/?p=98512","title":{"rendered":"Mart\u00ednez Aponte llama a los hoteleros a priorizar el ahorro de energ\u00eda"},"content":{"rendered":"<p><body><\/p>\n<p><img decoding=\"async\" src=\"img3\/negro 16.jpg\" \/>  <\/p>\n<p>Punta Cana, La Romana 16 diciembre.- El viceministro de Turismo Radham\u00e9s Mart\u00ednez Aponte llam\u00f3 al sector hotelero a dar prioridad a los usos energ\u00e9ticos que promueven el ahorro de electricidad, al dar la bienvenida al Foro de Energ\u00eda del Turismo (CTEF), celebrado la pasada semana en el Barcel\u00f3 B\u00e1varo Palace Deluxe, en Punta Cana.<\/p>\n<\/p>\n<p>En la apertura del evento, Mart\u00ednez Aponte record\u00f3 que varios estudios realizados en la regi\u00f3n han demostrado que el costo de la electricidad constituye entre el 40% y el 60% de los costos operacionales de los hoteles y que dichos costos pueden reducirse hasta en un 25%, una cifra que consider\u00f3 \u00abimportante en un contexto de altos precios de la energ\u00eda, a nivel regional\u00bb.<\/p>\n<p>\u00abEsto\u00bb, asegur\u00f3 el alto dirigente del turismo dominicano ante un amplio grupo de l\u00edderes mundiales del sector energ\u00e9tico y hotelero, \u00abpodr\u00eda representar una mejor\u00eda de hasta 1.5%, en el margen de ganancias de los hoteleros, raz\u00f3n por la cual este evento debe ser de alto inter\u00e9s para este sector\u00bb.<\/p>\n<\/p>\n<p>\u00abDe ah\u00ed la necesidad de que el sector hotelero inicie este proceso de dar prioridad a los usos energ\u00e9ticos de acuerdo con el mayor a menor costo efectivo de oportunidades de ahorro de energ\u00eda, mediante la realizaci\u00f3n auditor\u00edas energ\u00e9ticas, que finalmente buscan sugerir y recomendar medidas para reducir el consumo de energ\u00eda, manteniendo y mejorando al mismo tiempo el confort higrot\u00e9rmico, la salubridad y la seguridad de los hu\u00e9spedes y de sus instalaciones\u00bb, sostuvo.<\/p>\n<\/p>\n<p>Mart\u00ednez Aponte record\u00f3 la importancia del turismo para el pa\u00eds. En el a\u00f1o 2012, el turismo en Rep\u00fablica Dominicana fue declarado por el presidente Danilo Medina, como la \u00ablocomotora de la econom\u00eda dominicana\u00bb.<\/p>\n<\/p>\n<p>Asegur\u00f3 que son bienvenidas todas las iniciativas que contribuyan a mejorar la competitividad tur\u00edstica del pa\u00eds y a cumplir la meta que nos hemos propuesto de 10 millones de turistas en diez a\u00f1os.<\/p>\n<\/p>\n<p>El pasado a\u00f1o 2012, Rep\u00fablica Dominicana recibi\u00f3 3.9 millones de visitantes extranjeros, para un incremento 6.0%, respecto al 2011. Esto se reflej\u00f3 en un aumento en el ingreso de divisa de 8.6% alcanzando los US$4,736.3 millones. Cabe destacar, que el valor agregado aportado por el turismo al PIB ese a\u00f1o fue de 6.0%, considerando s\u00f3lo la partida Hoteles, Bares y Restaurantes (Sistema de Cuentas Nacionales). Este sector al a\u00f1o 2012 ha generado 201,235 empleos directo e indirectos y la Inversi\u00f3n Extranjera Directa (IED), acumulada en el periodo 1993 &#8211; 2012 ascendi\u00f3 a US$3,585.0 millones. Asimismo, la oferta de habitaciones hoteleras al cierre del 2012, fue de 66,019, con una ocupaci\u00f3n promedio anual de 70.3%. <\/p>\n<\/p>\n<p>\u00abComo se aprecia en las cifras aportadas anteriormente el sector turismo es uno de los pilares de la econom\u00eda dominicana y el sector hotelero lo es para el turismo, en ese orden, promover la eficiencia energ\u00e9tica mediante el ahorro de la energ\u00eda y el uso de la energ\u00eda renovable en hoteles y centros tur\u00edsticos del Caribe y del pa\u00eds, es un aspecto fundamental para el desarrollo sostenible del turismo y en especial para los hoteleros\u00bb, dijo.<\/p>\n<h6> 2013-12-16 15:59:30 <\/h6>\n<p><!--\n<link rel=\"stylesheet\" href=\"css\/bootstrap.min.css\">\n\n\n<ul class=\"pagination\">\n\t    \n\t\n\n<li >\n\t<a href='?page_no=14061'>Previous<\/a>\n\t<\/li>\n\n\n       \n    \n\n<li><a href='?page_no=1'>1<\/a><\/li>\n\n\n\n<li><a href='?page_no=2'>2<\/a><\/li>\n\n\n\n<li><a>...<\/a><\/li>\n\n\n\n<li><a href='?page_no=14060'>14060<\/a><\/li>\n\n\n\n<li><a href='?page_no=14061'>14061<\/a><\/li>\n\n\n\n<li class='active'><a>14062<\/a><\/li>\n\n\n\n<li><a href='?page_no=14063'>14063<\/a><\/li>\n\n\n\n<li><a href='?page_no=14064'>14064<\/a><\/li>\n\n\n\n<li><a>...<\/a><\/li>\n\n\n\n<li><a href='?page_no=30472'>30472<\/a><\/li>\n\n\n\n<li><a href='?page_no=30473'>30473<\/a><\/li>\n\n    \n\t\n\n<li >\n\t<a href='?page_no=14063'>Next<\/a>\n\t<\/li>\n\n\n    \n\n<li><a href='?page_no=30473'>Last &rsaquo;&rsaquo;<\/a><\/li>\n\n<\/ul>\n\n\n--><br \/>\n<\/body><\/p>\n","protected":false},"excerpt":{"rendered":"<p>Punta Cana, La Romana 16 diciembre.- El viceministro de Turismo Radham\u00e9s Mart\u00ednez Aponte llam\u00f3 al sector hotelero a dar prioridad a los usos energ\u00e9ticos que promueven el ahorro de electricidad, al dar la bienvenida al Foro de Energ\u00eda del Turismo (CTEF), celebrado la pasada semana en el Barcel\u00f3 B\u00e1varo Palace Deluxe, en Punta Cana. En [&hellip;]<\/p>\n","protected":false},"author":3,"featured_media":0,"comment_status":"open","ping_status":"open","sticky":false,"template":"","format":"standard","meta":{"footnotes":""},"categories":[18],"tags":[],"class_list":["post-98512","post","type-post","status-publish","format-standard","hentry","category-economia"],"_links":{"self":[{"href":"https:\/\/diariodominicano.com\/index.php?rest_route=\/wp\/v2\/posts\/98512","targetHints":{"allow":["GET"]}}],"collection":[{"href":"https:\/\/diariodominicano.com\/index.php?rest_route=\/wp\/v2\/posts"}],"about":[{"href":"https:\/\/diariodominicano.com\/index.php?rest_route=\/wp\/v2\/types\/post"}],"author":[{"embeddable":true,"href":"https:\/\/diariodominicano.com\/index.php?rest_route=\/wp\/v2\/users\/3"}],"replies":[{"embeddable":true,"href":"https:\/\/diariodominicano.com\/index.php?rest_route=%2Fwp%2Fv2%2Fcomments&post=98512"}],"version-history":[{"count":0,"href":"https:\/\/diariodominicano.com\/index.php?rest_route=\/wp\/v2\/posts\/98512\/revisions"}],"wp:attachment":[{"href":"https:\/\/diariodominicano.com\/index.php?rest_route=%2Fwp%2Fv2%2Fmedia&parent=98512"}],"wp:term":[{"taxonomy":"category","embeddable":true,"href":"https:\/\/diariodominicano.com\/index.php?rest_route=%2Fwp%2Fv2%2Fcategories&post=98512"},{"taxonomy":"post_tag","embeddable":true,"href":"https:\/\/diariodominicano.com\/index.php?rest_route=%2Fwp%2Fv2%2Ftags&post=98512"}],"curies":[{"name":"wp","href":"https:\/\/api.w.org\/{rel}","templated":true}]}}