{"id":98510,"date":"2013-12-16T20:30:19","date_gmt":"2013-12-16T20:30:19","guid":{"rendered":"http:\/\/diariodominicano.ddns.net\/?p=98510"},"modified":"2013-12-16T20:30:19","modified_gmt":"2013-12-16T20:30:19","slug":"capacitan-productores-de-banano-y-ganaderos-en-educacion-financiera","status":"publish","type":"post","link":"https:\/\/diariodominicano.com\/?p=98510","title":{"rendered":"Capacitan productores de banano y ganaderos en Educaci\u00f3n Financiera"},"content":{"rendered":"<p><body><\/p>\n<p><img decoding=\"async\" src=\"http:\/\/localhost:8080\/economia\/img3\/talleres.jpg\" \/>  <\/p>\n<p><span class=\"text1noticias\">Santo Domingo, RD, 16 de diciembre.-En el marco del programa de cooperaci\u00f3n sobre Seguros de \u00cdndices y Cambio Clim\u00e1tico entre  la Agencia de los Estados Unidos para el Desarrollo Internacional (USAID) y la Fundaci\u00f3n REDDOM se ha estado implementando una iniciativa de capacitaci\u00f3n sobre Educaci\u00f3n Financiera dirigida a productores de la regi\u00f3n noroeste  del pa\u00eds. <\/span><\/p>\n<\/p>\n<p><span class=\"text1noticias\">El objetivo principal es  de capacitar a 600 productores de banano y ganaderos en el manejo econ\u00f3mico de sus predios agr\u00edcolas, como parte de la estrategia de fortalecer su capacidad de resiliencia a los impactos del cambio clim\u00e1tico.<\/span><\/p>\n<\/p>\n<p><span class=\"text1noticias\">La iniciativa se lleva a cabo en las provincias de Valverde, Santiago Rodr\u00edguez, Dajab\u00f3n y Montecristi, beneficiando a productores de la  Federaci\u00f3n de Ganaderos del Noroeste (FEDEGANO) y productores de banano de la Asociaci\u00f3n  de  Peque\u00f1os. Productores La Santa Cruz y  la Asociaci\u00f3n  de Bananos Ecol\u00f3gicos de la L\u00ednea Noroeste (Banelino).  <\/span><\/p>\n<\/p>\n<p><span class=\"text1noticias\">La  meta es la realizaci\u00f3n de  16  talleres de 16 horas cada uno, 8 para los productores de banano e igual n\u00famero para los ganaderos.  Las capacitaciones se iniciaron en octubre y finalizar\u00e1n en diciembre del 2013. La metodolog\u00eda utilizada en estos talleres contempla dividir el programa de capacitaci\u00f3n en dos sesiones de ocho horas cada una, la primera consta de una sesi\u00f3n te\u00f3rica-practica, con ejercicios propuestos por el capacitador, mientras que la segunda parte se lleva a cabo en un lapso de dos semanas, cuando se invita a los participantes a recopilar informaci\u00f3n de su propia finca y se les ense\u00f1a con su propia informaci\u00f3n a realizar los c\u00e1lculos y comparativos pertinentes.<\/span><\/p>\n<\/p>\n<p><span class=\"text1noticias\">En cada una de las sesiones se levanta una encuesta de salida para poder evaluar los progresos en el conocimiento de los temas. Al finalizar la sesi\u00f3n dos del taller se les pide a los participantes que eval\u00faen la capacitaci\u00f3n. Previamente reciben una mascota dise\u00f1ada para que puedan llevar el registro de sus ingresos y egresos.<\/span><\/p>\n<\/p>\n<p><span class=\"text1noticias\">Con estos talleres se busca \u00abque los productores sean capaces de manejar mejor las finanzas de su unidades productivas, empleando los criterios financieros m\u00e1s adecuados para maximizar sus recursos o generar valor\u00bb, expres\u00f3 Jes\u00fas de los Santos, Vicepresidente Ejecutivo de REDDOM.<\/span><\/p>\n<\/p>\n<p><span class=\"text1noticias\">Se procura que el productor sea capaz de comprender y aplicar los fundamentos esenciales del pensamiento financiero, para ayudarle en su proceso de toma de decisiones. Se busca adem\u00e1s \u00abque cada productor tenga la capacidad de tomar buenas decisiones de inversi\u00f3n, de financiamientos y cobertura de riesgos\u00bb, enfatiz\u00f3 de los Santos.(HG)<\/span>.<\/p>\n<\/p>\n<h6> 2013-12-16 20:30:19 <\/h6>\n<p><!--\n<link rel=\"stylesheet\" href=\"css\/bootstrap.min.css\">\n\n\n<ul class=\"pagination\">\n\t    \n\t\n\n<li >\n\t<a href='?page_no=14059'>Previous<\/a>\n\t<\/li>\n\n\n       \n    \n\n<li><a href='?page_no=1'>1<\/a><\/li>\n\n\n\n<li><a href='?page_no=2'>2<\/a><\/li>\n\n\n\n<li><a>...<\/a><\/li>\n\n\n\n<li><a href='?page_no=14058'>14058<\/a><\/li>\n\n\n\n<li><a href='?page_no=14059'>14059<\/a><\/li>\n\n\n\n<li class='active'><a>14060<\/a><\/li>\n\n\n\n<li><a href='?page_no=14061'>14061<\/a><\/li>\n\n\n\n<li><a href='?page_no=14062'>14062<\/a><\/li>\n\n\n\n<li><a>...<\/a><\/li>\n\n\n\n<li><a href='?page_no=30472'>30472<\/a><\/li>\n\n\n\n<li><a href='?page_no=30473'>30473<\/a><\/li>\n\n    \n\t\n\n<li >\n\t<a href='?page_no=14061'>Next<\/a>\n\t<\/li>\n\n\n    \n\n<li><a href='?page_no=30473'>Last &rsaquo;&rsaquo;<\/a><\/li>\n\n<\/ul>\n\n\n--><br \/>\n<\/body><\/p>\n","protected":false},"excerpt":{"rendered":"<p>Santo Domingo, RD, 16 de diciembre.-En el marco del programa de cooperaci\u00f3n sobre Seguros de \u00cdndices y Cambio Clim\u00e1tico entre la Agencia de los Estados Unidos para el Desarrollo Internacional (USAID) y la Fundaci\u00f3n REDDOM se ha estado implementando una iniciativa de capacitaci\u00f3n sobre Educaci\u00f3n Financiera dirigida a productores de la regi\u00f3n noroeste del pa\u00eds. [&hellip;]<\/p>\n","protected":false},"author":3,"featured_media":0,"comment_status":"open","ping_status":"open","sticky":false,"template":"","format":"standard","meta":{"footnotes":""},"categories":[18],"tags":[],"class_list":["post-98510","post","type-post","status-publish","format-standard","hentry","category-economia"],"_links":{"self":[{"href":"https:\/\/diariodominicano.com\/index.php?rest_route=\/wp\/v2\/posts\/98510","targetHints":{"allow":["GET"]}}],"collection":[{"href":"https:\/\/diariodominicano.com\/index.php?rest_route=\/wp\/v2\/posts"}],"about":[{"href":"https:\/\/diariodominicano.com\/index.php?rest_route=\/wp\/v2\/types\/post"}],"author":[{"embeddable":true,"href":"https:\/\/diariodominicano.com\/index.php?rest_route=\/wp\/v2\/users\/3"}],"replies":[{"embeddable":true,"href":"https:\/\/diariodominicano.com\/index.php?rest_route=%2Fwp%2Fv2%2Fcomments&post=98510"}],"version-history":[{"count":0,"href":"https:\/\/diariodominicano.com\/index.php?rest_route=\/wp\/v2\/posts\/98510\/revisions"}],"wp:attachment":[{"href":"https:\/\/diariodominicano.com\/index.php?rest_route=%2Fwp%2Fv2%2Fmedia&parent=98510"}],"wp:term":[{"taxonomy":"category","embeddable":true,"href":"https:\/\/diariodominicano.com\/index.php?rest_route=%2Fwp%2Fv2%2Fcategories&post=98510"},{"taxonomy":"post_tag","embeddable":true,"href":"https:\/\/diariodominicano.com\/index.php?rest_route=%2Fwp%2Fv2%2Ftags&post=98510"}],"curies":[{"name":"wp","href":"https:\/\/api.w.org\/{rel}","templated":true}]}}