{"id":98506,"date":"2013-12-17T13:37:40","date_gmt":"2013-12-17T13:37:40","guid":{"rendered":"http:\/\/diariodominicano.ddns.net\/?p=98506"},"modified":"2013-12-17T13:37:40","modified_gmt":"2013-12-17T13:37:40","slug":"jose-del-castillo-savinon-considera-no-hay-riesgo-rd-quede-fuera-de-acuerdo","status":"publish","type":"post","link":"https:\/\/diariodominicano.com\/?p=98506","title":{"rendered":"Jos\u00e9 del Castillo Savi\u00f1\u00f3n considera no hay riesgo RD quede fuera de acuerdo"},"content":{"rendered":"<p><body><\/p>\n<p><img decoding=\"async\" src=\"img3\/comercio 17.jpeg\" \/>  <\/p>\n<p>Las Am\u00e9ricas, RD 17 diciembre.- El ministro de Industria y Comercio, Jos\u00e9 del Castillo Savi\u00f1\u00f3n, declar\u00f3 ayer que no cree que el pa\u00eds corra riesgo de quedar fuera del esquema de Petrocaribe ante una posible petici\u00f3n del gobierno de Hait\u00ed, en represalia por la sentencia emitida por el Tribunal Constitucional, que busca regularizar a los extranjeros que viven en nuestro territorio.<\/p>\n<\/p>\n<p>Del Castillo Savi\u00f1\u00f3n dijo que el gobierno de Venezuela ha prometido que Rep\u00fablica Dominicana se mantendr\u00e1 dentro del esquema de Petrocaribe, en momentos que se discute dentro del marco regional el establecimiento de la zona econ\u00f3mica. \u00abYo no creo que el pa\u00eds corra riegos de perder esta preferencia ni mucho menos de quedar fuera del esquema, porque ellos los venezolanos han planteado que en este conflicto lo que quieren es desempe\u00f1ar un rol de mediador\u00bb, sostuvo.<\/p>\n<\/p>\n<p>Explic\u00f3 que de hecho fue en Caracas donde se firm\u00f3 el acuerdo con Hait\u00ed, de privilegiar el di\u00e1logo en el tema del programa de regularizaci\u00f3n de ciudadanos haitianos, que deriv\u00f3 de la sentencia que obliga al Estado dominicano a ejecutar ese programa.<\/p>\n<\/p>\n<p>Sostuvo que ese programa es una manera de darle certidumbre jur\u00eddica y de regularizar la situaci\u00f3n de los extranjeros residentes ilegales en Rep\u00fablica Dominicana. Del Castillo Savi\u00f1\u00f3n asegur\u00f3 que es un derecho soberano del pa\u00eds establecer sus controles migratorios.<\/p>\n<\/p>\n<p> \u00abAs\u00ed que no creo que esto tenga un impacto en la reuni\u00f3n de Petrocaribe y espero que Hait\u00ed no traiga ese tema dentro del marco de la reuni\u00f3n, porque ha sido una constante que en diferentes foros internacionales en los que el pa\u00eds ha participado los haitianos han colocado en agenda el mismo\u00bb, explic\u00f3.<\/p>\n<\/p>\n<p>Tambi\u00e9n, mediante el acuerdo Petrocaribe a Rep\u00fablica Dominicana se le permite financiar hasta 50 mil barriles de petr\u00f3leo crudo, el cual promedia alrededor de 30 mil barriles, a una tasa muy atractiva de un 1%, financiando el 50% por ciento de la factura petrolera.<\/p>\n<\/p>\n<p>\u00abNosotros estamos muy confiados con la promesa del presidente de Venezuela, Nicol\u00e1s Maduro, de que el pa\u00eds se mantendr\u00e1 dentro del esquema del programa de Petrocaribe,\u00bb dijo.<\/p>\n<\/p>\n<p>Se\u00f1al\u00f3 que el \u00faltimo foro donde los haitianos presentaron su queja fue en la reuni\u00f3n del  Caricom donde incluso provocaron que se presentara una moci\u00f3n vedando el ingreso de la Rep\u00fablica Dominicana a la Comunidad del Caribe.<\/p>\n<\/p>\n<p>Entrevistado en el aeropuerto Las Am\u00e9ricas, Del Castillo Savi\u00f1\u00f3n dijo que tuvo que cancelar su salida a Venezuela por instrucciones del presidente Danilo Medina, para tratar un asunto oficial aqu\u00ed, el cual no revel\u00f3.<\/p>\n<h6> 2013-12-17 13:37:40 <\/h6>\n<p><!--\n<link rel=\"stylesheet\" href=\"css\/bootstrap.min.css\">\n\n\n<ul class=\"pagination\">\n\t    \n\t\n\n<li >\n\t<a href='?page_no=14056'>Previous<\/a>\n\t<\/li>\n\n\n       \n    \n\n<li><a href='?page_no=1'>1<\/a><\/li>\n\n\n\n<li><a href='?page_no=2'>2<\/a><\/li>\n\n\n\n<li><a>...<\/a><\/li>\n\n\n\n<li><a href='?page_no=14055'>14055<\/a><\/li>\n\n\n\n<li><a href='?page_no=14056'>14056<\/a><\/li>\n\n\n\n<li class='active'><a>14057<\/a><\/li>\n\n\n\n<li><a href='?page_no=14058'>14058<\/a><\/li>\n\n\n\n<li><a href='?page_no=14059'>14059<\/a><\/li>\n\n\n\n<li><a>...<\/a><\/li>\n\n\n\n<li><a href='?page_no=30472'>30472<\/a><\/li>\n\n\n\n<li><a href='?page_no=30473'>30473<\/a><\/li>\n\n    \n\t\n\n<li >\n\t<a href='?page_no=14058'>Next<\/a>\n\t<\/li>\n\n\n    \n\n<li><a href='?page_no=30473'>Last &rsaquo;&rsaquo;<\/a><\/li>\n\n<\/ul>\n\n\n--><br \/>\n<\/body><\/p>\n","protected":false},"excerpt":{"rendered":"<p>Las Am\u00e9ricas, RD 17 diciembre.- El ministro de Industria y Comercio, Jos\u00e9 del Castillo Savi\u00f1\u00f3n, declar\u00f3 ayer que no cree que el pa\u00eds corra riesgo de quedar fuera del esquema de Petrocaribe ante una posible petici\u00f3n del gobierno de Hait\u00ed, en represalia por la sentencia emitida por el Tribunal Constitucional, que busca regularizar a los [&hellip;]<\/p>\n","protected":false},"author":3,"featured_media":0,"comment_status":"open","ping_status":"open","sticky":false,"template":"","format":"standard","meta":{"footnotes":""},"categories":[18],"tags":[],"class_list":["post-98506","post","type-post","status-publish","format-standard","hentry","category-economia"],"_links":{"self":[{"href":"https:\/\/diariodominicano.com\/index.php?rest_route=\/wp\/v2\/posts\/98506","targetHints":{"allow":["GET"]}}],"collection":[{"href":"https:\/\/diariodominicano.com\/index.php?rest_route=\/wp\/v2\/posts"}],"about":[{"href":"https:\/\/diariodominicano.com\/index.php?rest_route=\/wp\/v2\/types\/post"}],"author":[{"embeddable":true,"href":"https:\/\/diariodominicano.com\/index.php?rest_route=\/wp\/v2\/users\/3"}],"replies":[{"embeddable":true,"href":"https:\/\/diariodominicano.com\/index.php?rest_route=%2Fwp%2Fv2%2Fcomments&post=98506"}],"version-history":[{"count":0,"href":"https:\/\/diariodominicano.com\/index.php?rest_route=\/wp\/v2\/posts\/98506\/revisions"}],"wp:attachment":[{"href":"https:\/\/diariodominicano.com\/index.php?rest_route=%2Fwp%2Fv2%2Fmedia&parent=98506"}],"wp:term":[{"taxonomy":"category","embeddable":true,"href":"https:\/\/diariodominicano.com\/index.php?rest_route=%2Fwp%2Fv2%2Fcategories&post=98506"},{"taxonomy":"post_tag","embeddable":true,"href":"https:\/\/diariodominicano.com\/index.php?rest_route=%2Fwp%2Fv2%2Ftags&post=98506"}],"curies":[{"name":"wp","href":"https:\/\/api.w.org\/{rel}","templated":true}]}}