{"id":98503,"date":"2013-12-17T19:41:51","date_gmt":"2013-12-17T19:41:51","guid":{"rendered":"http:\/\/diariodominicano.ddns.net\/?p=98503"},"modified":"2013-12-17T19:41:51","modified_gmt":"2013-12-17T19:41:51","slug":"aird-valora-industrias-de-haina-como-el-camino-del-sector-en-rd","status":"publish","type":"post","link":"https:\/\/diariodominicano.com\/?p=98503","title":{"rendered":"AIRD valora industrias de Haina como el camino del sector en RD"},"content":{"rendered":"<p><body><\/p>\n<p><img decoding=\"async\" src=\"img3\/cirse.jpg\" \/>  <\/p>\n<p><span class=\"text1noticias\">Santo Domingo, RD, 17 de Diciembre.-La Asociaci\u00f3n de Industrias de la Rep\u00fablica Dominicana (AIRD) expres\u00f3 sentirse complacida por una nueva manifestaci\u00f3n del compromiso de la industria nacional con la preservaci\u00f3n del medio ambiente, el trabajo conjunto con las comunidades y las muestras continuas de responsabilidad social enarbolada por la Asociaci\u00f3n de Industrias y Empresas de Haina y la Regi\u00f3n Sur, (AIEHaina y Regi\u00f3n Sur).<\/span><\/p>\n<p><span class=\"text1noticias\"> <\/span><\/p>\n<p><span class=\"text1noticias\">Alm\u00e1nzar hizo el se\u00f1alamiento al enterarse de que Haina ya no forma parte de las diez (10) ciudades m\u00e1s contaminadas del mundo, entre las cuales hab\u00eda sido clasificada en el ranking global que promueve la  organizaci\u00f3n Blacksmith Institute (BI) y que, por el contrario, figura ahora con el m\u00e9rito tambi\u00e9n exclusivo de ser el \u00fanico territorio que tras ocupar una posici\u00f3n negativa tan extrema es certificado por el mismo instituto como seguro para la salud de su entorno y sus pobladores.<\/span><\/p>\n<p><span class=\"text1noticias\"> <\/span><\/p>\n<p><span class=\"text1noticias\">\u00abEs el camino que hemos estado recorriendo como industrias locales. Haina tiene el m\u00e9rito, adem\u00e1s, de hacerlo colectivamente, integrados en su comunidad, como muestra fehaciente de su compromiso social a mediano y largo plazo, porque para ellos y para todas las industrias nacionales existe una alianza, a veces t\u00e1cita a veces explicitas, con las poblaciones que rodean sus instalaciones, en primer lugar, y con el pa\u00eds como totalidad\u00bb, explic\u00f3 Alm\u00e1nzar.<\/span><\/p>\n<p><span class=\"text1noticias\"> <\/span><\/p>\n<p><span class=\"text1noticias\">Puso de ejemplo que en este a\u00f1o que termina la AIRD llev\u00f3 al cabo un proyecto buscando la eficiencia energ\u00e9tica en la industria del pl\u00e1stico, capacitaciones para reducir la producci\u00f3n de desechos post-industriales y disponer mejor de ellos, as\u00ed como trabajo estrecho con el Ministerio de Medio Ambiente en torno a reglamentos y licencias.<\/span><\/p>\n<p><span class=\"text1noticias\"> <\/span><\/p>\n<p><span class=\"text1noticias\">\u00abQu\u00e9 buena noticia transmite Haina en estas navidades, es un camino que seguir\u00e1n profundizando con otros programas y procesos y que tiene por meta hacer de Haina un municipio verde, de lo cual nos alegramos enormemente!\u00bb, expres\u00f3.<\/span><\/p>\n<p><span class=\"text1noticias\"> <\/span><\/p>\n<p><span class=\"text1noticias\">Dijo coincidir con el presidente de AEIHAina, Flavio Rodr\u00edguez, en el sentido de que noticias como estas favorecen la imagen del pa\u00eds y de la industria nacional en particular y tambi\u00e9n implican garant\u00eda y seguridad  para el crecimiento de las inversiones.(HG)<\/span>.<\/p>\n<\/p>\n<h6> 2013-12-17 19:41:51 <\/h6>\n<p><!--\n<link rel=\"stylesheet\" href=\"css\/bootstrap.min.css\">\n\n\n<ul class=\"pagination\">\n\t    \n\t\n\n<li >\n\t<a href='?page_no=14053'>Previous<\/a>\n\t<\/li>\n\n\n       \n    \n\n<li><a href='?page_no=1'>1<\/a><\/li>\n\n\n\n<li><a href='?page_no=2'>2<\/a><\/li>\n\n\n\n<li><a>...<\/a><\/li>\n\n\n\n<li><a href='?page_no=14052'>14052<\/a><\/li>\n\n\n\n<li><a href='?page_no=14053'>14053<\/a><\/li>\n\n\n\n<li class='active'><a>14054<\/a><\/li>\n\n\n\n<li><a href='?page_no=14055'>14055<\/a><\/li>\n\n\n\n<li><a href='?page_no=14056'>14056<\/a><\/li>\n\n\n\n<li><a>...<\/a><\/li>\n\n\n\n<li><a href='?page_no=30472'>30472<\/a><\/li>\n\n\n\n<li><a href='?page_no=30473'>30473<\/a><\/li>\n\n    \n\t\n\n<li >\n\t<a href='?page_no=14055'>Next<\/a>\n\t<\/li>\n\n\n    \n\n<li><a href='?page_no=30473'>Last &rsaquo;&rsaquo;<\/a><\/li>\n\n<\/ul>\n\n\n--><br \/>\n<\/body><\/p>\n","protected":false},"excerpt":{"rendered":"<p>Santo Domingo, RD, 17 de Diciembre.-La Asociaci\u00f3n de Industrias de la Rep\u00fablica Dominicana (AIRD) expres\u00f3 sentirse complacida por una nueva manifestaci\u00f3n del compromiso de la industria nacional con la preservaci\u00f3n del medio ambiente, el trabajo conjunto con las comunidades y las muestras continuas de responsabilidad social enarbolada por la Asociaci\u00f3n de Industrias y Empresas de [&hellip;]<\/p>\n","protected":false},"author":3,"featured_media":0,"comment_status":"open","ping_status":"open","sticky":false,"template":"","format":"standard","meta":{"footnotes":""},"categories":[18],"tags":[],"class_list":["post-98503","post","type-post","status-publish","format-standard","hentry","category-economia"],"_links":{"self":[{"href":"https:\/\/diariodominicano.com\/index.php?rest_route=\/wp\/v2\/posts\/98503","targetHints":{"allow":["GET"]}}],"collection":[{"href":"https:\/\/diariodominicano.com\/index.php?rest_route=\/wp\/v2\/posts"}],"about":[{"href":"https:\/\/diariodominicano.com\/index.php?rest_route=\/wp\/v2\/types\/post"}],"author":[{"embeddable":true,"href":"https:\/\/diariodominicano.com\/index.php?rest_route=\/wp\/v2\/users\/3"}],"replies":[{"embeddable":true,"href":"https:\/\/diariodominicano.com\/index.php?rest_route=%2Fwp%2Fv2%2Fcomments&post=98503"}],"version-history":[{"count":0,"href":"https:\/\/diariodominicano.com\/index.php?rest_route=\/wp\/v2\/posts\/98503\/revisions"}],"wp:attachment":[{"href":"https:\/\/diariodominicano.com\/index.php?rest_route=%2Fwp%2Fv2%2Fmedia&parent=98503"}],"wp:term":[{"taxonomy":"category","embeddable":true,"href":"https:\/\/diariodominicano.com\/index.php?rest_route=%2Fwp%2Fv2%2Fcategories&post=98503"},{"taxonomy":"post_tag","embeddable":true,"href":"https:\/\/diariodominicano.com\/index.php?rest_route=%2Fwp%2Fv2%2Ftags&post=98503"}],"curies":[{"name":"wp","href":"https:\/\/api.w.org\/{rel}","templated":true}]}}