{"id":98500,"date":"2013-12-17T21:15:29","date_gmt":"2013-12-17T21:15:29","guid":{"rendered":"http:\/\/diariodominicano.ddns.net\/?p=98500"},"modified":"2013-12-17T21:15:29","modified_gmt":"2013-12-17T21:15:29","slug":"fdc-pide-dejar-a-un-lado-ley-aplicaria-el-itbis-a-productos-de-la-canasta-basica-a-partir-del-uno-de-enero-de-2014","status":"publish","type":"post","link":"https:\/\/diariodominicano.com\/?p=98500","title":{"rendered":"FDC pide dejar a un lado ley aplicar\u00eda  el ITBIS a  productos de la canasta b\u00e1sica a partir del uno de  Enero de 2014"},"content":{"rendered":"<p><body><\/p>\n<p><span class=\"text1noticias\">Santo Domingo, RD, 17 de Diciembre.-La Federaci\u00f3n Dominicana de Comerciantes llam\u00f3 la atenci\u00f3n  al presidente  Danilo Medina Sanchez, dejar a un lado la ley  que dispone aplicar el ITBIS a productos de la canasta b\u00e1sica a partir del uno de  Enero del 2014.<\/span><\/p>\n<\/p>\n<p><span class=\"text1noticias\">Iv\u00e1n de Jes\u00fas enumer\u00f3 los productos que ser\u00e1n gravados  entre los que figuran: el az\u00facar blanca y crema, aceites vegetales de soya, man\u00ed entre otros, mantequilla, caf\u00e9 etc.<\/span><\/p>\n<\/p>\n<p><span class=\"text1noticias\">De Jes\u00fas adelant\u00f3 que  el  consumidor no soporta un incremento mas en estos art\u00edculos, ya que en todo el 2013 se le ha disminuido la capacidad de compra en alrededor de un 20%. <\/span><\/p>\n<\/p>\n<p><span class=\"text1noticias\">De la misma forma que se suspendi\u00f3 el aumento a las placas de los autom\u00f3viles este a\u00f1o, le solicitamos la suspensi\u00f3n de este incremento a las familias m\u00e1s pobres de nuestro pa\u00eds.<\/span><\/p>\n<\/p>\n<p><span class=\"text1noticias\">Al mismo tiempo, le solicit\u00f3 la posposici\u00f3n del decreto que ordena que todo el comercio organizado de la Rep\u00fablica Dominicana,  la  instalaci\u00f3n  impresoras fiscales antes del 31 de Diciembre del 2013, ya que , luego de visitar todas las provincias del pa\u00eds, el comercio, en su gran mayor\u00eda ( un 99%) no conoce en que consisten estas impresoras fiscales, porque ha faltado una campa\u00f1a de informaci\u00f3n para orientar a todo el comercio del pa\u00eds.<\/span><\/p>\n<\/p>\n<p><span class=\"text1noticias\">Agreg\u00f3 que estos dispositivos electr\u00f3nicos tiene un costo que oscila entre 30 y 75 mil pesos, la cual  implica comprar un programa de computadoras, una computadora, inversor, que significa para una peque\u00f1a y mediana empresa un costo de aproximadamente 150mil pesos, que despu\u00e9s de el a\u00f1o mas malo para el sector comercial, en una d\u00e9cada, con un decrecimiento en las ventas de un 20%, el comerciante del pa\u00eds no esta capacitado gerencialmente para manejar de la noche a  la ma\u00f1ana un sistema computarizado.<\/span><\/p>\n<\/p>\n<p><span class=\"text1noticias\">Precis\u00f3 que de mantenerse esta fecha fatal para la instalaci\u00f3n de las impresoras fiscales, que incluya multas de 50mil pesos por no tenerla y un plazo de 5 d\u00edas para que la obtenga, y de lo contrario, se proceder\u00e1 al cierre del comercio.<\/span><\/p>\n<\/p>\n<p><span class=\"text1noticias\">Destac\u00f3 que previo a dicha solicitud con el presidente Danilo Medina ha tenido reuni\u00f3n con funcionarios del sector gubernamental que tienen la responsabilidad de trazar la l\u00ednea impositiva.(HG)<\/span>.<\/p>\n<h6> 2013-12-17 21:15:29 <\/h6>\n<p><!--\n<link rel=\"stylesheet\" href=\"css\/bootstrap.min.css\">\n\n\n<ul class=\"pagination\">\n\t    \n\t\n\n<li >\n\t<a href='?page_no=14050'>Previous<\/a>\n\t<\/li>\n\n\n       \n    \n\n<li><a href='?page_no=1'>1<\/a><\/li>\n\n\n\n<li><a href='?page_no=2'>2<\/a><\/li>\n\n\n\n<li><a>...<\/a><\/li>\n\n\n\n<li><a href='?page_no=14049'>14049<\/a><\/li>\n\n\n\n<li><a href='?page_no=14050'>14050<\/a><\/li>\n\n\n\n<li class='active'><a>14051<\/a><\/li>\n\n\n\n<li><a href='?page_no=14052'>14052<\/a><\/li>\n\n\n\n<li><a href='?page_no=14053'>14053<\/a><\/li>\n\n\n\n<li><a>...<\/a><\/li>\n\n\n\n<li><a href='?page_no=30472'>30472<\/a><\/li>\n\n\n\n<li><a href='?page_no=30473'>30473<\/a><\/li>\n\n    \n\t\n\n<li >\n\t<a href='?page_no=14052'>Next<\/a>\n\t<\/li>\n\n\n    \n\n<li><a href='?page_no=30473'>Last &rsaquo;&rsaquo;<\/a><\/li>\n\n<\/ul>\n\n\n--><br \/>\n<\/body><\/p>\n","protected":false},"excerpt":{"rendered":"<p>Santo Domingo, RD, 17 de Diciembre.-La Federaci\u00f3n Dominicana de Comerciantes llam\u00f3 la atenci\u00f3n al presidente Danilo Medina Sanchez, dejar a un lado la ley que dispone aplicar el ITBIS a productos de la canasta b\u00e1sica a partir del uno de Enero del 2014. Iv\u00e1n de Jes\u00fas enumer\u00f3 los productos que ser\u00e1n gravados entre los que [&hellip;]<\/p>\n","protected":false},"author":3,"featured_media":0,"comment_status":"open","ping_status":"open","sticky":false,"template":"","format":"standard","meta":{"footnotes":""},"categories":[18],"tags":[],"class_list":["post-98500","post","type-post","status-publish","format-standard","hentry","category-economia"],"_links":{"self":[{"href":"https:\/\/diariodominicano.com\/index.php?rest_route=\/wp\/v2\/posts\/98500","targetHints":{"allow":["GET"]}}],"collection":[{"href":"https:\/\/diariodominicano.com\/index.php?rest_route=\/wp\/v2\/posts"}],"about":[{"href":"https:\/\/diariodominicano.com\/index.php?rest_route=\/wp\/v2\/types\/post"}],"author":[{"embeddable":true,"href":"https:\/\/diariodominicano.com\/index.php?rest_route=\/wp\/v2\/users\/3"}],"replies":[{"embeddable":true,"href":"https:\/\/diariodominicano.com\/index.php?rest_route=%2Fwp%2Fv2%2Fcomments&post=98500"}],"version-history":[{"count":0,"href":"https:\/\/diariodominicano.com\/index.php?rest_route=\/wp\/v2\/posts\/98500\/revisions"}],"wp:attachment":[{"href":"https:\/\/diariodominicano.com\/index.php?rest_route=%2Fwp%2Fv2%2Fmedia&parent=98500"}],"wp:term":[{"taxonomy":"category","embeddable":true,"href":"https:\/\/diariodominicano.com\/index.php?rest_route=%2Fwp%2Fv2%2Fcategories&post=98500"},{"taxonomy":"post_tag","embeddable":true,"href":"https:\/\/diariodominicano.com\/index.php?rest_route=%2Fwp%2Fv2%2Ftags&post=98500"}],"curies":[{"name":"wp","href":"https:\/\/api.w.org\/{rel}","templated":true}]}}