{"id":98495,"date":"2013-12-18T16:12:45","date_gmt":"2013-12-18T16:12:45","guid":{"rendered":"http:\/\/diariodominicano.ddns.net\/?p=98495"},"modified":"2013-12-18T16:12:45","modified_gmt":"2013-12-18T16:12:45","slug":"uasd-presenta-propuestas-para-el-pacto-electrico","status":"publish","type":"post","link":"https:\/\/diariodominicano.com\/?p=98495","title":{"rendered":"UASD presenta propuestas para el Pacto El\u00e9ctrico"},"content":{"rendered":"<p><body><\/p>\n<p><img decoding=\"async\" src=\"img3\/uasad 18.jpg\" \/>  <\/p>\n<p>Santo Domingo RD 18 diciembre.- La Universidad Aut\u00f3noma de Santo Domingo (UASD) present\u00f3 hoy una propuesta de Pacto El\u00e9ctrico que incluye una serie de medidas para garantizar y mejorar el servicio el\u00e9ctrico en Rep\u00fablica Dominicana.<\/p>\n<\/p>\n<p>En la elaboraci\u00f3n de la propuesta participaron m\u00e1s de 30 organizaciones de la sociedad civil, as\u00ed como representantes de organismos internacionales. <\/p>\n<\/p>\n<p>Una de las propuestas indica que el Pacto El\u00e9ctrico anunciado por el Gobierno, cuyo plazo ya venci\u00f3, debe sustentarse en un plan muy espec\u00edfico que permita formular, consensuar y aprobar en corto plazo un programa de expansi\u00f3n al costo m\u00ednimo para el desarrollo del sistema el\u00e9ctrico nacional.<\/p>\n<\/p>\n<p>Adem\u00e1s, propone asegurar un programa de reducci\u00f3n de tarifas del servicio el\u00e9ctrico en un rango de 30 a 35%, a partir de un mecanismo de fijaci\u00f3n de precios eficiente y en base a costos reales.<\/p>\n<\/p>\n<p>Otra propuesta consiste en evaluar y ejecutar mediante un proceso de di\u00e1logo transparente y bajo veedur\u00eda social y contralor\u00eda institucional la revisi\u00f3n de los contratos de compra y venta de energ\u00eda.<\/p>\n<\/p>\n<p>Entre otras cosas, la propuesta pide que por resoluci\u00f3n de la Superintendencia de Electricidad y a solicitud de la Comisi\u00f3n Nacional de Energ\u00eda se ordene la publicaci\u00f3n en las respectivas p\u00e1ginas web de cada una de las distribuidoras de energ\u00eda y de la Corporaci\u00f3n Dominicana de Empresas El\u00e9ctricas Estatales (CDEEE) todos los contratos de suministro de electricidad intervenido por esas empresas. <\/p>\n<\/p>\n<p>La actividad fue encabezada por el rector de la UASD, Mateo Aquino Febrillet y los miembros del Observatorio de Pol\u00edticas P\u00fablicas.<\/p>\n<h6> 2013-12-18 16:12:45 <\/h6>\n<p><!--\n<link rel=\"stylesheet\" href=\"css\/bootstrap.min.css\">\n\n\n<ul class=\"pagination\">\n\t    \n\t\n\n<li >\n\t<a href='?page_no=14046'>Previous<\/a>\n\t<\/li>\n\n\n       \n    \n\n<li><a href='?page_no=1'>1<\/a><\/li>\n\n\n\n<li><a href='?page_no=2'>2<\/a><\/li>\n\n\n\n<li><a>...<\/a><\/li>\n\n\n\n<li><a href='?page_no=14045'>14045<\/a><\/li>\n\n\n\n<li><a href='?page_no=14046'>14046<\/a><\/li>\n\n\n\n<li class='active'><a>14047<\/a><\/li>\n\n\n\n<li><a href='?page_no=14048'>14048<\/a><\/li>\n\n\n\n<li><a href='?page_no=14049'>14049<\/a><\/li>\n\n\n\n<li><a>...<\/a><\/li>\n\n\n\n<li><a href='?page_no=30472'>30472<\/a><\/li>\n\n\n\n<li><a href='?page_no=30473'>30473<\/a><\/li>\n\n    \n\t\n\n<li >\n\t<a href='?page_no=14048'>Next<\/a>\n\t<\/li>\n\n\n    \n\n<li><a href='?page_no=30473'>Last &rsaquo;&rsaquo;<\/a><\/li>\n\n<\/ul>\n\n\n--><br \/>\n<\/body><\/p>\n","protected":false},"excerpt":{"rendered":"<p>Santo Domingo RD 18 diciembre.- La Universidad Aut\u00f3noma de Santo Domingo (UASD) present\u00f3 hoy una propuesta de Pacto El\u00e9ctrico que incluye una serie de medidas para garantizar y mejorar el servicio el\u00e9ctrico en Rep\u00fablica Dominicana. En la elaboraci\u00f3n de la propuesta participaron m\u00e1s de 30 organizaciones de la sociedad civil, as\u00ed como representantes de organismos [&hellip;]<\/p>\n","protected":false},"author":3,"featured_media":0,"comment_status":"open","ping_status":"open","sticky":false,"template":"","format":"standard","meta":{"footnotes":""},"categories":[18],"tags":[],"class_list":["post-98495","post","type-post","status-publish","format-standard","hentry","category-economia"],"_links":{"self":[{"href":"https:\/\/diariodominicano.com\/index.php?rest_route=\/wp\/v2\/posts\/98495","targetHints":{"allow":["GET"]}}],"collection":[{"href":"https:\/\/diariodominicano.com\/index.php?rest_route=\/wp\/v2\/posts"}],"about":[{"href":"https:\/\/diariodominicano.com\/index.php?rest_route=\/wp\/v2\/types\/post"}],"author":[{"embeddable":true,"href":"https:\/\/diariodominicano.com\/index.php?rest_route=\/wp\/v2\/users\/3"}],"replies":[{"embeddable":true,"href":"https:\/\/diariodominicano.com\/index.php?rest_route=%2Fwp%2Fv2%2Fcomments&post=98495"}],"version-history":[{"count":0,"href":"https:\/\/diariodominicano.com\/index.php?rest_route=\/wp\/v2\/posts\/98495\/revisions"}],"wp:attachment":[{"href":"https:\/\/diariodominicano.com\/index.php?rest_route=%2Fwp%2Fv2%2Fmedia&parent=98495"}],"wp:term":[{"taxonomy":"category","embeddable":true,"href":"https:\/\/diariodominicano.com\/index.php?rest_route=%2Fwp%2Fv2%2Fcategories&post=98495"},{"taxonomy":"post_tag","embeddable":true,"href":"https:\/\/diariodominicano.com\/index.php?rest_route=%2Fwp%2Fv2%2Ftags&post=98495"}],"curies":[{"name":"wp","href":"https:\/\/api.w.org\/{rel}","templated":true}]}}