{"id":98494,"date":"2013-12-18T16:24:09","date_gmt":"2013-12-18T16:24:09","guid":{"rendered":"http:\/\/diariodominicano.ddns.net\/?p=98494"},"modified":"2013-12-18T16:24:09","modified_gmt":"2013-12-18T16:24:09","slug":"los-comerciantes-anuncian-el-cierre-de-establecimientos-en-enero","status":"publish","type":"post","link":"https:\/\/diariodominicano.com\/?p=98494","title":{"rendered":"Los comerciantes anuncian el cierre de establecimientos en enero"},"content":{"rendered":"<p><body><\/p>\n<p><img decoding=\"async\" src=\"img3\/comercio 18.jpg\" \/>  <\/p>\n<p>Santo Domingo RD 18 diciembre.- El presidente de la Federaci\u00f3n Dominicana de Comerciantes, Iv\u00e1n Garc\u00eda, manifest\u00f3 que el comercio organizado est\u00e1 preparando el cierre de sus establecimientos en todo el pa\u00eds a partir del jueves 9 de enero, iniciando en San Francisco de Macor\u00eds, y luego concluir\u00e1n con un paro nacional de dos d\u00edas.<\/p>\n<\/p>\n<p>\u00abVamos a cerrar tres pueblos de tres regiones diferentes, para luego culminar con un paro nacional del comercio organizado. El comercio organizado no hace huelga, tirando piedras, ni quemando gomas, porque somos empresarios. Lo que hacemos es que cerramos nuestras puertas, para que de esta forma, el gobierno entienda que somos el motor econ\u00f3mico de la econom\u00eda de Rep\u00fablica Dominicana, y que somos los principales pagadores de impuestos\u00bb, precis\u00f3.<\/p>\n<\/p>\n<p>Manifest\u00f3 que con esta medida, no es que los comerciantes se oponen al pago de impuestos, sino a que el gobierno quiera colocar, sin consenso, m\u00e1s de cien mil impresoras fiscales en el comercio organizado en un corto plazo.<\/p>\n<\/p>\n<p>Record\u00f3 que la Direcci\u00f3n General de Impuestos Internos (DGII), inici\u00f3 la instalaci\u00f3n de las impresoras fiscales en el a\u00f1o 2010, y s\u00f3lo ha instalado 4,500 de estas cajas registradoras, y ahora pretenden que aproximadamente 100,000 establecimientos adquieran estas m\u00e1quinas en 60 d\u00edas.<\/p>\n<\/p>\n<p>\u00abEso es pr\u00e1cticamente imposible, y a lo imposible nadie est\u00e1 obligado\u00bb, afirm\u00f3.<\/p>\n<\/p>\n<p>Garc\u00eda, quien habl\u00f3 durante una rueda de prensa acompa\u00f1ado de decenas de dirigentes comerciales, manifest\u00f3 que los comerciantes no est\u00e1n en la capacidad en estos momentos de disponer de unos RD$150,000 como inversi\u00f3n m\u00ednima para adquirir las impresoras fiscales, las cuales, seg\u00fan explic\u00f3, deben ir acompa\u00f1adas de computadoras y plantas el\u00e9ctricas. \u00ab\u00bfQu\u00e9 peque\u00f1o negocio tiene capacidad en Rep\u00fablica Dominicana para enfrentar este costo en estos momentos?\u00bb, cuestion\u00f3.<\/p>\n<\/p>\n<p>El dirigente comercial dijo que actualmente se est\u00e1 terminando un a\u00f1o, el cual calific\u00f3 como \u00abmalo\u00bb para el sector comercio, que ha enfrentado una disminuci\u00f3n en las ventas de alrededor de un 20%. \u00abEstamos todos heridos, y al paciente lo que hay que darle es una oportunidad de comenzar a sanar estas heridas\u00bb, afirm\u00f3.<\/p>\n<\/p>\n<p>Los comerciantes que, adem\u00e1s, piden al gobierno que no se aplique el incremento de 8% a 11% del Impuesto sobre la Transferencia de Bienes Industrializados y Servicios (Itbis) a los productos de la canasta b\u00e1sica, tales como caf\u00e9, az\u00facar, mantequilla, chocolate y aceite, digeron que si el gobierno no pospone la fecha l\u00edmite para colocar las impresoras fiscales, el comercio organizado cerrar\u00e1 sus puertas, los d\u00edas 9, 10 y 14 de enero en San Francisco, Ban\u00ed y en Mao y la l\u00ednea Noroeste, y un paro nacional el 15 y 16 del mes pr\u00f3ximo.<\/p>\n<\/p>\n<h6> 2013-12-18 16:24:09 <\/h6>\n<p><!--\n<link rel=\"stylesheet\" href=\"css\/bootstrap.min.css\">\n\n\n<ul class=\"pagination\">\n\t    \n\t\n\n<li >\n\t<a href='?page_no=14045'>Previous<\/a>\n\t<\/li>\n\n\n       \n    \n\n<li><a href='?page_no=1'>1<\/a><\/li>\n\n\n\n<li><a href='?page_no=2'>2<\/a><\/li>\n\n\n\n<li><a>...<\/a><\/li>\n\n\n\n<li><a href='?page_no=14044'>14044<\/a><\/li>\n\n\n\n<li><a href='?page_no=14045'>14045<\/a><\/li>\n\n\n\n<li class='active'><a>14046<\/a><\/li>\n\n\n\n<li><a href='?page_no=14047'>14047<\/a><\/li>\n\n\n\n<li><a href='?page_no=14048'>14048<\/a><\/li>\n\n\n\n<li><a>...<\/a><\/li>\n\n\n\n<li><a href='?page_no=30472'>30472<\/a><\/li>\n\n\n\n<li><a href='?page_no=30473'>30473<\/a><\/li>\n\n    \n\t\n\n<li >\n\t<a href='?page_no=14047'>Next<\/a>\n\t<\/li>\n\n\n    \n\n<li><a href='?page_no=30473'>Last &rsaquo;&rsaquo;<\/a><\/li>\n\n<\/ul>\n\n\n--><br \/>\n<\/body><\/p>\n","protected":false},"excerpt":{"rendered":"<p>Santo Domingo RD 18 diciembre.- El presidente de la Federaci\u00f3n Dominicana de Comerciantes, Iv\u00e1n Garc\u00eda, manifest\u00f3 que el comercio organizado est\u00e1 preparando el cierre de sus establecimientos en todo el pa\u00eds a partir del jueves 9 de enero, iniciando en San Francisco de Macor\u00eds, y luego concluir\u00e1n con un paro nacional de dos d\u00edas. \u00abVamos [&hellip;]<\/p>\n","protected":false},"author":3,"featured_media":0,"comment_status":"open","ping_status":"open","sticky":false,"template":"","format":"standard","meta":{"footnotes":""},"categories":[18],"tags":[],"class_list":["post-98494","post","type-post","status-publish","format-standard","hentry","category-economia"],"_links":{"self":[{"href":"https:\/\/diariodominicano.com\/index.php?rest_route=\/wp\/v2\/posts\/98494","targetHints":{"allow":["GET"]}}],"collection":[{"href":"https:\/\/diariodominicano.com\/index.php?rest_route=\/wp\/v2\/posts"}],"about":[{"href":"https:\/\/diariodominicano.com\/index.php?rest_route=\/wp\/v2\/types\/post"}],"author":[{"embeddable":true,"href":"https:\/\/diariodominicano.com\/index.php?rest_route=\/wp\/v2\/users\/3"}],"replies":[{"embeddable":true,"href":"https:\/\/diariodominicano.com\/index.php?rest_route=%2Fwp%2Fv2%2Fcomments&post=98494"}],"version-history":[{"count":0,"href":"https:\/\/diariodominicano.com\/index.php?rest_route=\/wp\/v2\/posts\/98494\/revisions"}],"wp:attachment":[{"href":"https:\/\/diariodominicano.com\/index.php?rest_route=%2Fwp%2Fv2%2Fmedia&parent=98494"}],"wp:term":[{"taxonomy":"category","embeddable":true,"href":"https:\/\/diariodominicano.com\/index.php?rest_route=%2Fwp%2Fv2%2Fcategories&post=98494"},{"taxonomy":"post_tag","embeddable":true,"href":"https:\/\/diariodominicano.com\/index.php?rest_route=%2Fwp%2Fv2%2Ftags&post=98494"}],"curies":[{"name":"wp","href":"https:\/\/api.w.org\/{rel}","templated":true}]}}