{"id":98493,"date":"2013-12-18T18:21:56","date_gmt":"2013-12-18T18:21:56","guid":{"rendered":"http:\/\/diariodominicano.ddns.net\/?p=98493"},"modified":"2013-12-18T18:21:56","modified_gmt":"2013-12-18T18:21:56","slug":"vaticinan-crecimiento-de-exportaciones-dominicanas","status":"publish","type":"post","link":"https:\/\/diariodominicano.com\/?p=98493","title":{"rendered":"Vaticinan crecimiento de exportaciones dominicanas"},"content":{"rendered":"<p><body><\/p>\n<p><img decoding=\"async\" src=\"img3\/exportaciones.jpg\" \/>  <\/p>\n<p><span class=\"text1noticias\">Santo Domingo, RD,  18 dic (PL) Las exportaciones de Rep\u00fablica Dominicana concluir\u00e1n 2013 con un 17 por ciento por encima del registro de poco m\u00e1s de nueve mil millones de d\u00f3lares del a\u00f1o precedente, seg\u00fan estimaciones oficiales.<\/span><\/p>\n<\/p>\n<p><span class=\"text1noticias\">Jean Alain Rodr\u00edguez, director del Centro de Exportaci\u00f3n e Inversi\u00f3n de este pa\u00eds, destac\u00f3 como factor importante del resultado la diversificaci\u00f3n de productos en 167 pa\u00edses.<\/span><\/p>\n<\/p>\n<p><span class=\"text1noticias\">En un encuentro de capacitaci\u00f3n para representantes consulares dominicanos, el funcionario precis\u00f3 que se lograron reducir en un 30 y un 40 por ciento las devoluciones de mercanc\u00edas exportadas hacia la Uni\u00f3n Europea y Estados Unidos, respectivamente.<\/span><\/p>\n<\/p>\n<p><span class=\"text1noticias\">Sobre las inversiones extranjeras en Dominicana, manifest\u00f3 que llegar\u00e1n a casi dos mil millones de d\u00f3lares, con lo cual este pa\u00eds mantendr\u00e1 el liderazgo en ese rengl\u00f3n a nivel caribe\u00f1o.(HG)<\/span>.<\/p>\n<h6> 2013-12-18 18:21:56 <\/h6>\n<p><!--\n<link rel=\"stylesheet\" href=\"css\/bootstrap.min.css\">\n\n\n<ul class=\"pagination\">\n\t    \n\t\n\n<li >\n\t<a href='?page_no=14044'>Previous<\/a>\n\t<\/li>\n\n\n       \n    \n\n<li><a href='?page_no=1'>1<\/a><\/li>\n\n\n\n<li><a href='?page_no=2'>2<\/a><\/li>\n\n\n\n<li><a>...<\/a><\/li>\n\n\n\n<li><a href='?page_no=14043'>14043<\/a><\/li>\n\n\n\n<li><a href='?page_no=14044'>14044<\/a><\/li>\n\n\n\n<li class='active'><a>14045<\/a><\/li>\n\n\n\n<li><a href='?page_no=14046'>14046<\/a><\/li>\n\n\n\n<li><a href='?page_no=14047'>14047<\/a><\/li>\n\n\n\n<li><a>...<\/a><\/li>\n\n\n\n<li><a href='?page_no=30472'>30472<\/a><\/li>\n\n\n\n<li><a href='?page_no=30473'>30473<\/a><\/li>\n\n    \n\t\n\n<li >\n\t<a href='?page_no=14046'>Next<\/a>\n\t<\/li>\n\n\n    \n\n<li><a href='?page_no=30473'>Last &rsaquo;&rsaquo;<\/a><\/li>\n\n<\/ul>\n\n\n--><br \/>\n<\/body><\/p>\n","protected":false},"excerpt":{"rendered":"<p>Santo Domingo, RD, 18 dic (PL) Las exportaciones de Rep\u00fablica Dominicana concluir\u00e1n 2013 con un 17 por ciento por encima del registro de poco m\u00e1s de nueve mil millones de d\u00f3lares del a\u00f1o precedente, seg\u00fan estimaciones oficiales. Jean Alain Rodr\u00edguez, director del Centro de Exportaci\u00f3n e Inversi\u00f3n de este pa\u00eds, destac\u00f3 como factor importante del [&hellip;]<\/p>\n","protected":false},"author":3,"featured_media":0,"comment_status":"open","ping_status":"open","sticky":false,"template":"","format":"standard","meta":{"footnotes":""},"categories":[18],"tags":[],"class_list":["post-98493","post","type-post","status-publish","format-standard","hentry","category-economia"],"_links":{"self":[{"href":"https:\/\/diariodominicano.com\/index.php?rest_route=\/wp\/v2\/posts\/98493","targetHints":{"allow":["GET"]}}],"collection":[{"href":"https:\/\/diariodominicano.com\/index.php?rest_route=\/wp\/v2\/posts"}],"about":[{"href":"https:\/\/diariodominicano.com\/index.php?rest_route=\/wp\/v2\/types\/post"}],"author":[{"embeddable":true,"href":"https:\/\/diariodominicano.com\/index.php?rest_route=\/wp\/v2\/users\/3"}],"replies":[{"embeddable":true,"href":"https:\/\/diariodominicano.com\/index.php?rest_route=%2Fwp%2Fv2%2Fcomments&post=98493"}],"version-history":[{"count":0,"href":"https:\/\/diariodominicano.com\/index.php?rest_route=\/wp\/v2\/posts\/98493\/revisions"}],"wp:attachment":[{"href":"https:\/\/diariodominicano.com\/index.php?rest_route=%2Fwp%2Fv2%2Fmedia&parent=98493"}],"wp:term":[{"taxonomy":"category","embeddable":true,"href":"https:\/\/diariodominicano.com\/index.php?rest_route=%2Fwp%2Fv2%2Fcategories&post=98493"},{"taxonomy":"post_tag","embeddable":true,"href":"https:\/\/diariodominicano.com\/index.php?rest_route=%2Fwp%2Fv2%2Ftags&post=98493"}],"curies":[{"name":"wp","href":"https:\/\/api.w.org\/{rel}","templated":true}]}}