{"id":98492,"date":"2013-12-18T19:22:01","date_gmt":"2013-12-18T19:22:01","guid":{"rendered":"http:\/\/diariodominicano.ddns.net\/?p=98492"},"modified":"2013-12-18T19:22:01","modified_gmt":"2013-12-18T19:22:01","slug":"ortega-tous-politica-fiscal-no-contribuyen-al-crecimiento-sostenido","status":"publish","type":"post","link":"https:\/\/diariodominicano.com\/?p=98492","title":{"rendered":"Ortega Tous: pol\u00edtica fiscal no contribuyen al crecimiento sostenido"},"content":{"rendered":"<p><body><\/p>\n<p><img decoding=\"async\" src=\"img3\/tous.jpg\" \/>  <\/p>\n<p><span class=\"text1noticias\">Santo Domingo, RD, 18 de Diciembre.-El economista Julio Ortega Tous asegur\u00f3 que la pol\u00edtica fiscal del Gobierno este a\u00f1o ha tenido movimientos que no contribuyen al crecimiento sostenido, y que eso se puede notar en la paralizaci\u00f3n de varias obras de infraestructura.<\/span><\/p>\n<\/p>\n<p><span class=\"text1noticias\">Dijo que el objetivo del d\u00e9ficit que se estableci\u00f3 en 2.8 por ciento del Producto Interno Bruto (PIB), pero que desconoce en cuanto ir\u00e1 a terminar este 2013, aunque proyecta que el d\u00e9ficit fiscal presentar\u00e1 n\u00fameros de 4.5 por ciento.<\/span><\/p>\n<\/p>\n<p><span class=\"text1noticias\">Sustent\u00f3 esa cifra (4.5 por ciento) alegando que le fue imposible al Gobierno recortar casi un 5 por ciento del PIB en d\u00e9ficit p\u00fablico, porque si lo hac\u00eda las autoridades iban a provocar una par\u00e1lisis de la econom\u00eda como la ocurrida en el primer trimestre de este a\u00f1o.<\/span><\/p>\n<\/p>\n<p><span class=\"text1noticias\">\u00ab\u00bfQu\u00e9 tuvo que hacer el Gobierno? Retomar el gasto p\u00fablico, retomar una pol\u00edtica, sino no expansiva por lo menos que sostenga los niveles de actividad econ\u00f3mica\u00bb, indic\u00f3 Ortega Tous.<\/span><\/p>\n<\/p>\n<p><span class=\"text1noticias\">Calific\u00f3 que el 2013 ha sido un a\u00f1o de una actividad econ\u00f3mica desigual, porque se trat\u00f3 de reducir el d\u00e9ficit de 6.6 a 2.8 por ciento, casi un 4 por ciento del PIB, pero que eso era sumamente dif\u00edcil.<\/span><\/p>\n<\/p>\n<p><span class=\"text1noticias\">Mientras que el dirigente del Partido de la Liberaci\u00f3n Dominicana (PLD), Ignacio Ditr\u00e9n, expres\u00f3 que este 2103 no solo debe evaluarse en t\u00e9rminos de meramente frio y econ\u00f3mico, sino que hay que resaltar el trabajo realizado por el Gobierno en el sector educativo por las inversiones que se est\u00e1n realizando.<\/span><\/p>\n<\/p>\n<p><span class=\"text1noticias\">El dirigente pol\u00edtico precis\u00f3 que otro elemento positivo de la econom\u00eda lo representa la inversi\u00f3n para ir resorbiendo los problemas el\u00e9ctricos del pa\u00eds, donde aval\u00f3 el inicio de la construcci\u00f3n de dos plantas a carb\u00f3n para reducir los costos en ese sector.<\/span><\/p>\n<\/p>\n<p><span class=\"text1noticias\">Ortega Tous y Ditr\u00e9n ofrecieron estas declaraciones al ser entrevistados en el programa Diario del 4 que se transmite por CERTV.(HG)<\/span>.<\/p>\n<h6> 2013-12-18 19:22:01 <\/h6>\n<p><!--\n<link rel=\"stylesheet\" href=\"css\/bootstrap.min.css\">\n\n\n<ul class=\"pagination\">\n\t    \n\t\n\n<li >\n\t<a href='?page_no=14043'>Previous<\/a>\n\t<\/li>\n\n\n       \n    \n\n<li><a href='?page_no=1'>1<\/a><\/li>\n\n\n\n<li><a href='?page_no=2'>2<\/a><\/li>\n\n\n\n<li><a>...<\/a><\/li>\n\n\n\n<li><a href='?page_no=14042'>14042<\/a><\/li>\n\n\n\n<li><a href='?page_no=14043'>14043<\/a><\/li>\n\n\n\n<li class='active'><a>14044<\/a><\/li>\n\n\n\n<li><a href='?page_no=14045'>14045<\/a><\/li>\n\n\n\n<li><a href='?page_no=14046'>14046<\/a><\/li>\n\n\n\n<li><a>...<\/a><\/li>\n\n\n\n<li><a href='?page_no=30472'>30472<\/a><\/li>\n\n\n\n<li><a href='?page_no=30473'>30473<\/a><\/li>\n\n    \n\t\n\n<li >\n\t<a href='?page_no=14045'>Next<\/a>\n\t<\/li>\n\n\n    \n\n<li><a href='?page_no=30473'>Last &rsaquo;&rsaquo;<\/a><\/li>\n\n<\/ul>\n\n\n--><br \/>\n<\/body><\/p>\n","protected":false},"excerpt":{"rendered":"<p>Santo Domingo, RD, 18 de Diciembre.-El economista Julio Ortega Tous asegur\u00f3 que la pol\u00edtica fiscal del Gobierno este a\u00f1o ha tenido movimientos que no contribuyen al crecimiento sostenido, y que eso se puede notar en la paralizaci\u00f3n de varias obras de infraestructura. Dijo que el objetivo del d\u00e9ficit que se estableci\u00f3 en 2.8 por ciento [&hellip;]<\/p>\n","protected":false},"author":3,"featured_media":0,"comment_status":"open","ping_status":"open","sticky":false,"template":"","format":"standard","meta":{"footnotes":""},"categories":[18],"tags":[],"class_list":["post-98492","post","type-post","status-publish","format-standard","hentry","category-economia"],"_links":{"self":[{"href":"https:\/\/diariodominicano.com\/index.php?rest_route=\/wp\/v2\/posts\/98492","targetHints":{"allow":["GET"]}}],"collection":[{"href":"https:\/\/diariodominicano.com\/index.php?rest_route=\/wp\/v2\/posts"}],"about":[{"href":"https:\/\/diariodominicano.com\/index.php?rest_route=\/wp\/v2\/types\/post"}],"author":[{"embeddable":true,"href":"https:\/\/diariodominicano.com\/index.php?rest_route=\/wp\/v2\/users\/3"}],"replies":[{"embeddable":true,"href":"https:\/\/diariodominicano.com\/index.php?rest_route=%2Fwp%2Fv2%2Fcomments&post=98492"}],"version-history":[{"count":0,"href":"https:\/\/diariodominicano.com\/index.php?rest_route=\/wp\/v2\/posts\/98492\/revisions"}],"wp:attachment":[{"href":"https:\/\/diariodominicano.com\/index.php?rest_route=%2Fwp%2Fv2%2Fmedia&parent=98492"}],"wp:term":[{"taxonomy":"category","embeddable":true,"href":"https:\/\/diariodominicano.com\/index.php?rest_route=%2Fwp%2Fv2%2Fcategories&post=98492"},{"taxonomy":"post_tag","embeddable":true,"href":"https:\/\/diariodominicano.com\/index.php?rest_route=%2Fwp%2Fv2%2Ftags&post=98492"}],"curies":[{"name":"wp","href":"https:\/\/api.w.org\/{rel}","templated":true}]}}