{"id":98490,"date":"2013-12-18T19:37:53","date_gmt":"2013-12-18T19:37:53","guid":{"rendered":"http:\/\/diariodominicano.ddns.net\/?p=98490"},"modified":"2013-12-18T19:37:53","modified_gmt":"2013-12-18T19:37:53","slug":"codocafe-ogs-y-adelmopla-firman-acuerdo-de-cooperacion-interinstitucional","status":"publish","type":"post","link":"https:\/\/diariodominicano.com\/?p=98490","title":{"rendered":"CODOCAFE- OGS y ADELMOPLA firman acuerdo de cooperaci\u00f3n interinstitucional"},"content":{"rendered":"<p><body><\/p>\n<p><span class=\"text1noticias\">Santo Domingo, RD, 18 de Diciembre.-El Consejo Dominicano del Caf\u00e9 (CODOCAFE),  la Agencia de Desarrollo Econ\u00f3mico Local de Monte Plata (ADELMOPLA) y la Oficina de Gesti\u00f3n Senatorial (OGS), firmaron un acuerdo de cooperaci\u00f3n interinstitucional con el inter\u00e9s de capacitar a los productores de la provincia Monte Plata e implementaci\u00f3n de nuevas variedades y tecnolog\u00edas para el mejoramiento de la productividad y rentabilidad en la zona.<\/span><\/p>\n<\/p>\n<p><span class=\"text1noticias\">El convenio fue firmado por el director ejecutivo de CODOCAFE, ingeniero Jos\u00e9 Ferm\u00edn N\u00fa\u00f1ez, el presidente de la OGS y senador por Monte Plata, Charles Mariotti, y el presidente de ADELMOPLA, Miguel Emiliano Polanco W.<\/span><\/p>\n<\/p>\n<p><span class=\"text1noticias\">Las instituciones se comprometen a establecer las bases para el desarrollo de actividades conjuntas, coordinadas y participativas relacionadas con la investigaci\u00f3n e implementaci\u00f3n de proyectos que permitan fortalecer la producci\u00f3n agr\u00edcola de caf\u00e9.<\/span><\/p>\n<\/p>\n<p><span class=\"text1noticias\">Asimismo, persiguen producir plantas de cafeto en Monte Plata y su entorno, promoviendo la innovaci\u00f3n, capacitaci\u00f3n, canalizaci\u00f3n de recursos, seguimiento, desarrollo de cadenas de valor y comercializaci\u00f3n, de nuevas variedades de caf\u00e9.<\/span><\/p>\n<\/p>\n<p><span class=\"text1noticias\">De su parte, CODOCAFE apoyar\u00e1 la investigaci\u00f3n y ejecuci\u00f3n de proyectos con miras a la producci\u00f3n de nuevas variedades derivadas de caf\u00e9 de la provincia de Monte Plata y su entorno.<\/span><\/p>\n<\/p>\n<p><span class=\"text1noticias\">Comprende tambi\u00e9n proponer a la OGS planes de acci\u00f3n coordinados que coadyuven a actualizar y mejorar las ejecutorias relacionadas al financiamiento de la producci\u00f3n cafetalera.<\/span><\/p>\n<\/p>\n<p><span class=\"text1noticias\">Adem\u00e1s, el acuerdo contempla promover asistencia t\u00e9cnica a los productores en la investigaci\u00f3n de nuevos productos, designar a un enlace institucional, de coordinaci\u00f3n y cumplimiento de los compromisos asumidos en el convenio.<\/span><\/p>\n<\/p>\n<p><span class=\"text1noticias\">Apoyar la formulaci\u00f3n de proyectos relacionados al procesamiento del caf\u00e9 y el establecimiento de par\u00e1metros de calidad que generen el marco de pol\u00edticas del sector.<\/span><\/p>\n<\/p>\n<p><span class=\"text1noticias\">En tanto, la OGS y ADELMOPLA  tienen que promover el financiamiento de proyectos para la producci\u00f3n de productos derivados de caf\u00e9 en la provincia de Monte Plata y su entorno.<\/span><\/p>\n<\/p>\n<p><span class=\"text1noticias\">Coordinar la participaci\u00f3n y apoyo institucional para lograr una oportuna ejecuci\u00f3n de los proyectos a financiar y poner en conocimiento a CODOCAFE de las demandas e iniciativas que surjan de los procesos de micr\u00f3n planificaci\u00f3n participativa.<\/span><\/p>\n<\/p>\n<p><span class=\"text1noticias\">Igualmente, desarrollar las cadenas de valor que permitan generar un nivel de competitividad, productiva y rentabilidad para los productores e integrantes de la red productiva.(HG)<\/span>.<\/p>\n<\/p>\n<\/p>\n<\/p>\n<\/p>\n<h6> 2013-12-18 19:37:53 <\/h6>\n<p><!--\n<link rel=\"stylesheet\" href=\"css\/bootstrap.min.css\">\n\n\n<ul class=\"pagination\">\n\t    \n\t\n\n<li >\n\t<a href='?page_no=14041'>Previous<\/a>\n\t<\/li>\n\n\n       \n    \n\n<li><a href='?page_no=1'>1<\/a><\/li>\n\n\n\n<li><a href='?page_no=2'>2<\/a><\/li>\n\n\n\n<li><a>...<\/a><\/li>\n\n\n\n<li><a href='?page_no=14040'>14040<\/a><\/li>\n\n\n\n<li><a href='?page_no=14041'>14041<\/a><\/li>\n\n\n\n<li class='active'><a>14042<\/a><\/li>\n\n\n\n<li><a href='?page_no=14043'>14043<\/a><\/li>\n\n\n\n<li><a href='?page_no=14044'>14044<\/a><\/li>\n\n\n\n<li><a>...<\/a><\/li>\n\n\n\n<li><a href='?page_no=30472'>30472<\/a><\/li>\n\n\n\n<li><a href='?page_no=30473'>30473<\/a><\/li>\n\n    \n\t\n\n<li >\n\t<a href='?page_no=14043'>Next<\/a>\n\t<\/li>\n\n\n    \n\n<li><a href='?page_no=30473'>Last &rsaquo;&rsaquo;<\/a><\/li>\n\n<\/ul>\n\n\n--><br \/>\n<\/body><\/p>\n","protected":false},"excerpt":{"rendered":"<p>Santo Domingo, RD, 18 de Diciembre.-El Consejo Dominicano del Caf\u00e9 (CODOCAFE), la Agencia de Desarrollo Econ\u00f3mico Local de Monte Plata (ADELMOPLA) y la Oficina de Gesti\u00f3n Senatorial (OGS), firmaron un acuerdo de cooperaci\u00f3n interinstitucional con el inter\u00e9s de capacitar a los productores de la provincia Monte Plata e implementaci\u00f3n de nuevas variedades y tecnolog\u00edas para [&hellip;]<\/p>\n","protected":false},"author":3,"featured_media":0,"comment_status":"open","ping_status":"open","sticky":false,"template":"","format":"standard","meta":{"footnotes":""},"categories":[18],"tags":[],"class_list":["post-98490","post","type-post","status-publish","format-standard","hentry","category-economia"],"_links":{"self":[{"href":"https:\/\/diariodominicano.com\/index.php?rest_route=\/wp\/v2\/posts\/98490","targetHints":{"allow":["GET"]}}],"collection":[{"href":"https:\/\/diariodominicano.com\/index.php?rest_route=\/wp\/v2\/posts"}],"about":[{"href":"https:\/\/diariodominicano.com\/index.php?rest_route=\/wp\/v2\/types\/post"}],"author":[{"embeddable":true,"href":"https:\/\/diariodominicano.com\/index.php?rest_route=\/wp\/v2\/users\/3"}],"replies":[{"embeddable":true,"href":"https:\/\/diariodominicano.com\/index.php?rest_route=%2Fwp%2Fv2%2Fcomments&post=98490"}],"version-history":[{"count":0,"href":"https:\/\/diariodominicano.com\/index.php?rest_route=\/wp\/v2\/posts\/98490\/revisions"}],"wp:attachment":[{"href":"https:\/\/diariodominicano.com\/index.php?rest_route=%2Fwp%2Fv2%2Fmedia&parent=98490"}],"wp:term":[{"taxonomy":"category","embeddable":true,"href":"https:\/\/diariodominicano.com\/index.php?rest_route=%2Fwp%2Fv2%2Fcategories&post=98490"},{"taxonomy":"post_tag","embeddable":true,"href":"https:\/\/diariodominicano.com\/index.php?rest_route=%2Fwp%2Fv2%2Ftags&post=98490"}],"curies":[{"name":"wp","href":"https:\/\/api.w.org\/{rel}","templated":true}]}}