{"id":98489,"date":"2013-12-18T20:12:38","date_gmt":"2013-12-18T20:12:38","guid":{"rendered":"http:\/\/diariodominicano.ddns.net\/?p=98489"},"modified":"2013-12-18T20:12:38","modified_gmt":"2013-12-18T20:12:38","slug":"agricultura-crea-escudo-sanitario-para-proteger-cacaotales-del-pais","status":"publish","type":"post","link":"https:\/\/diariodominicano.com\/?p=98489","title":{"rendered":"Agricultura crea escudo sanitario para proteger cacaotales del pa\u00eds"},"content":{"rendered":"<p><body><\/p>\n<p><span class=\"text1noticias\">Santo Domingo, RD, 18 de Diciembre.- El Ministerio de Agricultura prohibi\u00f3 la importaci\u00f3n de plantas de cacao, frutas, semillas o cualquier parte de ese cultivo de pa\u00edses afectados de plagas, como la escoba de brujas, considerada de alta patogenocidad.<\/span><\/p>\n<\/p>\n<p><span class=\"text1noticias\">La medida abarca tambi\u00e9n la importaci\u00f3n de plantas de mus\u00e1ceas  y cualquier parte de estas, provenientes de las naciones donde  se encuentren presentes las plagas que afectan los cacaotales.<\/span><\/p>\n<\/p>\n<p><span class=\"text1noticias\">La disposici\u00f3n est\u00e1 contenida en la Resoluci\u00f3n N\u00famero 83-2013, firmada por el ministro Luis Ram\u00f3n Rodr\u00edguez, en la cual se instruye al Departamento de  Sanidad Vegetal a reforzar  la vigilancia, inspecci\u00f3n de equipaje, pasajeros y materiales  vegetales provenientes de  pa\u00edses  donde se encuentren presentes las enfermedades   que afectan las plantaciones de cacao.<\/span><\/p>\n<\/p>\n<p><span class=\"text1noticias\">La Ley  N\u00famero 8, de  septiembre de 1965,  faculta a la instituci\u00f3n a prevenir y controlar las plagas y enfermedades que puedan afectar a los animales y las plantas del pa\u00eds,<\/span><\/p>\n<\/p>\n<p><span class=\"text1noticias\">La Resoluci\u00f3n  expresa que el cacao en la Rep\u00fablica Dominicana  reviste vital importancia para la preservaci\u00f3n de los afluentes que dan vida  a especies, tanto animal como vegetal, contribuyendo as\u00ed a la abstenci\u00f3n  de otros rubros de la canasta familiar.<\/span><\/p>\n<\/p>\n<p><span class=\"text1noticias\">\u00abQue el cultivo  de cacao en el pa\u00eds se remonta alrededor de 400 a\u00f1os, ocupando una superficie de 2.4 millones de tareas, distribuidas en cinco regiones o zonas productoras y que m\u00e1s de 300 mil personas dependen, directa e indirectamente  de ella\u00bb, explica <\/span><\/p>\n<\/p>\n<p><span class=\"text1noticias\">Dice que el pa\u00eds es el mayor exportador de cacao org\u00e1nico en el mundo  y  que  la existencia de un Cl\u00faster de Productores de Cacao y Comercializadores es una demostraci\u00f3n de la importancia creciente  que tiene el rubro en los mercados  internacionales.<\/span><\/p>\n<\/p>\n<p><span class=\"text1noticias\">Informa, adem\u00e1s,  que dada la importancia de la producci\u00f3n de cacao,  a partir del a\u00f1o 2014 las plantaciones de la arom\u00e1tica fruta ser\u00e1n incluidas en el Seguro Agropecuario.<\/span><\/p>\n<\/p>\n<p><span class=\"text1noticias\">Sobre la mus\u00e1cea, se\u00f1ala que la medida se toma porque la espora de la escoba de brujas puede infectar las plantas de pl\u00e1tano y guineo en los pa\u00edses donde existe la enfermedad.<\/span><\/p>\n<\/p>\n<p><span class=\"text1noticias\">\u00abEsa forma de contagio transversal  de mus\u00e1ceas debe ser evitada, por lo que solo se permitir\u00e1n las pl\u00e1ntulas in Vitro procedentes del exterior, para su multiplicaci\u00f3n en laboratorio, para garantizar una importaci\u00f3n sin riesgos fitosanitario\u00bb, explica.(HG)<\/span>.<\/p>\n<\/p>\n<h6> 2013-12-18 20:12:38 <\/h6>\n<p><!--\n<link rel=\"stylesheet\" href=\"css\/bootstrap.min.css\">\n\n\n<ul class=\"pagination\">\n\t    \n\t\n\n<li >\n\t<a href='?page_no=14040'>Previous<\/a>\n\t<\/li>\n\n\n       \n    \n\n<li><a href='?page_no=1'>1<\/a><\/li>\n\n\n\n<li><a href='?page_no=2'>2<\/a><\/li>\n\n\n\n<li><a>...<\/a><\/li>\n\n\n\n<li><a href='?page_no=14039'>14039<\/a><\/li>\n\n\n\n<li><a href='?page_no=14040'>14040<\/a><\/li>\n\n\n\n<li class='active'><a>14041<\/a><\/li>\n\n\n\n<li><a href='?page_no=14042'>14042<\/a><\/li>\n\n\n\n<li><a href='?page_no=14043'>14043<\/a><\/li>\n\n\n\n<li><a>...<\/a><\/li>\n\n\n\n<li><a href='?page_no=30472'>30472<\/a><\/li>\n\n\n\n<li><a href='?page_no=30473'>30473<\/a><\/li>\n\n    \n\t\n\n<li >\n\t<a href='?page_no=14042'>Next<\/a>\n\t<\/li>\n\n\n    \n\n<li><a href='?page_no=30473'>Last &rsaquo;&rsaquo;<\/a><\/li>\n\n<\/ul>\n\n\n--><br \/>\n<\/body><\/p>\n","protected":false},"excerpt":{"rendered":"<p>Santo Domingo, RD, 18 de Diciembre.- El Ministerio de Agricultura prohibi\u00f3 la importaci\u00f3n de plantas de cacao, frutas, semillas o cualquier parte de ese cultivo de pa\u00edses afectados de plagas, como la escoba de brujas, considerada de alta patogenocidad. La medida abarca tambi\u00e9n la importaci\u00f3n de plantas de mus\u00e1ceas y cualquier parte de estas, provenientes [&hellip;]<\/p>\n","protected":false},"author":3,"featured_media":0,"comment_status":"open","ping_status":"open","sticky":false,"template":"","format":"standard","meta":{"footnotes":""},"categories":[18],"tags":[],"class_list":["post-98489","post","type-post","status-publish","format-standard","hentry","category-economia"],"_links":{"self":[{"href":"https:\/\/diariodominicano.com\/index.php?rest_route=\/wp\/v2\/posts\/98489","targetHints":{"allow":["GET"]}}],"collection":[{"href":"https:\/\/diariodominicano.com\/index.php?rest_route=\/wp\/v2\/posts"}],"about":[{"href":"https:\/\/diariodominicano.com\/index.php?rest_route=\/wp\/v2\/types\/post"}],"author":[{"embeddable":true,"href":"https:\/\/diariodominicano.com\/index.php?rest_route=\/wp\/v2\/users\/3"}],"replies":[{"embeddable":true,"href":"https:\/\/diariodominicano.com\/index.php?rest_route=%2Fwp%2Fv2%2Fcomments&post=98489"}],"version-history":[{"count":0,"href":"https:\/\/diariodominicano.com\/index.php?rest_route=\/wp\/v2\/posts\/98489\/revisions"}],"wp:attachment":[{"href":"https:\/\/diariodominicano.com\/index.php?rest_route=%2Fwp%2Fv2%2Fmedia&parent=98489"}],"wp:term":[{"taxonomy":"category","embeddable":true,"href":"https:\/\/diariodominicano.com\/index.php?rest_route=%2Fwp%2Fv2%2Fcategories&post=98489"},{"taxonomy":"post_tag","embeddable":true,"href":"https:\/\/diariodominicano.com\/index.php?rest_route=%2Fwp%2Fv2%2Ftags&post=98489"}],"curies":[{"name":"wp","href":"https:\/\/api.w.org\/{rel}","templated":true}]}}