{"id":98485,"date":"2013-12-19T13:23:43","date_gmt":"2013-12-19T13:23:43","guid":{"rendered":"http:\/\/diariodominicano.ddns.net\/?p=98485"},"modified":"2013-12-19T13:23:43","modified_gmt":"2013-12-19T13:23:43","slug":"la-anpa-denuncia-ministro-agricultura-se-niega-aumentar-sueldos-de-agronomos","status":"publish","type":"post","link":"https:\/\/diariodominicano.com\/?p=98485","title":{"rendered":"La ANPA denuncia Ministro Agricultura se niega aumentar sueldos de agr\u00f3nomos"},"content":{"rendered":"<p><body><\/p>\n<p><span class=\"text1noticias\">Santo Domingo, RD, 19 de Diciembre.-El Ministro de Agricultura se niega aplicar el aprobado aumento salarial para los profesionales agropecuarios contemplados en el Presupuesto de Gastos P\u00fablico del 2014,  seg\u00fan denunci\u00f3 el presidente de la Asociaci\u00f3n Nacional de Profesionales Agropecuarios, (Anpa).<\/span><\/p>\n<\/p>\n<p><span class=\"text1noticias\">Andr\u00e9s G\u00f3mez, dijo a \u00abAcci\u00f3n Matinal\u00bb, previo al \u00abpiquete\u00bb realizado por dirigentes a nivel nacional del Anpa, en Agricultura, que \u00abno es posible que una medida decretada por el Presidente Danilo Medina sea desestimada por el ingeniero Ram\u00f3n Rodr\u00edguez en detrimento de los profesionales del agro\u00bb.<\/span><\/p>\n<\/p>\n<p><span class=\"text1noticias\">\u00abSigue siendo una verg\u00fcenza que t\u00e9cnicos que trabajan la tierra junto a los agricultores de siete de la ma\u00f1ana a siete de la noche contin\u00faen cobrando ocho y 15 mil pesos\u00bb, lament\u00f3 G\u00f3mez.<\/span><\/p>\n<\/p>\n<p><span class=\"text1noticias\">Relat\u00f3 a SupraFm, que el Anpa hab\u00eda presentado una propuesta de categorizaci\u00f3n salarial, del 1 al 4, para devengar RD$35 mil, RD$40 mil y RD$50 mil pesos acogida en el proyecto sometido por el Poder Ejecutivo al Congreso Nacional.<\/span><\/p>\n<\/p>\n<p><span class=\"text1noticias\">\u00abFue el propio Ministro de Agricultura quien hizo el anuncio del aumento, y ahora  sucede que el Ministro de Agricultura  no quiere aplicar el aumento salarial\u00bb, reiter\u00f3.<\/span><\/p>\n<\/p>\n<p><span class=\"text1noticias\">El presidente del Anpa dijo que ante la insistencia en la ma\u00f1ana de ayer (mi\u00e9rcoles) de los dirigentes agropecuarios frente al despacho del ingeniero Ram\u00f3n Rodr\u00edguez, \u00e9ste decidi\u00f3 recibirlo pero no se logr\u00f3 nada en concreto.<\/span><\/p>\n<\/p>\n<p><span class=\"text1noticias\">Explic\u00f3 que el Ministro de Agricultura, \u00ablo que quiere ahora es revisar nuevamente las escalas salariales que ya el Poder Ejecutivo aprob\u00f3 y ratific\u00f3 el Congreso Nacional para no cumplir lo pactado por el Presidente Danilo Medina con los profesionales agropecuarios\u00bb.<\/span><\/p>\n<\/p>\n<p><span class=\"text1noticias\">Reiter\u00f3 a \u00abAcci\u00f3n Matinal\u00bb que no es posible que un t\u00e9cnico de base que d\u00eda y noche le sirve al productor, capacitado con maestr\u00eda este ganando en 10 o 15 mil pesos, salario que est\u00e1 por debajo del costo de la canasta familiar de acuerdo al Banco Central que es de 33 mil pesos\u00bb, destac\u00f3 el ingeniero Andr\u00e9s G\u00f3mez.<\/span><\/p>\n<\/p>\n<p><span class=\"text1noticias\">El presidente de la Asociaci\u00f3n de profesionales agropecuarios record\u00f3 al Ministro de Agricultura que \u00abel Presidente de la Republica destin\u00f3 250 millones para aumentos de salarios que incluyen a los profesionales agropecuarios\u00bb.<\/span><\/p>\n<\/p>\n<p><span class=\"text1noticias\">\u00abNo podemos dejar de reclamar un mejor salario, mejorar situaci\u00f3n profesionales, hay que mejorar la situaci\u00f3n de nuestro profesionales.<\/span><\/p>\n<\/p>\n<p><span class=\"text1noticias\">Calific\u00f3 de p\u00edrrico los salarios de 17 y 20 mil pesos que ganan los t\u00e9cnicos \u00abpreparad\u00edsimos que han ido al extranjero a prepararse, y mientras hay sol tienen que estar asistiendo a los agricultores en los invernaderos, esos salarios no le dan para resolver los problemas de sus familias\u00bb.<\/span><\/p>\n<\/p>\n<p><span class=\"text1noticias\">El pa\u00eds invierte miles de pesos para llevarlo a un doctorado a traer conocimiento, cuando llegan aqu\u00ed son sub utilizado porque el Estado no les garantiza niveles de calidad.(HG)<\/span>.<\/p>\n<h6> 2013-12-19 13:23:43 <\/h6>\n<p><!--\n<link rel=\"stylesheet\" href=\"css\/bootstrap.min.css\">\n\n\n<ul class=\"pagination\">\n\t    \n\t\n\n<li >\n\t<a href='?page_no=14037'>Previous<\/a>\n\t<\/li>\n\n\n       \n    \n\n<li><a href='?page_no=1'>1<\/a><\/li>\n\n\n\n<li><a href='?page_no=2'>2<\/a><\/li>\n\n\n\n<li><a>...<\/a><\/li>\n\n\n\n<li><a href='?page_no=14036'>14036<\/a><\/li>\n\n\n\n<li><a href='?page_no=14037'>14037<\/a><\/li>\n\n\n\n<li class='active'><a>14038<\/a><\/li>\n\n\n\n<li><a href='?page_no=14039'>14039<\/a><\/li>\n\n\n\n<li><a href='?page_no=14040'>14040<\/a><\/li>\n\n\n\n<li><a>...<\/a><\/li>\n\n\n\n<li><a href='?page_no=30472'>30472<\/a><\/li>\n\n\n\n<li><a href='?page_no=30473'>30473<\/a><\/li>\n\n    \n\t\n\n<li >\n\t<a href='?page_no=14039'>Next<\/a>\n\t<\/li>\n\n\n    \n\n<li><a href='?page_no=30473'>Last &rsaquo;&rsaquo;<\/a><\/li>\n\n<\/ul>\n\n\n--><br \/>\n<\/body><\/p>\n","protected":false},"excerpt":{"rendered":"<p>Santo Domingo, RD, 19 de Diciembre.-El Ministro de Agricultura se niega aplicar el aprobado aumento salarial para los profesionales agropecuarios contemplados en el Presupuesto de Gastos P\u00fablico del 2014, seg\u00fan denunci\u00f3 el presidente de la Asociaci\u00f3n Nacional de Profesionales Agropecuarios, (Anpa). Andr\u00e9s G\u00f3mez, dijo a \u00abAcci\u00f3n Matinal\u00bb, previo al \u00abpiquete\u00bb realizado por dirigentes a nivel [&hellip;]<\/p>\n","protected":false},"author":3,"featured_media":0,"comment_status":"open","ping_status":"open","sticky":false,"template":"","format":"standard","meta":{"footnotes":""},"categories":[18],"tags":[],"class_list":["post-98485","post","type-post","status-publish","format-standard","hentry","category-economia"],"_links":{"self":[{"href":"https:\/\/diariodominicano.com\/index.php?rest_route=\/wp\/v2\/posts\/98485","targetHints":{"allow":["GET"]}}],"collection":[{"href":"https:\/\/diariodominicano.com\/index.php?rest_route=\/wp\/v2\/posts"}],"about":[{"href":"https:\/\/diariodominicano.com\/index.php?rest_route=\/wp\/v2\/types\/post"}],"author":[{"embeddable":true,"href":"https:\/\/diariodominicano.com\/index.php?rest_route=\/wp\/v2\/users\/3"}],"replies":[{"embeddable":true,"href":"https:\/\/diariodominicano.com\/index.php?rest_route=%2Fwp%2Fv2%2Fcomments&post=98485"}],"version-history":[{"count":0,"href":"https:\/\/diariodominicano.com\/index.php?rest_route=\/wp\/v2\/posts\/98485\/revisions"}],"wp:attachment":[{"href":"https:\/\/diariodominicano.com\/index.php?rest_route=%2Fwp%2Fv2%2Fmedia&parent=98485"}],"wp:term":[{"taxonomy":"category","embeddable":true,"href":"https:\/\/diariodominicano.com\/index.php?rest_route=%2Fwp%2Fv2%2Fcategories&post=98485"},{"taxonomy":"post_tag","embeddable":true,"href":"https:\/\/diariodominicano.com\/index.php?rest_route=%2Fwp%2Fv2%2Ftags&post=98485"}],"curies":[{"name":"wp","href":"https:\/\/api.w.org\/{rel}","templated":true}]}}