{"id":98483,"date":"2013-12-19T13:55:01","date_gmt":"2013-12-19T13:55:01","guid":{"rendered":"http:\/\/diariodominicano.ddns.net\/?p=98483"},"modified":"2013-12-19T13:55:01","modified_gmt":"2013-12-19T13:55:01","slug":"ministerio-de-cultura-reajusta-salarios-a-profesores-conservatorio-nacional-de-musica","status":"publish","type":"post","link":"https:\/\/diariodominicano.com\/?p=98483","title":{"rendered":"Ministerio de Cultura reajusta salarios a profesores Conservatorio Nacional de M\u00fasica"},"content":{"rendered":"<p><body><\/p>\n<p><img decoding=\"async\" src=\"img3\/gold.JPG\" \/>  <\/p>\n<p><span class=\"text1noticias\">Santo Domingo, RD, 19 de Diciembre.-El Ministerio de Cultura, que dirige el cantautor Jos\u00e9 Antonio Rodr\u00edguez, hizo entrega de un merecido reajuste de salarios a los profesores y profesoras del Conservatorio Nacional de M\u00fasica.<\/span><\/p>\n<\/p>\n<p><span class=\"text1noticias\">Los profesionales, hasta con 30 a\u00f1os en la instituci\u00f3n, devengaban sueldos por debajo de los siete mil pesos, lo que motiv\u00f3 a elevarles sus salarios a 15 mil pesos mensuales.<\/span><\/p>\n<\/p>\n<p><span class=\"text1noticias\">El encuentro tuvo lugar en la Sala de Arte Ram\u00f3n Oviedo, de la Sede del Ministerio, y  fue presidido por el ministro Rodr\u00edguez, en compa\u00f1\u00eda de la directora de Recursos Humanos, Celsa Contreras.<\/span><\/p>\n<\/p>\n<p><span class=\"text1noticias\">El funcionario resalt\u00f3 como un acto justo el aumento y exhort\u00f3 a los profesores de m\u00fasica a seguir progresando y no quedarse estancados con miras a conquistar metas.<\/span><\/p>\n<\/p>\n<p><span class=\"text1noticias\">Un total de 22 profesores recibieron el aumento, quienes valoraron como merecido y justo.<\/span><\/p>\n<\/p>\n<p><span class=\"text1noticias\">Entre los favorecidos figuran Pura Tyson, Lilian Brugal, Juan Arvelo, Carlos Torres, Luis Augusto Mart\u00ednez, Larissa Jouk, Yoel Mart\u00edn, Mar\u00eda Morel, Jacqueline Huguet y Arismendy Vialet, entre otros.(HG)<\/span>.<\/p>\n<h6> 2013-12-19 13:55:01 <\/h6>\n<p><!--\n<link rel=\"stylesheet\" href=\"css\/bootstrap.min.css\">\n\n\n<ul class=\"pagination\">\n\t    \n\t\n\n<li >\n\t<a href='?page_no=14035'>Previous<\/a>\n\t<\/li>\n\n\n       \n    \n\n<li><a href='?page_no=1'>1<\/a><\/li>\n\n\n\n<li><a href='?page_no=2'>2<\/a><\/li>\n\n\n\n<li><a>...<\/a><\/li>\n\n\n\n<li><a href='?page_no=14034'>14034<\/a><\/li>\n\n\n\n<li><a href='?page_no=14035'>14035<\/a><\/li>\n\n\n\n<li class='active'><a>14036<\/a><\/li>\n\n\n\n<li><a href='?page_no=14037'>14037<\/a><\/li>\n\n\n\n<li><a href='?page_no=14038'>14038<\/a><\/li>\n\n\n\n<li><a>...<\/a><\/li>\n\n\n\n<li><a href='?page_no=30472'>30472<\/a><\/li>\n\n\n\n<li><a href='?page_no=30473'>30473<\/a><\/li>\n\n    \n\t\n\n<li >\n\t<a href='?page_no=14037'>Next<\/a>\n\t<\/li>\n\n\n    \n\n<li><a href='?page_no=30473'>Last &rsaquo;&rsaquo;<\/a><\/li>\n\n<\/ul>\n\n\n--><br \/>\n<\/body><\/p>\n","protected":false},"excerpt":{"rendered":"<p>Santo Domingo, RD, 19 de Diciembre.-El Ministerio de Cultura, que dirige el cantautor Jos\u00e9 Antonio Rodr\u00edguez, hizo entrega de un merecido reajuste de salarios a los profesores y profesoras del Conservatorio Nacional de M\u00fasica. Los profesionales, hasta con 30 a\u00f1os en la instituci\u00f3n, devengaban sueldos por debajo de los siete mil pesos, lo que motiv\u00f3 [&hellip;]<\/p>\n","protected":false},"author":3,"featured_media":0,"comment_status":"open","ping_status":"open","sticky":false,"template":"","format":"standard","meta":{"footnotes":""},"categories":[18],"tags":[],"class_list":["post-98483","post","type-post","status-publish","format-standard","hentry","category-economia"],"_links":{"self":[{"href":"https:\/\/diariodominicano.com\/index.php?rest_route=\/wp\/v2\/posts\/98483","targetHints":{"allow":["GET"]}}],"collection":[{"href":"https:\/\/diariodominicano.com\/index.php?rest_route=\/wp\/v2\/posts"}],"about":[{"href":"https:\/\/diariodominicano.com\/index.php?rest_route=\/wp\/v2\/types\/post"}],"author":[{"embeddable":true,"href":"https:\/\/diariodominicano.com\/index.php?rest_route=\/wp\/v2\/users\/3"}],"replies":[{"embeddable":true,"href":"https:\/\/diariodominicano.com\/index.php?rest_route=%2Fwp%2Fv2%2Fcomments&post=98483"}],"version-history":[{"count":0,"href":"https:\/\/diariodominicano.com\/index.php?rest_route=\/wp\/v2\/posts\/98483\/revisions"}],"wp:attachment":[{"href":"https:\/\/diariodominicano.com\/index.php?rest_route=%2Fwp%2Fv2%2Fmedia&parent=98483"}],"wp:term":[{"taxonomy":"category","embeddable":true,"href":"https:\/\/diariodominicano.com\/index.php?rest_route=%2Fwp%2Fv2%2Fcategories&post=98483"},{"taxonomy":"post_tag","embeddable":true,"href":"https:\/\/diariodominicano.com\/index.php?rest_route=%2Fwp%2Fv2%2Ftags&post=98483"}],"curies":[{"name":"wp","href":"https:\/\/api.w.org\/{rel}","templated":true}]}}