{"id":98481,"date":"2013-12-19T16:07:35","date_gmt":"2013-12-19T16:07:35","guid":{"rendered":"http:\/\/diariodominicano.ddns.net\/?p=98481"},"modified":"2013-12-19T16:07:35","modified_gmt":"2013-12-19T16:07:35","slug":"fetracom-resalta-trabajo-en-favor-del-trabajador-migrante","status":"publish","type":"post","link":"https:\/\/diariodominicano.com\/?p=98481","title":{"rendered":"Fetracom resalta trabajo en favor del trabajador migrante"},"content":{"rendered":"<p><body><\/p>\n<p><img decoding=\"async\" src=\"img3\/vila.jpg\" \/>  <\/p>\n<p><span class=\"text1noticias\">Santo Domingo, RD, 19 de Diciembre.-\u00abDurante todo el a\u00f1o hemos tenido una labor bastante activa. Constituimos y pusimos a funcionar el Departamento Nacional de Trabajadores Migrantes a trav\u00e9s del cual estamos representando y defendiendo los derechos de los trabajadores migrantes\u00bb, dijo  Esperid\u00f3n Villa, Secretario General Adjunto de la Federaci\u00f3n Nacional de Sindicatos de Trabajadores de la Construcci\u00f3n y la Madera (FETRACOM).<\/span><\/p>\n<\/p>\n<p><span class=\"text1noticias\">Villa habl\u00f3 a los medios de comunicaci\u00f3n durante el \u00abAlmuerzo de Rendici\u00f3n de Cuentas\u00bb de las actividades Departamento Nacional de Trabajadores Migrantes de la Construcci\u00f3n (DEMTRANCOM), celebrado en el Instituto Nacional de Formaci\u00f3n Agraria y Sindical (INFAS).<\/span><\/p>\n<p><span class=\"text1noticias\"> <\/span><\/p>\n<p><span class=\"text1noticias\">El dirigente sindical dijo que est\u00e1n no solo en el discurso sino en los hechos, \u00abtratando de crear mejores condiciones para nuestros hermanos trabajadores y trabajadoras, tanto en la defensor\u00eda directa para representarlos cuando son conculcados sus derechos como en los tribunales de la Rep\u00fablica\u00bb.<\/span><\/p>\n<p><span class=\"text1noticias\"> <\/span><\/p>\n<p><span class=\"text1noticias\">Agreg\u00f3 que esa entidad tiene un cuerpo de abogados para defender los trabajadores migrantes en el sector construcci\u00f3n, porque \u00abcuando son negados los derechos son negados los recursos que han ganado por su trabajo\u00bb.<\/span><\/p>\n<p><span class=\"text1noticias\"> <\/span><\/p>\n<p><span class=\"text1noticias\">\u00abPara buscar un abogado tiene que buscar dinero y de donde lo va a buscar si no han podido cobrar. Nuestro departamento lo representa sin tener que aportar ni un centavo mientras estamos llevando el caso. Si ganamos, entonces pagan los costos de la representaci\u00f3n legal\u00bb, manifest\u00f3 Esperid\u00f3n Villa.<\/span><\/p>\n<p><span class=\"text1noticias\"> <\/span><\/p>\n<p><span class=\"text1noticias\">Dijo que \u00abhemos hecho una labor que para nosotros no ha sido del todo perfecta, pero si nos sentimos satisfecho por el inicio que hemos tenido con este trabajo de defensor\u00eda, de capacitaci\u00f3n y de organizaci\u00f3n de los trabajadores, tanto los dominicanos como los migrantes\u00bb.<\/span><\/p>\n<p><span class=\"text1noticias\"> <\/span><\/p>\n<p><span class=\"text1noticias\">Censo de trabajadores migrantes<\/span><\/p>\n<p><span class=\"text1noticias\"> <\/span><\/p>\n<p><span class=\"text1noticias\">Con respecto a si esa instituci\u00f3n tiene estad\u00edsticas de los trabajadores migrantes en Rep\u00fablica Dominicana, el Secretario General Adjunto de FETRACOM se\u00f1al\u00f3: \u00abSolamente tenemos los datos oficiales que maneja el Estado y que acaba de ofrecer la OIT (Organizaci\u00f3n Internacional del Trabajo) y los organismos internacionales, pero eso no se asemeja a la realidad porque se refiere solamente a los migrantes regulares. No hay forma de tener las estad\u00edsticas ni siquiera aproximada de la cantidad de migrantes irregulares, que son la mayor\u00eda en nuestro pa\u00eds, especialmente de origen haitiano\u00bb.<\/span><\/p>\n<p><span class=\"text1noticias\"> <\/span><\/p>\n<p><span class=\"text1noticias\">Indic\u00f3 que FETRACOM se encarga de manera espec\u00edfica de defender y representar los derechos de los trabajadores y trabajadoras migrantes.<\/span><\/p>\n<p><span class=\"text1noticias\"> <\/span><\/p>\n<p><span class=\"text1noticias\">La Seguridad Social en el sector construcci\u00f3n<\/span><\/p>\n<p><span class=\"text1noticias\"> <\/span><\/p>\n<p><span class=\"text1noticias\">\u00abLo de contributivo camina. Lo que no se ha puesto a funcionar es el contributivo subsidiado\u00bb, respondi\u00f3 Villa a una pregunta c\u00f3mo van las conversaciones para que los trabajadores de la construcci\u00f3n est\u00e9n dentro del r\u00e9gimen de la Seguridad Social.<\/span><\/p>\n<p><span class=\"text1noticias\"> <\/span><\/p>\n<p><span class=\"text1noticias\">Agreg\u00f3 que m\u00e1s de un tercio de los trabajadores ocupan la econom\u00eda informal, los cuales no tienen acceso al sistema de la seguridad social.<\/span><\/p>\n<p><span class=\"text1noticias\"> <\/span><\/p>\n<p><span class=\"text1noticias\">Dijo que en la Rep\u00fablica Dominicana, de acuerdo a las estad\u00edsticas oficiales, el 57 por ciento de la econom\u00eda es informal. \u00abFig\u00farese usted qu\u00e9 cantidad de trabajadores de la masa laboral que tenemos fuera del sistema. Y esto es lo que nos preocupa. Por ello estamos exigiendo en que esa masa de trabajadores,  tanto nacionales como migrantes regulares sean incluidos en el sistema\u00bb.<\/span><\/p>\n<p><span class=\"text1noticias\"> <\/span><\/p>\n<p><span class=\"text1noticias\">Opin\u00f3 que est\u00e1n propugnado por la modificaci\u00f3n de la Ley de la Seguridad Social para conseguir algunas formulas buscando incluir los trabajadores que no tiene cobertura.<\/span><\/p>\n<p><span class=\"text1noticias\"> <\/span><\/p>\n<p><span class=\"text1noticias\">\u00abNosotros tenemos la Mutual de Servicios Solidarios a trav\u00e9s de la cual a los trabajadores que califican como contributivo lo incluimos, pero tienen que pagar la totalidad del costo de la Seguridad Social\u00bb, declar\u00f3.<\/span><\/p>\n<p><span class=\"text1noticias\"> <\/span><\/p>\n<p><span class=\"text1noticias\">Calific\u00f3 de costoso la carga que tienen los trabajadores informales al pagar un seguro y dijo: \u00abComo usted sabr\u00e1 la empresa paga el 70 por ciento y los trabajadores y las trabajadoras el 30 del costo de la seguridad Social. Cuando entramos a trav\u00e9s de nuestra mutual la trabajadora, el trabajador o la micro y peque\u00f1a empresa que vamos incluyendo en el sistema se ven bastante forzadas, pero cumplen con esa parte\u00bb.<\/span><\/p>\n<p><span class=\"text1noticias\"> <\/span><\/p>\n<p><span class=\"text1noticias\">Inform\u00f3 que en la actualidad  esa entidad paga una n\u00f3mina mensual de 17 millones de pesos de \u00abestos trabajadores que denominamos de dif\u00edcil acceso al Sistema de Seguridad Social\u00bb.<\/span><\/p>\n<p><span class=\"text1noticias\"> <\/span><\/p>\n<p><span class=\"text1noticias\">El acto se enmarca en el D\u00eda Internacional de los Trabajadores Migrantes y Refugiados.<\/span><\/p>\n<p><span class=\"text1noticias\"> <\/span><\/p>\n<p><span class=\"text1noticias\">La mesa de honor estuvo integrada por Luca Lo Conte, representante del Instituto Sindical para la Cooperaci\u00f3n Internacional; Lorenzo Ozuna, Secretario General  de FETRACOM; Esperid\u00f3n Villa, Secretario General Adjunto de la Federaci\u00f3n Nacional de Sindicatos de Trabajadores de la Construcci\u00f3n y la Madera; Luciano Robles, Secretario General Adjunto de la Confederaci\u00f3n Aut\u00f3noma Sindical Clasista;   Paula de la Cruz, presidenta del Centro Comunitario de Desarrollo y Servicio Comunitario Amor de Dios (CODESADI) de Reparadero, Yamas\u00e1; Miguel Marvi e Isidro Prensa, dirigentes comunitarios.(HG)<\/span>.<\/p>\n<\/p>\n<h6> 2013-12-19 16:07:35 <\/h6>\n<p><!--\n<link rel=\"stylesheet\" href=\"css\/bootstrap.min.css\">\n\n\n<ul class=\"pagination\">\n\t    \n\t\n\n<li >\n\t<a href='?page_no=14033'>Previous<\/a>\n\t<\/li>\n\n\n       \n    \n\n<li><a href='?page_no=1'>1<\/a><\/li>\n\n\n\n<li><a href='?page_no=2'>2<\/a><\/li>\n\n\n\n<li><a>...<\/a><\/li>\n\n\n\n<li><a href='?page_no=14032'>14032<\/a><\/li>\n\n\n\n<li><a href='?page_no=14033'>14033<\/a><\/li>\n\n\n\n<li class='active'><a>14034<\/a><\/li>\n\n\n\n<li><a href='?page_no=14035'>14035<\/a><\/li>\n\n\n\n<li><a href='?page_no=14036'>14036<\/a><\/li>\n\n\n\n<li><a>...<\/a><\/li>\n\n\n\n<li><a href='?page_no=30472'>30472<\/a><\/li>\n\n\n\n<li><a href='?page_no=30473'>30473<\/a><\/li>\n\n    \n\t\n\n<li >\n\t<a href='?page_no=14035'>Next<\/a>\n\t<\/li>\n\n\n    \n\n<li><a href='?page_no=30473'>Last &rsaquo;&rsaquo;<\/a><\/li>\n\n<\/ul>\n\n\n--><br \/>\n<\/body><\/p>\n","protected":false},"excerpt":{"rendered":"<p>Santo Domingo, RD, 19 de Diciembre.-\u00abDurante todo el a\u00f1o hemos tenido una labor bastante activa. Constituimos y pusimos a funcionar el Departamento Nacional de Trabajadores Migrantes a trav\u00e9s del cual estamos representando y defendiendo los derechos de los trabajadores migrantes\u00bb, dijo Esperid\u00f3n Villa, Secretario General Adjunto de la Federaci\u00f3n Nacional de Sindicatos de Trabajadores de [&hellip;]<\/p>\n","protected":false},"author":3,"featured_media":0,"comment_status":"open","ping_status":"open","sticky":false,"template":"","format":"standard","meta":{"footnotes":""},"categories":[18],"tags":[],"class_list":["post-98481","post","type-post","status-publish","format-standard","hentry","category-economia"],"_links":{"self":[{"href":"https:\/\/diariodominicano.com\/index.php?rest_route=\/wp\/v2\/posts\/98481","targetHints":{"allow":["GET"]}}],"collection":[{"href":"https:\/\/diariodominicano.com\/index.php?rest_route=\/wp\/v2\/posts"}],"about":[{"href":"https:\/\/diariodominicano.com\/index.php?rest_route=\/wp\/v2\/types\/post"}],"author":[{"embeddable":true,"href":"https:\/\/diariodominicano.com\/index.php?rest_route=\/wp\/v2\/users\/3"}],"replies":[{"embeddable":true,"href":"https:\/\/diariodominicano.com\/index.php?rest_route=%2Fwp%2Fv2%2Fcomments&post=98481"}],"version-history":[{"count":0,"href":"https:\/\/diariodominicano.com\/index.php?rest_route=\/wp\/v2\/posts\/98481\/revisions"}],"wp:attachment":[{"href":"https:\/\/diariodominicano.com\/index.php?rest_route=%2Fwp%2Fv2%2Fmedia&parent=98481"}],"wp:term":[{"taxonomy":"category","embeddable":true,"href":"https:\/\/diariodominicano.com\/index.php?rest_route=%2Fwp%2Fv2%2Fcategories&post=98481"},{"taxonomy":"post_tag","embeddable":true,"href":"https:\/\/diariodominicano.com\/index.php?rest_route=%2Fwp%2Fv2%2Ftags&post=98481"}],"curies":[{"name":"wp","href":"https:\/\/api.w.org\/{rel}","templated":true}]}}