{"id":98478,"date":"2013-12-19T21:07:12","date_gmt":"2013-12-19T21:07:12","guid":{"rendered":"http:\/\/diariodominicano.ddns.net\/?p=98478"},"modified":"2013-12-19T21:07:12","modified_gmt":"2013-12-19T21:07:12","slug":"ministro-de-industria-y-comercio-valora-reinicio-dialogo-con-autoridades-vecinas","status":"publish","type":"post","link":"https:\/\/diariodominicano.com\/?p=98478","title":{"rendered":"&#13;&#13;&#13;&#13;Ministro de Industria y Comercio valora reinicio di\u00e1logo con autoridades vecinas"},"content":{"rendered":"<p><body><\/p>\n<\/p>\n<p>Santo Domingo,  RD, 19 de diciembre.- El ministro de Industria y Comercio, Jos\u00e9 del Castillo Savi\u00f1\u00f3n, valor\u00f3 como muy positivo el reinicio del di\u00e1logo entre las autoridades nacionales y el gobierno de la Rep\u00fablica de Hait\u00ed, con el que procura buscar una salida armoniosa con respecto a lo que dispone la sentencia 168-13, del Tribunal Constitucional (TC) que estipula que los hijos de los extranjeros ilegales en el pa\u00eds no son dominicanos.<\/p>\n<\/p>\n<p>El reinicio del di\u00e1logo entre las autoridades dominicanas y haitianas se acord\u00f3 en un encuentro que sostuvieron los presidentes Danilo Medina y Michel Martelly, en Venezuela, durante la reuni\u00f3n del Acuerdo Petrocaribe y del Alba, que se efectu\u00f3 en Caracas, con la intermediaci\u00f3n del mandatario venezolano, Nicol\u00e1s Maduro.<\/p>\n<\/p>\n<p>Durante un almuerzo que ofreci\u00f3 a comunicadores  y a ejecutivos de medios, con motivo de la celebraci\u00f3n de las fiestas de Navidad, Castillo Savi\u00f1\u00f3n, inform\u00f3 que el intercambio comercial, formal e informal entre Rep\u00fablica Dominicana y la vecina naci\u00f3n suma alrededor de US$2,000 millones cada a\u00f1o, correspondiendo al formal US$1,100 millones, mientras que la suma restante corresponde al informal, as\u00ed como a otros tipos de negocios que no se contabiliza.   <\/p>\n<\/p>\n<p>Sostuvo  que durante el 2013, se continuaron los esfuerzos de fortalecimiento de capacidades para que el pa\u00eds incursione con \u00e9xito en los mercados internacionales, mediante entrenamientos a diferentes sectores de la industria local, en particular a micros, peque\u00f1as y medianas empresas.<\/p>\n<\/p>\n<p>En la actividad acompa\u00f1aron al ministro Castillo Savi\u00f1\u00f3n, Ignacio M\u00e9ndez, viceministro de Fomento de Pymes, Vinicio Mella, viceministro de Desarrollo Industrial, Lissandro Lembert, viceministro de Energ\u00eda y Minas, Anina del Castillo, viceministra de Comercio Interno, MarceloPuello, viceministro de Zonas Francas y Reg\u00edmenes Especiales, Yahaira Sosa, viceministra de Comercio Exterior y Ana Carolina Franco, directora de An\u00e1lisis Econ\u00f3micos.<\/p>\n<h6> 2013-12-19 21:07:12 <\/h6>\n<p><!--\n<link rel=\"stylesheet\" href=\"css\/bootstrap.min.css\">\n\n\n<ul class=\"pagination\">\n\t    \n\t\n\n<li >\n\t<a href='?page_no=14030'>Previous<\/a>\n\t<\/li>\n\n\n       \n    \n\n<li><a href='?page_no=1'>1<\/a><\/li>\n\n\n\n<li><a href='?page_no=2'>2<\/a><\/li>\n\n\n\n<li><a>...<\/a><\/li>\n\n\n\n<li><a href='?page_no=14029'>14029<\/a><\/li>\n\n\n\n<li><a href='?page_no=14030'>14030<\/a><\/li>\n\n\n\n<li class='active'><a>14031<\/a><\/li>\n\n\n\n<li><a href='?page_no=14032'>14032<\/a><\/li>\n\n\n\n<li><a href='?page_no=14033'>14033<\/a><\/li>\n\n\n\n<li><a>...<\/a><\/li>\n\n\n\n<li><a href='?page_no=30472'>30472<\/a><\/li>\n\n\n\n<li><a href='?page_no=30473'>30473<\/a><\/li>\n\n    \n\t\n\n<li >\n\t<a href='?page_no=14032'>Next<\/a>\n\t<\/li>\n\n\n    \n\n<li><a href='?page_no=30473'>Last &rsaquo;&rsaquo;<\/a><\/li>\n\n<\/ul>\n\n\n--><br \/>\n<\/body><\/p>\n","protected":false},"excerpt":{"rendered":"<p>Santo Domingo, RD, 19 de diciembre.- El ministro de Industria y Comercio, Jos\u00e9 del Castillo Savi\u00f1\u00f3n, valor\u00f3 como muy positivo el reinicio del di\u00e1logo entre las autoridades nacionales y el gobierno de la Rep\u00fablica de Hait\u00ed, con el que procura buscar una salida armoniosa con respecto a lo que dispone la sentencia 168-13, del Tribunal [&hellip;]<\/p>\n","protected":false},"author":3,"featured_media":0,"comment_status":"open","ping_status":"open","sticky":false,"template":"","format":"standard","meta":{"footnotes":""},"categories":[18],"tags":[],"class_list":["post-98478","post","type-post","status-publish","format-standard","hentry","category-economia"],"_links":{"self":[{"href":"https:\/\/diariodominicano.com\/index.php?rest_route=\/wp\/v2\/posts\/98478","targetHints":{"allow":["GET"]}}],"collection":[{"href":"https:\/\/diariodominicano.com\/index.php?rest_route=\/wp\/v2\/posts"}],"about":[{"href":"https:\/\/diariodominicano.com\/index.php?rest_route=\/wp\/v2\/types\/post"}],"author":[{"embeddable":true,"href":"https:\/\/diariodominicano.com\/index.php?rest_route=\/wp\/v2\/users\/3"}],"replies":[{"embeddable":true,"href":"https:\/\/diariodominicano.com\/index.php?rest_route=%2Fwp%2Fv2%2Fcomments&post=98478"}],"version-history":[{"count":0,"href":"https:\/\/diariodominicano.com\/index.php?rest_route=\/wp\/v2\/posts\/98478\/revisions"}],"wp:attachment":[{"href":"https:\/\/diariodominicano.com\/index.php?rest_route=%2Fwp%2Fv2%2Fmedia&parent=98478"}],"wp:term":[{"taxonomy":"category","embeddable":true,"href":"https:\/\/diariodominicano.com\/index.php?rest_route=%2Fwp%2Fv2%2Fcategories&post=98478"},{"taxonomy":"post_tag","embeddable":true,"href":"https:\/\/diariodominicano.com\/index.php?rest_route=%2Fwp%2Fv2%2Ftags&post=98478"}],"curies":[{"name":"wp","href":"https:\/\/api.w.org\/{rel}","templated":true}]}}