{"id":98475,"date":"2013-12-20T14:39:16","date_gmt":"2013-12-20T14:39:16","guid":{"rendered":"http:\/\/diariodominicano.ddns.net\/?p=98475"},"modified":"2013-12-20T14:39:16","modified_gmt":"2013-12-20T14:39:16","slug":"castillo-savinon-comercio-rd-y-haiti-alcanza-los-us2000-mm","status":"publish","type":"post","link":"https:\/\/diariodominicano.com\/?p=98475","title":{"rendered":"Castillo Savi\u00f1\u00f3n: Comercio RD y Hait\u00ed alcanza los US$2,000 MM"},"content":{"rendered":"<p><body><\/p>\n<p><img decoding=\"async\" src=\"img3\/industria 20.jpg\" \/>  <\/p>\n<p>Santo Domingo RD 20 diciembre.- El ministro de Industria y Comercio, Jos\u00e9 del Castillo Savi\u00f1\u00f3n, valor\u00f3 como muy positivo el reinicio del di\u00e1logo entre las autoridades nacionales y el gobierno de la Rep\u00fablica de Hait\u00ed, con el que procura buscar una salida armoniosa con respecto a lo que dispone la sentencia 168-13, del Tribunal Constitucional (TC) que estipula que los hijos de los extranjeros ilegales en el pa\u00eds no son dominicanos.<\/p>\n<\/p>\n<p>Como se sabe, la referida disposici\u00f3n del TC ha levantado una serie de opiniones a favor y en contra, inclusive de una gama de organismos internacionales que proclaman ser defensores de los derechos humanos, entre estos Amnist\u00eda Internacional, y la Comisi\u00f3n Interamericana de los Derechos Humanos (CIDH), un organismo de la Organizaci\u00f3n de Estados Americanos (OEA), entidad envi\u00f3 una comisi\u00f3n reciente al pa\u00eds, que visit\u00f3 varias regiones de la Rep\u00fablica Dominicana en donde viven cientos de miles de personas de origen haitiano, que afirman haber nacidos en suelo patrio, y que por esa raz\u00f3n se\u00f1alan que son dominicanos.<\/p>\n<\/p>\n<p>El reinicio del di\u00e1logo entre las autoridades dominicanas y haitianas se acord\u00f3 en un encuentro que sostuvieron los presidentes Danilo Medina y Michel Martelly, en Venezuela, durante la reuni\u00f3n del Acuerdo Petrocaribe y del Alba, que se efectu\u00f3 en Caracas, con la intermediaci\u00f3n del mandatario venezolano, Nicol\u00e1s Maduro.<\/p>\n<\/p>\n<p>A su llegada al pa\u00eds, el presidente de la Rep\u00fablica, Danilo Medina inform\u00f3 que para el reinicio del referido di\u00e1logo entre las autoridades nacionales y del vecino pa\u00eds, el gobierno que preside dentro de poco tiempo designar\u00e1 una comisi\u00f3n y lo mismo har\u00e1 el jefe de Estado de Hait\u00ed, precisando que en los encuentros tambi\u00e9n participar\u00e1n observadores de importantes organismos internacionales.<\/p>\n<\/p>\n<p>Por otro parte, durante un almuerzo que ofreci\u00f3 a los editores econ\u00f3micos y a ejecutivos de medios, con motivo de la celebraci\u00f3n de las fiestas de Navidad, Castillo Savi\u00f1\u00f3n, inform\u00f3 que el intercambio comercial, formal e informal entre Rep\u00fablica Dominicana y la vecina naci\u00f3n suma alrededor de US$2,000 millones cada a\u00f1o, correspondiendo al formal US$1,100 millones, mientras que la suma restante corresponde al informal, as\u00ed como a otros tipos de negocios que no se contabiliza.   <\/p>\n<\/p>\n<p>En el marco del almuerzo, el titular del MIC, manifest\u00f3 que durante el 2013, se continuaron los esfuerzos de fortalecimiento de capacidades para que el pa\u00eds incursione con \u00e9xito en los mercados internacionales, mediante entrenamientos a diferentes sectores de la industria local, en particular a micros, peque\u00f1as y medianas empresas.<\/p>\n<\/p>\n<p>En la actividad acompa\u00f1aron al ministro Castillo Savi\u00f1\u00f3n, Ignacio M\u00e9ndez, viceministro de Fomento de Pymes, Vinicio Mella, viceministro de Desarrollo Industrial, Lissandro Lembert, viceministro de Energ\u00eda y Minas, Anina del Castillo, viceministra de Comercio Interno, MarceloPuello, viceministro de Zonas Francas y Reg\u00edmenes Especiales, Yahaira Sosa, viceministra de Comercio Exterior y Ana Carolina Franco, directora de An\u00e1lisis Econ\u00f3micos<\/p>\n<h6> 2013-12-20 14:39:16 <\/h6>\n<p><!--\n<link rel=\"stylesheet\" href=\"css\/bootstrap.min.css\">\n\n\n<ul class=\"pagination\">\n\t    \n\t\n\n<li >\n\t<a href='?page_no=14028'>Previous<\/a>\n\t<\/li>\n\n\n       \n    \n\n<li><a href='?page_no=1'>1<\/a><\/li>\n\n\n\n<li><a href='?page_no=2'>2<\/a><\/li>\n\n\n\n<li><a>...<\/a><\/li>\n\n\n\n<li><a href='?page_no=14027'>14027<\/a><\/li>\n\n\n\n<li><a href='?page_no=14028'>14028<\/a><\/li>\n\n\n\n<li class='active'><a>14029<\/a><\/li>\n\n\n\n<li><a href='?page_no=14030'>14030<\/a><\/li>\n\n\n\n<li><a href='?page_no=14031'>14031<\/a><\/li>\n\n\n\n<li><a>...<\/a><\/li>\n\n\n\n<li><a href='?page_no=30472'>30472<\/a><\/li>\n\n\n\n<li><a href='?page_no=30473'>30473<\/a><\/li>\n\n    \n\t\n\n<li >\n\t<a href='?page_no=14030'>Next<\/a>\n\t<\/li>\n\n\n    \n\n<li><a href='?page_no=30473'>Last &rsaquo;&rsaquo;<\/a><\/li>\n\n<\/ul>\n\n\n--><br \/>\n<\/body><\/p>\n","protected":false},"excerpt":{"rendered":"<p>Santo Domingo RD 20 diciembre.- El ministro de Industria y Comercio, Jos\u00e9 del Castillo Savi\u00f1\u00f3n, valor\u00f3 como muy positivo el reinicio del di\u00e1logo entre las autoridades nacionales y el gobierno de la Rep\u00fablica de Hait\u00ed, con el que procura buscar una salida armoniosa con respecto a lo que dispone la sentencia 168-13, del Tribunal Constitucional [&hellip;]<\/p>\n","protected":false},"author":3,"featured_media":0,"comment_status":"open","ping_status":"open","sticky":false,"template":"","format":"standard","meta":{"footnotes":""},"categories":[18],"tags":[],"class_list":["post-98475","post","type-post","status-publish","format-standard","hentry","category-economia"],"_links":{"self":[{"href":"https:\/\/diariodominicano.com\/index.php?rest_route=\/wp\/v2\/posts\/98475","targetHints":{"allow":["GET"]}}],"collection":[{"href":"https:\/\/diariodominicano.com\/index.php?rest_route=\/wp\/v2\/posts"}],"about":[{"href":"https:\/\/diariodominicano.com\/index.php?rest_route=\/wp\/v2\/types\/post"}],"author":[{"embeddable":true,"href":"https:\/\/diariodominicano.com\/index.php?rest_route=\/wp\/v2\/users\/3"}],"replies":[{"embeddable":true,"href":"https:\/\/diariodominicano.com\/index.php?rest_route=%2Fwp%2Fv2%2Fcomments&post=98475"}],"version-history":[{"count":0,"href":"https:\/\/diariodominicano.com\/index.php?rest_route=\/wp\/v2\/posts\/98475\/revisions"}],"wp:attachment":[{"href":"https:\/\/diariodominicano.com\/index.php?rest_route=%2Fwp%2Fv2%2Fmedia&parent=98475"}],"wp:term":[{"taxonomy":"category","embeddable":true,"href":"https:\/\/diariodominicano.com\/index.php?rest_route=%2Fwp%2Fv2%2Fcategories&post=98475"},{"taxonomy":"post_tag","embeddable":true,"href":"https:\/\/diariodominicano.com\/index.php?rest_route=%2Fwp%2Fv2%2Ftags&post=98475"}],"curies":[{"name":"wp","href":"https:\/\/api.w.org\/{rel}","templated":true}]}}