{"id":98472,"date":"2013-12-20T15:44:38","date_gmt":"2013-12-20T15:44:38","guid":{"rendered":"http:\/\/diariodominicano.ddns.net\/?p=98472"},"modified":"2013-12-20T15:44:38","modified_gmt":"2013-12-20T15:44:38","slug":"transportistas-y-conductores-piden-prorroga-para-sacar-marbetes","status":"publish","type":"post","link":"https:\/\/diariodominicano.com\/?p=98472","title":{"rendered":"Transportistas y conductores piden pr\u00f3rroga para sacar marbetes"},"content":{"rendered":"<p><body><\/p>\n<p><img decoding=\"async\" src=\"img3\/martes 20.jpeg\" \/>  <\/p>\n<p>Santo Domingo RD 20 diciembre.-La Confederaci\u00f3n Nacional del Transporte (CONATRA) solicit\u00f3 al director de Impuestos Internos, Guarocuya Feliz, que otorgue una pr\u00f3rroga de por lo menos un mes para la renovaci\u00f3n de las placas o marbetes de los veh\u00edculos p\u00fablicos y privados.<\/p>\n<\/p>\n<p>El presidente de la entidad, Antonio Marte, explic\u00f3 que durante el per\u00edodo navide\u00f1o los choferes de veh\u00edculos que ofrecen servicio de transporte p\u00fablico de pasajeros, se mantienen ocupados todo el d\u00eda y se les hace m\u00e1s dif\u00edcil dedicar tiempo para hacer largas filas en la renovaci\u00f3n de los marbetes.<\/p>\n<\/p>\n<p> \u00abEs por eso que solicitamos a Impuestos Internos que nos conceda una pr\u00f3rroga razonable\u00bb, dijo Marte.<\/p>\n<\/p>\n<p>Seg\u00fan Marte, adem\u00e1s, hay problemas para el retiro del marbete de m\u00e1s de 4 mil veh\u00edculos adquiridos a trav\u00e9s del disuelto Plan Renove, hoy Fondo de Desarrollo del Transporte (FONDET), por la burocracia que se ha creado en ese organismo para la entrega del descargo de la matr\u00edcula a nombre del Estado.<\/p>\n<\/p>\n<p>Las matr\u00edculas de esos veh\u00edculos que ya fueron pagados deben transferirse a nombre de sus leg\u00edtimos due\u00f1os, pero hay un gran retraso en la entrega y eso ha impedido que los choferes puedan renovar sus marbetes. \u00abEs necesario un plazo m\u00e1s all\u00e1 del 31 de diciembre, como ha establecido la DGII\u00bb, dijo Marte.<\/p>\n<\/p>\n<p>El empresario del Transporte advirti\u00f3 que si la DGII no obtempera al llamado hecho por Conatra, se puede originar una crisis en el transporte de pasajeros a partir de enero, porque miles de veh\u00edculos no podr\u00e1n salir a las calles por temor a ser apresados por los agentes de la Autoridad Metropolitana del Transporte (AMET).<\/p>\n<\/p>\n<p>Dijo que los transportistas no cuentan con dinero suficientes para pagar recargos por no haber adquiridos los marbetes a tiempo, por lo que acusa al Fondet de ser el responsable de cualquier inconveniente que afecte los intereses del transporte de pasajeros.<\/p>\n<h6> 2013-12-20 15:44:38 <\/h6>\n<p><!--\n<link rel=\"stylesheet\" href=\"css\/bootstrap.min.css\">\n\n\n<ul class=\"pagination\">\n\t    \n\t\n\n<li >\n\t<a href='?page_no=14025'>Previous<\/a>\n\t<\/li>\n\n\n       \n    \n\n<li><a href='?page_no=1'>1<\/a><\/li>\n\n\n\n<li><a href='?page_no=2'>2<\/a><\/li>\n\n\n\n<li><a>...<\/a><\/li>\n\n\n\n<li><a href='?page_no=14024'>14024<\/a><\/li>\n\n\n\n<li><a href='?page_no=14025'>14025<\/a><\/li>\n\n\n\n<li class='active'><a>14026<\/a><\/li>\n\n\n\n<li><a href='?page_no=14027'>14027<\/a><\/li>\n\n\n\n<li><a href='?page_no=14028'>14028<\/a><\/li>\n\n\n\n<li><a>...<\/a><\/li>\n\n\n\n<li><a href='?page_no=30472'>30472<\/a><\/li>\n\n\n\n<li><a href='?page_no=30473'>30473<\/a><\/li>\n\n    \n\t\n\n<li >\n\t<a href='?page_no=14027'>Next<\/a>\n\t<\/li>\n\n\n    \n\n<li><a href='?page_no=30473'>Last &rsaquo;&rsaquo;<\/a><\/li>\n\n<\/ul>\n\n\n--><br \/>\n<\/body><\/p>\n","protected":false},"excerpt":{"rendered":"<p>Santo Domingo RD 20 diciembre.-La Confederaci\u00f3n Nacional del Transporte (CONATRA) solicit\u00f3 al director de Impuestos Internos, Guarocuya Feliz, que otorgue una pr\u00f3rroga de por lo menos un mes para la renovaci\u00f3n de las placas o marbetes de los veh\u00edculos p\u00fablicos y privados. El presidente de la entidad, Antonio Marte, explic\u00f3 que durante el per\u00edodo navide\u00f1o [&hellip;]<\/p>\n","protected":false},"author":3,"featured_media":0,"comment_status":"open","ping_status":"open","sticky":false,"template":"","format":"standard","meta":{"footnotes":""},"categories":[18],"tags":[],"class_list":["post-98472","post","type-post","status-publish","format-standard","hentry","category-economia"],"_links":{"self":[{"href":"https:\/\/diariodominicano.com\/index.php?rest_route=\/wp\/v2\/posts\/98472","targetHints":{"allow":["GET"]}}],"collection":[{"href":"https:\/\/diariodominicano.com\/index.php?rest_route=\/wp\/v2\/posts"}],"about":[{"href":"https:\/\/diariodominicano.com\/index.php?rest_route=\/wp\/v2\/types\/post"}],"author":[{"embeddable":true,"href":"https:\/\/diariodominicano.com\/index.php?rest_route=\/wp\/v2\/users\/3"}],"replies":[{"embeddable":true,"href":"https:\/\/diariodominicano.com\/index.php?rest_route=%2Fwp%2Fv2%2Fcomments&post=98472"}],"version-history":[{"count":0,"href":"https:\/\/diariodominicano.com\/index.php?rest_route=\/wp\/v2\/posts\/98472\/revisions"}],"wp:attachment":[{"href":"https:\/\/diariodominicano.com\/index.php?rest_route=%2Fwp%2Fv2%2Fmedia&parent=98472"}],"wp:term":[{"taxonomy":"category","embeddable":true,"href":"https:\/\/diariodominicano.com\/index.php?rest_route=%2Fwp%2Fv2%2Fcategories&post=98472"},{"taxonomy":"post_tag","embeddable":true,"href":"https:\/\/diariodominicano.com\/index.php?rest_route=%2Fwp%2Fv2%2Ftags&post=98472"}],"curies":[{"name":"wp","href":"https:\/\/api.w.org\/{rel}","templated":true}]}}