{"id":98471,"date":"2013-12-20T18:10:09","date_gmt":"2013-12-20T18:10:09","guid":{"rendered":"http:\/\/diariodominicano.ddns.net\/?p=98471"},"modified":"2013-12-20T18:10:09","modified_gmt":"2013-12-20T18:10:09","slug":"detallistas-valoran-apoyo-del-gobierno-reconocen-al-presidente-medina","status":"publish","type":"post","link":"https:\/\/diariodominicano.com\/?p=98471","title":{"rendered":"&#13;&#13;Detallistas valoran apoyo del Gobierno; reconocen al presidente Medina"},"content":{"rendered":"<p><body><\/p>\n<\/p>\n<p>Santo Domingo, RD, 20 de diciembre.-El presidente Danilo Medina particip\u00f3  este jueves en la Cena de la Confraternidad del Comercio, con motivo del \u00abD\u00eda Nacional del Detallista\u00bb, actividad en la que recibi\u00f3 una placa de reconocimiento por su apoyo a ese sector.<\/p>\n<\/p>\n<p>El  mandatario recibi\u00f3 la distinci\u00f3n de manos del presidente del Frente Empresarial de Federaciones y Asociaciones de Comerciantes (FEFAC),  Jhovanny Leyba, durante el encuentro en el que se destac\u00f3 el apoyo del presidente Medina al desarrollo nacional.<\/p>\n<\/p>\n<p>Las palabras centrales del acto fueron pronunciadas por Leyba, quien asegur\u00f3 que el comercio detallista de Rep\u00fablica Dominicana est\u00e1 confiado en la gesti\u00f3n del presidente Medina, quien ha demostrado su inter\u00e9s en que estos negocios funcionen con eficiencia.<\/p>\n<\/p>\n<p>Destac\u00f3 el impacto positivo que han tenido en el sector que representa, las visitas sorpresa que realiza el presidente Danilo Medina, las que dijo llevan esperanza y progreso por los lugares m\u00e1s rec\u00f3nditos del pa\u00eds.<\/p>\n<\/p>\n<p>Refiri\u00f3 que de acuerdo a cifras presentadas por el Gobierno, se han reportado  inversiones por el orden de los RD$ 8,600 millones, creando unos 33,500 puestos de trabajo.<\/p>\n<\/p>\n<p>\u00abEn esos recorridos nuestro presidente contacta a la gente del pueblo directamente, oye sus inquietudes y necesidades, tal es el caso de  agricultores y  productores, a quienes ofrece facilidades para que mejoren sus siembras\u00bb, dijo.<\/p>\n<\/p>\n<p>Leyba tambi\u00e9n puso de manifiesto el apoyo que ofrece el Gobierno del presidente Medina a las peque\u00f1as y medianas empresas, lo que contribuir\u00e1 al incremento de empleos y reportar\u00e1 m\u00e1s ingreso de d\u00f3lares con el incremento de las exportaciones.<\/p>\n<\/p>\n<p>\u00abTambi\u00e9n nuestros negocios han recibido el apoyo del Programa  Banca Solidaria,  creado por el presidente  Danilo Medina,  para impulsar el desarrollo econ\u00f3mico y social de las personas de escasos recursos econ\u00f3micos, la solidaridad de los barrios  y  las comunidades, ofreciendo  financiamiento permanente y capacitaci\u00f3n  a los  micro  empresarios\u00bb, refiri\u00f3 el representante de los detallistas.<\/p>\n<\/p>\n<p>Asimismo, se\u00f1al\u00f3 que el sector que representa apoya sin restricci\u00f3n que la cuota de  importaci\u00f3n de productos, acorde con  la rectificaci\u00f3n  t\u00e9cnica de la Organizaci\u00f3n Mundial del Comercio, se subaste a trav\u00e9s de la Junta Agroempresarial Dominicana  (JAD).<\/p>\n<\/p>\n<p>Asegur\u00f3 que la JAD es garante de que el proceso se haga bajo las m\u00e1s estrictas medidas de transparencia y que el mismo surta los efectos deseados, tanto para las autoridades como para la poblaci\u00f3n.<\/p>\n<\/p>\n<p>En el marco de la actividad fue presentado un video en que se motiv\u00f3 el reconocimiento al presidente Medina, y se pusieron de manifiesto los aportes del Gobierno al desarrollo del sector detallista dominicano.<\/p>\n<\/p>\n<p>En la actividad hablaron tambi\u00e9n Agust\u00edn Pe\u00f1al\u00f3, presidente de la Federaci\u00f3n Dominicana de Detallistas de Provisiones y Ferm\u00edn Troncoso, miembro de esa instituci\u00f3n. El acto fue bendecido por Daniel Pe\u00f1a, presidente de la Asociaci\u00f3n de Mayoristas Independientes. <\/p>\n<\/p>\n<p>El D\u00eda Nacional del Detallista fue instituido por el Poder Ejecutivo, mediante el decreto 435-63 de fecha 14 de diciembre del a\u00f1o 1963.<\/p>\n<\/p>\n<h6> 2013-12-20 18:10:09 <\/h6>\n<p><!--\n<link rel=\"stylesheet\" href=\"css\/bootstrap.min.css\">\n\n\n<ul class=\"pagination\">\n\t    \n\t\n\n<li >\n\t<a href='?page_no=14024'>Previous<\/a>\n\t<\/li>\n\n\n       \n    \n\n<li><a href='?page_no=1'>1<\/a><\/li>\n\n\n\n<li><a href='?page_no=2'>2<\/a><\/li>\n\n\n\n<li><a>...<\/a><\/li>\n\n\n\n<li><a href='?page_no=14023'>14023<\/a><\/li>\n\n\n\n<li><a href='?page_no=14024'>14024<\/a><\/li>\n\n\n\n<li class='active'><a>14025<\/a><\/li>\n\n\n\n<li><a href='?page_no=14026'>14026<\/a><\/li>\n\n\n\n<li><a href='?page_no=14027'>14027<\/a><\/li>\n\n\n\n<li><a>...<\/a><\/li>\n\n\n\n<li><a href='?page_no=30472'>30472<\/a><\/li>\n\n\n\n<li><a href='?page_no=30473'>30473<\/a><\/li>\n\n    \n\t\n\n<li >\n\t<a href='?page_no=14026'>Next<\/a>\n\t<\/li>\n\n\n    \n\n<li><a href='?page_no=30473'>Last &rsaquo;&rsaquo;<\/a><\/li>\n\n<\/ul>\n\n\n--><br \/>\n<\/body><\/p>\n","protected":false},"excerpt":{"rendered":"<p>Santo Domingo, RD, 20 de diciembre.-El presidente Danilo Medina particip\u00f3 este jueves en la Cena de la Confraternidad del Comercio, con motivo del \u00abD\u00eda Nacional del Detallista\u00bb, actividad en la que recibi\u00f3 una placa de reconocimiento por su apoyo a ese sector. El mandatario recibi\u00f3 la distinci\u00f3n de manos del presidente del Frente Empresarial de [&hellip;]<\/p>\n","protected":false},"author":3,"featured_media":0,"comment_status":"open","ping_status":"open","sticky":false,"template":"","format":"standard","meta":{"footnotes":""},"categories":[18],"tags":[],"class_list":["post-98471","post","type-post","status-publish","format-standard","hentry","category-economia"],"_links":{"self":[{"href":"https:\/\/diariodominicano.com\/index.php?rest_route=\/wp\/v2\/posts\/98471","targetHints":{"allow":["GET"]}}],"collection":[{"href":"https:\/\/diariodominicano.com\/index.php?rest_route=\/wp\/v2\/posts"}],"about":[{"href":"https:\/\/diariodominicano.com\/index.php?rest_route=\/wp\/v2\/types\/post"}],"author":[{"embeddable":true,"href":"https:\/\/diariodominicano.com\/index.php?rest_route=\/wp\/v2\/users\/3"}],"replies":[{"embeddable":true,"href":"https:\/\/diariodominicano.com\/index.php?rest_route=%2Fwp%2Fv2%2Fcomments&post=98471"}],"version-history":[{"count":0,"href":"https:\/\/diariodominicano.com\/index.php?rest_route=\/wp\/v2\/posts\/98471\/revisions"}],"wp:attachment":[{"href":"https:\/\/diariodominicano.com\/index.php?rest_route=%2Fwp%2Fv2%2Fmedia&parent=98471"}],"wp:term":[{"taxonomy":"category","embeddable":true,"href":"https:\/\/diariodominicano.com\/index.php?rest_route=%2Fwp%2Fv2%2Fcategories&post=98471"},{"taxonomy":"post_tag","embeddable":true,"href":"https:\/\/diariodominicano.com\/index.php?rest_route=%2Fwp%2Fv2%2Ftags&post=98471"}],"curies":[{"name":"wp","href":"https:\/\/api.w.org\/{rel}","templated":true}]}}