{"id":98470,"date":"2013-12-20T18:26:47","date_gmt":"2013-12-20T18:26:47","guid":{"rendered":"http:\/\/diariodominicano.ddns.net\/?p=98470"},"modified":"2013-12-20T18:26:47","modified_gmt":"2013-12-20T18:26:47","slug":"merca-santo-domingo-anuncia-ampliacion-de-los-dias-de-ventas-de-viernes-a-martes","status":"publish","type":"post","link":"https:\/\/diariodominicano.com\/?p=98470","title":{"rendered":"&#13;&#13;&#13;Merca Santo Domingo anuncia ampliaci\u00f3n  de los d\u00edas de ventas de viernes a martes"},"content":{"rendered":"<p><body><\/p>\n<\/p>\n<p>Santo Domingo, RD, 20 de diciembre.- Con el objetivo de que la poblaci\u00f3n de menos ingresos y los comerciantes mayoristas se suplan de la m\u00e1s amplia variedad de productos a bajos precios, el gobierno dispuso a trav\u00e9s de MERCADOM, que las \u00faltimas dos semanas que le restan al presente a\u00f1o, los d\u00edas de ventas sean ampliados en el Merca Santo Domingo.<\/p>\n<\/p>\n<p>El anuncio fue hecho por el director ejecutivo de MERCADOM, ingeniero Agr\u00f3nomo Eusebio Guzm\u00e1n, quien revel\u00f3 que a partir de ahora las ventas se iniciaran los viernes y concluir\u00e1n los martes de siete de la ma\u00f1ana a seis de la tarde, lo que representa un gran paso de avance en este proceso de pre apertura, porque la poblaci\u00f3n podr\u00e1 economizarse entre un 40 y 50% en cada una de las compras.<\/p>\n<\/p>\n<p>Revel\u00f3 que como novedad en esta ampliaci\u00f3n de los d\u00edas de ventas se encuentra el tradicional cerdo asado preparado con un sistema que garantiza mejor sabor y menos grasa.<\/p>\n<\/p>\n<p>??Nos sentimos satisfechos con el apoyo recibido, el flujo de compradores es muy nutrido cada d\u00eda que abrimos el Merca Santo Domingo, esta plaza ya es una realidad que seguiremos fortaleciendo con el apoyo de los productores y comerciantes que han visto con buenos ojos el respaldo que el presidente Danilo Medina ha dado a este proyecto que sin dudas es la garant\u00eda para que se materialice el plan del gobierno de hacer florecer la productividad en los campos y se incremente la empleoman\u00eda en cada rinc\u00f3n de nuestro pa\u00eds??, asegur\u00f3 Guzm\u00e1n.<\/p>\n<\/p>\n<p>Al hablar en rueda de prensa junto a los dem\u00e1s ejecutivos de MERCADOM, el funcionario garantiz\u00f3 que en esta nueva ampliaci\u00f3n de los horarios de ventas adem\u00e1s de los bajos precios en cada uno de los productos ofertados, habr\u00e1 una gran variedad y frescura como en las dem\u00e1s ocasiones.<\/p>\n<\/p>\n<p>Manifest\u00f3 que las facilidades de transporte gratis y parqueos ser\u00e1n redobladas en esta etapa a fin de ir en consonancia con la demanda de la poblaci\u00f3n, mientras que los servicios de cajeros y seguridad se mantendr\u00e1n inalterables.<\/p>\n<h6> 2013-12-20 18:26:47 <\/h6>\n<p><!--\n<link rel=\"stylesheet\" href=\"css\/bootstrap.min.css\">\n\n\n<ul class=\"pagination\">\n\t    \n\t\n\n<li >\n\t<a href='?page_no=14023'>Previous<\/a>\n\t<\/li>\n\n\n       \n    \n\n<li><a href='?page_no=1'>1<\/a><\/li>\n\n\n\n<li><a href='?page_no=2'>2<\/a><\/li>\n\n\n\n<li><a>...<\/a><\/li>\n\n\n\n<li><a href='?page_no=14022'>14022<\/a><\/li>\n\n\n\n<li><a href='?page_no=14023'>14023<\/a><\/li>\n\n\n\n<li class='active'><a>14024<\/a><\/li>\n\n\n\n<li><a href='?page_no=14025'>14025<\/a><\/li>\n\n\n\n<li><a href='?page_no=14026'>14026<\/a><\/li>\n\n\n\n<li><a>...<\/a><\/li>\n\n\n\n<li><a href='?page_no=30472'>30472<\/a><\/li>\n\n\n\n<li><a href='?page_no=30473'>30473<\/a><\/li>\n\n    \n\t\n\n<li >\n\t<a href='?page_no=14025'>Next<\/a>\n\t<\/li>\n\n\n    \n\n<li><a href='?page_no=30473'>Last &rsaquo;&rsaquo;<\/a><\/li>\n\n<\/ul>\n\n\n--><br \/>\n<\/body><\/p>\n","protected":false},"excerpt":{"rendered":"<p>Santo Domingo, RD, 20 de diciembre.- Con el objetivo de que la poblaci\u00f3n de menos ingresos y los comerciantes mayoristas se suplan de la m\u00e1s amplia variedad de productos a bajos precios, el gobierno dispuso a trav\u00e9s de MERCADOM, que las \u00faltimas dos semanas que le restan al presente a\u00f1o, los d\u00edas de ventas sean [&hellip;]<\/p>\n","protected":false},"author":3,"featured_media":0,"comment_status":"open","ping_status":"open","sticky":false,"template":"","format":"standard","meta":{"footnotes":""},"categories":[18],"tags":[],"class_list":["post-98470","post","type-post","status-publish","format-standard","hentry","category-economia"],"_links":{"self":[{"href":"https:\/\/diariodominicano.com\/index.php?rest_route=\/wp\/v2\/posts\/98470","targetHints":{"allow":["GET"]}}],"collection":[{"href":"https:\/\/diariodominicano.com\/index.php?rest_route=\/wp\/v2\/posts"}],"about":[{"href":"https:\/\/diariodominicano.com\/index.php?rest_route=\/wp\/v2\/types\/post"}],"author":[{"embeddable":true,"href":"https:\/\/diariodominicano.com\/index.php?rest_route=\/wp\/v2\/users\/3"}],"replies":[{"embeddable":true,"href":"https:\/\/diariodominicano.com\/index.php?rest_route=%2Fwp%2Fv2%2Fcomments&post=98470"}],"version-history":[{"count":0,"href":"https:\/\/diariodominicano.com\/index.php?rest_route=\/wp\/v2\/posts\/98470\/revisions"}],"wp:attachment":[{"href":"https:\/\/diariodominicano.com\/index.php?rest_route=%2Fwp%2Fv2%2Fmedia&parent=98470"}],"wp:term":[{"taxonomy":"category","embeddable":true,"href":"https:\/\/diariodominicano.com\/index.php?rest_route=%2Fwp%2Fv2%2Fcategories&post=98470"},{"taxonomy":"post_tag","embeddable":true,"href":"https:\/\/diariodominicano.com\/index.php?rest_route=%2Fwp%2Fv2%2Ftags&post=98470"}],"curies":[{"name":"wp","href":"https:\/\/api.w.org\/{rel}","templated":true}]}}