{"id":98467,"date":"2013-12-21T14:39:27","date_gmt":"2013-12-21T14:39:27","guid":{"rendered":"http:\/\/diariodominicano.ddns.net\/?p=98467"},"modified":"2013-12-21T14:39:27","modified_gmt":"2013-12-21T14:39:27","slug":"industriales-region-norte-sugieren-al-gobierno-aplazar-aumento-itbis-previsto-para-enero","status":"publish","type":"post","link":"https:\/\/diariodominicano.com\/?p=98467","title":{"rendered":"Industriales regi\u00f3n Norte sugieren al Gobierno aplazar aumento ITBIS previsto para enero"},"content":{"rendered":"<p><body><\/p>\n<p><img decoding=\"async\" src=\"img3\/norte 21.jpg\" \/>  <\/p>\n<p>Santiago RD 21 diciembre.- La presidente de la Asociaci\u00f3n de Industriales de la Regi\u00f3n Norte (AIREN), Lina Garc\u00eda de Blasco, ayer sugiri\u00f3 al Gobierno aplazar el aumento del  Impuesto a las Transferencias de Bienes Industrializados (ITBIS), que se proyecta realizar en enero para completar la aplicaci\u00f3n de la pasada reforma fiscal.<\/p>\n<\/p>\n<p>Cree que el presidente Danilo Medina debe esperar que la situaci\u00f3n econ\u00f3mica de la poblaci\u00f3n mejore, para  aplicar las figuras impositivas de la Ley 253-12 para el Fortalecimiento de la Capacidad Recaudatoria del Estado.  <\/p>\n<\/p>\n<p>Como est\u00e1 previsto, las autoridades impositivas proyectan reajustar de 8% a 11%   la tasa del ? ITBIS -, que  afectar\u00eda el yogurt, mantequilla, caf\u00e9, chocolate, aceites, az\u00facar y chocolates. <\/p>\n<\/p>\n<p>Entiende la dirigente empresarial, que la poblaci\u00f3n ha vivido situaciones econ\u00f3micas muy complicadas este a\u00f1o, por lo que el Estado puede posponer la aplicaci\u00f3n de las medidas econ\u00f3micas. <\/p>\n<\/p>\n<p>Manifest\u00f3, que no hay dudas que incrementar el -ITBIS- a estos productos y tambi\u00e9n subir el Impuesto Selectivo al Consumo al alcohol, bebidas alcoh\u00f3licas y cervezas, por litro de alcohol absoluto, tendr\u00e1 un impacto negativo comenzado el a\u00f1o. <\/p>\n<\/p>\n<p>La destacada mujer de negocios indica, \u00abel Gobierno muy bien puede aplazar la aplicaci\u00f3n de esas medidas por ahora y ver como marcha el mejoramiento de la econom\u00eda para ejecutarla m\u00e1s adelante\u00bb. <\/p>\n<\/p>\n<p>Insiste, que ha sido un a\u00f1o dif\u00edcil para los dominicanos y que se debe tomar en cuenta esto, antes de aplicar nuevas cargas impositivas, aunque ya han sido aprobadas en la reforma fiscal pasada.    <\/p>\n<\/p>\n<p>Mostr\u00f3 su reserva sobre el impuesto de RD$12,000 anual cobrado a los establecimientos de venta al por menor de mercanc\u00edas, por concepto de operaci\u00f3n, incluyendo bares y restaurantes, que tengan un total de compras superior a RD$50,000 al mes, previsto en el articulo 47 de la Ley.<\/p>\n<\/p>\n<\/p>\n<h6> 2013-12-21 14:39:27 <\/h6>\n<p><!--\n<link rel=\"stylesheet\" href=\"css\/bootstrap.min.css\">\n\n\n<ul class=\"pagination\">\n\t    \n\t\n\n<li >\n\t<a href='?page_no=14020'>Previous<\/a>\n\t<\/li>\n\n\n       \n    \n\n<li><a href='?page_no=1'>1<\/a><\/li>\n\n\n\n<li><a href='?page_no=2'>2<\/a><\/li>\n\n\n\n<li><a>...<\/a><\/li>\n\n\n\n<li><a href='?page_no=14019'>14019<\/a><\/li>\n\n\n\n<li><a href='?page_no=14020'>14020<\/a><\/li>\n\n\n\n<li class='active'><a>14021<\/a><\/li>\n\n\n\n<li><a href='?page_no=14022'>14022<\/a><\/li>\n\n\n\n<li><a href='?page_no=14023'>14023<\/a><\/li>\n\n\n\n<li><a>...<\/a><\/li>\n\n\n\n<li><a href='?page_no=30472'>30472<\/a><\/li>\n\n\n\n<li><a href='?page_no=30473'>30473<\/a><\/li>\n\n    \n\t\n\n<li >\n\t<a href='?page_no=14022'>Next<\/a>\n\t<\/li>\n\n\n    \n\n<li><a href='?page_no=30473'>Last &rsaquo;&rsaquo;<\/a><\/li>\n\n<\/ul>\n\n\n--><br \/>\n<\/body><\/p>\n","protected":false},"excerpt":{"rendered":"<p>Santiago RD 21 diciembre.- La presidente de la Asociaci\u00f3n de Industriales de la Regi\u00f3n Norte (AIREN), Lina Garc\u00eda de Blasco, ayer sugiri\u00f3 al Gobierno aplazar el aumento del Impuesto a las Transferencias de Bienes Industrializados (ITBIS), que se proyecta realizar en enero para completar la aplicaci\u00f3n de la pasada reforma fiscal. Cree que el presidente [&hellip;]<\/p>\n","protected":false},"author":3,"featured_media":0,"comment_status":"open","ping_status":"open","sticky":false,"template":"","format":"standard","meta":{"footnotes":""},"categories":[18],"tags":[],"class_list":["post-98467","post","type-post","status-publish","format-standard","hentry","category-economia"],"_links":{"self":[{"href":"https:\/\/diariodominicano.com\/index.php?rest_route=\/wp\/v2\/posts\/98467","targetHints":{"allow":["GET"]}}],"collection":[{"href":"https:\/\/diariodominicano.com\/index.php?rest_route=\/wp\/v2\/posts"}],"about":[{"href":"https:\/\/diariodominicano.com\/index.php?rest_route=\/wp\/v2\/types\/post"}],"author":[{"embeddable":true,"href":"https:\/\/diariodominicano.com\/index.php?rest_route=\/wp\/v2\/users\/3"}],"replies":[{"embeddable":true,"href":"https:\/\/diariodominicano.com\/index.php?rest_route=%2Fwp%2Fv2%2Fcomments&post=98467"}],"version-history":[{"count":0,"href":"https:\/\/diariodominicano.com\/index.php?rest_route=\/wp\/v2\/posts\/98467\/revisions"}],"wp:attachment":[{"href":"https:\/\/diariodominicano.com\/index.php?rest_route=%2Fwp%2Fv2%2Fmedia&parent=98467"}],"wp:term":[{"taxonomy":"category","embeddable":true,"href":"https:\/\/diariodominicano.com\/index.php?rest_route=%2Fwp%2Fv2%2Fcategories&post=98467"},{"taxonomy":"post_tag","embeddable":true,"href":"https:\/\/diariodominicano.com\/index.php?rest_route=%2Fwp%2Fv2%2Ftags&post=98467"}],"curies":[{"name":"wp","href":"https:\/\/api.w.org\/{rel}","templated":true}]}}