{"id":98466,"date":"2013-12-21T17:04:25","date_gmt":"2013-12-21T17:04:25","guid":{"rendered":"http:\/\/diariodominicano.ddns.net\/?p=98466"},"modified":"2013-12-21T17:04:25","modified_gmt":"2013-12-21T17:04:25","slug":"director-de-aduanas-destaca-aportes-dominicanos-residen-en-el-exterior","status":"publish","type":"post","link":"https:\/\/diariodominicano.com\/?p=98466","title":{"rendered":"&#13;Director de Aduanas destaca aportes dominicanos residen en el exterior"},"content":{"rendered":"<p><body><\/p>\n<p><img decoding=\"async\" src=\"img3\/aeropuerto.jpg\" \/>  <\/p>\n<p><span class=\"text1noticias\">AEROPUERTO LAS AMERICAS, RD, 21 de Diciembre.-El director general de Aduanas, ingeniero Fernando Fern\u00e1ndez destac\u00f3 los importantes aportes que hacen al pa\u00eds los dominicanos que residen en el exterior, a pesar de las m\u00faltiples privaciones y sacrificios en las que se desevuelven.<\/span><\/p>\n<\/p>\n<p><span class=\"text1noticias\">Fern\u00e1ndez habl\u00f3 de la honradez, la dignidad y el valor de los miles de dominicanos que laboran y residen en Estados Unidos, Puerto Rico, Venezuela, Espa\u00f1a, las islas del Caribe y otras naciones de Europa.<\/span><\/p>\n<\/p>\n<p><span class=\"text1noticias\">El titular de la Direcci\u00f3n General de Aduanas (DGA), ponder\u00f3 la vida de sacrificio que viven los dominicanos en el exterior al participar este viernes en el programa especial El Sol de la Ma\u00f1ana dedicado a los dominicanos y dominicanas que retornan al pa\u00eds con motivo de las festividades de la Navidad, difundido por la emisora Sol 106.<\/span><\/p>\n<\/p>\n<p><span class=\"text1noticias\">Durante el programa efectuado en el Sal\u00f3n VIP de la terminal de pasajeros de Las Am\u00e9ricas, Fern\u00e1ndez salud\u00f3 a numerosos pasajeros y familias que fueron recibidos a golpes de villancicos navide\u00f1os y merengues tradicionales, y la participaci\u00f3n de los comediantes Felipe Polanco (Boruga) y Carlos S\u00e1nchez.    <\/span><\/p>\n<\/p>\n<p><span class=\"text1noticias\">\u00abNos sentimos muy bien en recibir y darles las gracias a todos estos dominicanos que retornan a su pa\u00eds para juntarse con sus respectivas familias para pasar juntos tan especial ocasi\u00f3n como las fiestas navide\u00f1as\u00bb, dijo el funcionario.<\/span><\/p>\n<\/p>\n<p><span class=\"text1noticias\">Cit\u00f3 que el Gobierno tiene un alto compromiso con los dominicanos que residen en el exterior porque realmente representan con su ejemplo, su laboriosidad y su honestidad, lo mejor de una parte de la sociedad dominicana que emigra buscando mejores condiciones de vida y quiere lo mejor para su pa\u00eds.<\/span><\/p>\n<\/p>\n<p><span class=\"text1noticias\"> \u00abNuestros hermanos dominicanos recibir\u00e1n todo nuestro calor, toda nuestra atenci\u00f3n, respeto y cari\u00f1o, y por eso Aduanas le estar\u00e1n dando todas las facilidades y cortes\u00edas para que se sientan bien en su pa\u00eds\u00bb, dijo al responder preguntas de los periodistas Julio Mart\u00ednez Pozo y V\u00edctor G\u00f3mez.<\/span><\/p>\n<\/p>\n<p><span class=\"text1noticias\">Participaron en adem\u00e1s en la programaci\u00f3n los comunicadores Mar\u00eda Elena N\u00fa\u00f1ez, Jos\u00e9 La Luz, Euri Cabral, Melton Pineda y el empresario Antonio Espaillat.<\/span><\/p>\n<\/p>\n<p><span class=\"text1noticias\">Fern\u00e1ndez fue acompa\u00f1ado por el gerente de la terminal de pasajeros Francisco Montalvo; su asistente Sandra Abinader y la gerente de comunicaci\u00f3n  de AERODOM, Yolanda Ma\u00f1\u00e1n, entre otros funcionarios del AILA.(HG)<\/span>.    <\/p>\n<h6> 2013-12-21 17:04:25 <\/h6>\n<p><!--\n<link rel=\"stylesheet\" href=\"css\/bootstrap.min.css\">\n\n\n<ul class=\"pagination\">\n\t    \n\t\n\n<li >\n\t<a href='?page_no=14019'>Previous<\/a>\n\t<\/li>\n\n\n       \n    \n\n<li><a href='?page_no=1'>1<\/a><\/li>\n\n\n\n<li><a href='?page_no=2'>2<\/a><\/li>\n\n\n\n<li><a>...<\/a><\/li>\n\n\n\n<li><a href='?page_no=14018'>14018<\/a><\/li>\n\n\n\n<li><a href='?page_no=14019'>14019<\/a><\/li>\n\n\n\n<li class='active'><a>14020<\/a><\/li>\n\n\n\n<li><a href='?page_no=14021'>14021<\/a><\/li>\n\n\n\n<li><a href='?page_no=14022'>14022<\/a><\/li>\n\n\n\n<li><a>...<\/a><\/li>\n\n\n\n<li><a href='?page_no=30472'>30472<\/a><\/li>\n\n\n\n<li><a href='?page_no=30473'>30473<\/a><\/li>\n\n    \n\t\n\n<li >\n\t<a href='?page_no=14021'>Next<\/a>\n\t<\/li>\n\n\n    \n\n<li><a href='?page_no=30473'>Last &rsaquo;&rsaquo;<\/a><\/li>\n\n<\/ul>\n\n\n--><br \/>\n<\/body><\/p>\n","protected":false},"excerpt":{"rendered":"<p>AEROPUERTO LAS AMERICAS, RD, 21 de Diciembre.-El director general de Aduanas, ingeniero Fernando Fern\u00e1ndez destac\u00f3 los importantes aportes que hacen al pa\u00eds los dominicanos que residen en el exterior, a pesar de las m\u00faltiples privaciones y sacrificios en las que se desevuelven. Fern\u00e1ndez habl\u00f3 de la honradez, la dignidad y el valor de los miles [&hellip;]<\/p>\n","protected":false},"author":3,"featured_media":0,"comment_status":"open","ping_status":"open","sticky":false,"template":"","format":"standard","meta":{"footnotes":""},"categories":[18],"tags":[],"class_list":["post-98466","post","type-post","status-publish","format-standard","hentry","category-economia"],"_links":{"self":[{"href":"https:\/\/diariodominicano.com\/index.php?rest_route=\/wp\/v2\/posts\/98466","targetHints":{"allow":["GET"]}}],"collection":[{"href":"https:\/\/diariodominicano.com\/index.php?rest_route=\/wp\/v2\/posts"}],"about":[{"href":"https:\/\/diariodominicano.com\/index.php?rest_route=\/wp\/v2\/types\/post"}],"author":[{"embeddable":true,"href":"https:\/\/diariodominicano.com\/index.php?rest_route=\/wp\/v2\/users\/3"}],"replies":[{"embeddable":true,"href":"https:\/\/diariodominicano.com\/index.php?rest_route=%2Fwp%2Fv2%2Fcomments&post=98466"}],"version-history":[{"count":0,"href":"https:\/\/diariodominicano.com\/index.php?rest_route=\/wp\/v2\/posts\/98466\/revisions"}],"wp:attachment":[{"href":"https:\/\/diariodominicano.com\/index.php?rest_route=%2Fwp%2Fv2%2Fmedia&parent=98466"}],"wp:term":[{"taxonomy":"category","embeddable":true,"href":"https:\/\/diariodominicano.com\/index.php?rest_route=%2Fwp%2Fv2%2Fcategories&post=98466"},{"taxonomy":"post_tag","embeddable":true,"href":"https:\/\/diariodominicano.com\/index.php?rest_route=%2Fwp%2Fv2%2Ftags&post=98466"}],"curies":[{"name":"wp","href":"https:\/\/api.w.org\/{rel}","templated":true}]}}