{"id":98464,"date":"2013-12-21T17:12:09","date_gmt":"2013-12-21T17:12:09","guid":{"rendered":"http:\/\/diariodominicano.ddns.net\/?p=98464"},"modified":"2013-12-21T17:12:09","modified_gmt":"2013-12-21T17:12:09","slug":"el-bid-aprueba-prestamo-por-us35-0-millones-para-la-agricultura","status":"publish","type":"post","link":"https:\/\/diariodominicano.com\/?p=98464","title":{"rendered":"El BID aprueba pr\u00e9stamo  por US$35.0 millones para la agricultura"},"content":{"rendered":"<p><body><\/p>\n<p><span class=\"text1noticias\">Santo Domingo, RD, 21 de Diciembre.-El ministro de Agricultura, Luis  Ram\u00f3n Rodr\u00edguez inform\u00f3  que el directorio del Banco Interamericano de Desarrollo (BID) aprob\u00f3 el pr\u00e9stamo de 35 millones de d\u00f3lares (unos mil 490 millones de pesos), que ser\u00e1 invertido en el proyecto de reconversi\u00f3n agropecuaria del valle de San Juan de  la Maguana.<\/span><\/p>\n<\/p>\n<p><span class=\"text1noticias\">El funcionario explic\u00f3 que el BID tom\u00f3 la decisi\u00f3n a principios de este mes, por lo que garantiz\u00f3 que antes de marzo arrancar\u00e1n los trabajos de transformaci\u00f3n de una de las zonas agr\u00edcolas m\u00e1s importante de la Rep\u00fablica Dominicana.<\/span><\/p>\n<\/p>\n<p><span class=\"text1noticias\">Rodr\u00edguez dijo que para el presidente Danilo Medina es de alto inter\u00e9s la ejecuci\u00f3n del ambicioso proyecto, que consta de tres componentes como es la construcci\u00f3n de medio mill\u00f3n de metros cuadrados de invernadero; el uso de un moderno sistema de tecnolog\u00edas para hacer m\u00e1s eficiente el agua en la agricultura, y tambi\u00e9n contempla un programa de capacitaci\u00f3n para productores.<\/span><\/p>\n<\/p>\n<p><span class=\"text1noticias\">Destac\u00f3 que el programa de reconversi\u00f3n de la agropecuaria del valle de San Juan  va a  tener un gran impacto  en la econom\u00eda, porque incrementar\u00e1 la producci\u00f3n agr\u00edcola de la regi\u00f3n, indica una nota del Departamento de Informaci\u00f3n y Relaciones P\u00fablicas de Agricultura.<\/span><\/p>\n<\/p>\n<p><span class=\"text1noticias\">Explic\u00f3 que de los 35 millones del pr\u00e9stamo, 15 millones ser\u00e1n para el  financiamiento de invernaderos; 7 millones para transformar los canales de riego de cielo abierto a un sistema presurizados para que el agua llegue con eficiencia a los productores.<\/span><\/p>\n<\/p>\n<p><span class=\"text1noticias\">Tambi\u00e9n, que  los 13 millones restantes ser\u00e1n para el programa de capacitaci\u00f3n y  entrenamiento a productores, as\u00ed como para la construcci\u00f3n  de las obras  civiles en las \u00e1reas de riego y la rehabilitaci\u00f3n de caminos  vecinales en las zonas de  influencia del proyecto.<\/span><\/p>\n<\/p>\n<p><span class=\"text1noticias\">\u00abCuando  comencemos el proyecto, a partir de febrero o marzo, vamos  a ir cambiando el tipo de cultivo  en el  valle de San Juan, vamos a tener   cultivos   orientados a  las exportaciones y mejorar la producci\u00f3n de habichuelas, que es el cultivo tradicional  de esa provincia\u00bb, dijo Rodr\u00edguez.<\/span><\/p>\n<\/p>\n<p><span class=\"text1noticias\">Rodr\u00edguez indic\u00f3 que habr\u00e1 fomento de cultivos como la batata Mamey para la exportaci\u00f3n, especialmente hacia los mercados europeos; tambi\u00e9n vegetales de campo abierto, vegetales orientales y que en los invernaderos se producir\u00e1n tomate, pepino y aj\u00edes morrones, entre otros vegetales.<\/span><\/p>\n<\/p>\n<p><span class=\"text1noticias\">\u00abPero tambi\u00e9n mejoraremos la producci\u00f3n de las habichuelas,  ya que el 95 por ciento de los agricultores de San Juan no pasa de una producci\u00f3n de 1.5 quintales por tarea,  por lo que con ese volumen no podr\u00e1n salir de la pobreza\u00bb, consider\u00f3 Rodr\u00edguez<\/span><\/p>\n<\/p>\n<p><span class=\"text1noticias\">Dijo que los datos  socioecon\u00f3micos de San Juan de la Maguana   son muy fuertes ya que es la octava provincia m\u00e1s pobre del pa\u00eds, a pesar de gozar de un buen clima, buna tierra y agua suficiente para la agricultura.(HG)<\/span>.<\/p>\n<\/p>\n<h6> 2013-12-21 17:12:09 <\/h6>\n<p><!--\n<link rel=\"stylesheet\" href=\"css\/bootstrap.min.css\">\n\n\n<ul class=\"pagination\">\n\t    \n\t\n\n<li >\n\t<a href='?page_no=14018'>Previous<\/a>\n\t<\/li>\n\n\n       \n    \n\n<li><a href='?page_no=1'>1<\/a><\/li>\n\n\n\n<li><a href='?page_no=2'>2<\/a><\/li>\n\n\n\n<li><a>...<\/a><\/li>\n\n\n\n<li><a href='?page_no=14017'>14017<\/a><\/li>\n\n\n\n<li><a href='?page_no=14018'>14018<\/a><\/li>\n\n\n\n<li class='active'><a>14019<\/a><\/li>\n\n\n\n<li><a href='?page_no=14020'>14020<\/a><\/li>\n\n\n\n<li><a href='?page_no=14021'>14021<\/a><\/li>\n\n\n\n<li><a>...<\/a><\/li>\n\n\n\n<li><a href='?page_no=30472'>30472<\/a><\/li>\n\n\n\n<li><a href='?page_no=30473'>30473<\/a><\/li>\n\n    \n\t\n\n<li >\n\t<a href='?page_no=14020'>Next<\/a>\n\t<\/li>\n\n\n    \n\n<li><a href='?page_no=30473'>Last &rsaquo;&rsaquo;<\/a><\/li>\n\n<\/ul>\n\n\n--><br \/>\n<\/body><\/p>\n","protected":false},"excerpt":{"rendered":"<p>Santo Domingo, RD, 21 de Diciembre.-El ministro de Agricultura, Luis Ram\u00f3n Rodr\u00edguez inform\u00f3 que el directorio del Banco Interamericano de Desarrollo (BID) aprob\u00f3 el pr\u00e9stamo de 35 millones de d\u00f3lares (unos mil 490 millones de pesos), que ser\u00e1 invertido en el proyecto de reconversi\u00f3n agropecuaria del valle de San Juan de la Maguana. El funcionario [&hellip;]<\/p>\n","protected":false},"author":3,"featured_media":0,"comment_status":"open","ping_status":"open","sticky":false,"template":"","format":"standard","meta":{"footnotes":""},"categories":[18],"tags":[],"class_list":["post-98464","post","type-post","status-publish","format-standard","hentry","category-economia"],"_links":{"self":[{"href":"https:\/\/diariodominicano.com\/index.php?rest_route=\/wp\/v2\/posts\/98464","targetHints":{"allow":["GET"]}}],"collection":[{"href":"https:\/\/diariodominicano.com\/index.php?rest_route=\/wp\/v2\/posts"}],"about":[{"href":"https:\/\/diariodominicano.com\/index.php?rest_route=\/wp\/v2\/types\/post"}],"author":[{"embeddable":true,"href":"https:\/\/diariodominicano.com\/index.php?rest_route=\/wp\/v2\/users\/3"}],"replies":[{"embeddable":true,"href":"https:\/\/diariodominicano.com\/index.php?rest_route=%2Fwp%2Fv2%2Fcomments&post=98464"}],"version-history":[{"count":0,"href":"https:\/\/diariodominicano.com\/index.php?rest_route=\/wp\/v2\/posts\/98464\/revisions"}],"wp:attachment":[{"href":"https:\/\/diariodominicano.com\/index.php?rest_route=%2Fwp%2Fv2%2Fmedia&parent=98464"}],"wp:term":[{"taxonomy":"category","embeddable":true,"href":"https:\/\/diariodominicano.com\/index.php?rest_route=%2Fwp%2Fv2%2Fcategories&post=98464"},{"taxonomy":"post_tag","embeddable":true,"href":"https:\/\/diariodominicano.com\/index.php?rest_route=%2Fwp%2Fv2%2Ftags&post=98464"}],"curies":[{"name":"wp","href":"https:\/\/api.w.org\/{rel}","templated":true}]}}